{"id":1586,"date":"2022-03-20T14:48:21","date_gmt":"2022-03-20T13:48:21","guid":{"rendered":"https:\/\/ferbos-jeanfrancois.legtux.org\/?p=1586"},"modified":"2022-03-21T21:30:19","modified_gmt":"2022-03-21T20:30:19","slug":"leternel-retour-2012","status":"publish","type":"post","link":"https:\/\/ferbos-jeanfrancois.legtux.org\/?p=1586","title":{"rendered":"L&rsquo;\u00e9ternel retour &#8211; 2012"},"content":{"rendered":"\n<p class=\"wp-block-paragraph\">Vid\u00e9o sur le th\u00e8me de \u00ab\u00a0L&rsquo;\u00e9ternel retour\u00a0\u00bb, dans le cadre du \u00ab\u00a0Kollok international\u00a0\u00bb organis\u00e9 une fois par mois, par le Directeur du d\u00e9partement de musicologie de l&rsquo;universit\u00e9 bordelaise, Pascal Pistone<\/p>\n\n\n\n<figure class=\"wp-block-embed is-type-video is-provider-youtube wp-block-embed-youtube wp-embed-aspect-4-3 wp-has-aspect-ratio\"><div class=\"wp-block-embed__wrapper\">\nhttps:\/\/youtu.be\/8TO-XnK2apU\n<\/div><figcaption>L&rsquo;\u00e9ternel retour YTB<\/figcaption><\/figure>\n\n\n\n<figure class=\"wp-block-embed is-type-video is-provider-dailymotion wp-block-embed-dailymotion wp-embed-aspect-4-3 wp-has-aspect-ratio\"><div class=\"wp-block-embed__wrapper\">\n<iframe loading=\"lazy\" title=\"L&#039;\u00e9ternel retour\" frameborder=\"0\" width=\"640\" height=\"480\" src=\"https:\/\/geo.dailymotion.com\/player.html?video=xm2awb&#038;\" allowfullscreen allow=\"autoplay; fullscreen; picture-in-picture; web-share\"><\/iframe>\n<\/div><figcaption>L&rsquo;\u00e9ternel retour<\/figcaption><\/figure>\n","protected":false},"excerpt":{"rendered":"<p>Vid\u00e9o sur le th\u00e8me de \u00ab\u00a0L&rsquo;\u00e9ternel retour\u00a0\u00bb, dans le cadre du \u00ab\u00a0Kollok international\u00a0\u00bb organis\u00e9 une fois par mois, par le Directeur du<\/p>\n<p class=\"link-more\"><a class=\"myButt \" href=\"https:\/\/ferbos-jeanfrancois.legtux.org\/?p=1586\">Read More<\/a><\/p>\n","protected":false},"author":1,"featured_media":1587,"comment_status":"closed","ping_status":"closed","sticky":false,"template":"","format":"standard","meta":{"_crdt_document":"","jetpack_post_was_ever_published":false,"_jetpack_newsletter_access":"","_jetpack_dont_email_post_to_subs":false,"_jetpack_newsletter_tier_id":0,"_jetpack_memberships_contains_paywalled_content":false,"_jetpack_memberships_contains_paid_content":false,"footnotes":"","jetpack_publicize_message":"","jetpack_publicize_feature_enabled":true,"jetpack_social_post_already_shared":false,"jetpack_social_options":{"image_generator_settings":{"template":"highway","default_image_id":0,"font":"","enabled":false},"version":2}},"categories":[28,17,51],"tags":[],"class_list":["post-1586","post","type-post","status-publish","format-standard","has-post-thumbnail","hentry","category-creations","category-des-artistes","category-videos"],"jetpack_publicize_connections":[],"jetpack_featured_media_url":"https:\/\/i0.wp.com\/ferbos-jeanfrancois.legtux.org\/wp-content\/uploads\/2022\/03\/eternel-retour.jpg?fit=1440%2C1080&ssl=1","jetpack-related-posts":[{"id":2210,"url":"https:\/\/ferbos-jeanfrancois.legtux.org\/?p=2210","url_meta":{"origin":1586,"position":0},"title":"Autour de la pens\u00e9e de Felix Guattari","author":"Cravan","date":"16 mars 2023","format":false,"excerpt":"Andamiajes lacanianos n\u00f3mades Prochaine date 29 Juin 2023 - Paris Intervenants\u00a0:Valentin SchaepelynckEduardo BernasconiMahoro Murasawa DATES 29 juin 2023 D\u00c9TAILS \u00c9cole lacanienne de psychanalyse \u00c9chafaudages lacaniens nomades Rencontre \u00e0 Paris Autour de la pens\u00e9e de Felix Guattari \u00ab Retour au singulier. \u00c0 chacun sa folie \u00bb. Revue Chim\u00e8res. Intervenants\u00a0: Valentin Schaepelynck\u2026","rel":"","context":"Dans &quot;Activit\u00e9s&quot;","block_context":{"text":"Activit\u00e9s","link":"https:\/\/ferbos-jeanfrancois.legtux.org\/?cat=39"},"img":{"alt_text":"","src":"https:\/\/i0.wp.com\/ferbos-jeanfrancois.legtux.org\/wp-content\/uploads\/2023\/03\/Chimera-1.jpg?fit=1200%2C849&ssl=1&resize=350%2C200","width":350,"height":200,"srcset":"https:\/\/i0.wp.com\/ferbos-jeanfrancois.legtux.org\/wp-content\/uploads\/2023\/03\/Chimera-1.jpg?fit=1200%2C849&ssl=1&resize=350%2C200 1x, https:\/\/i0.wp.com\/ferbos-jeanfrancois.legtux.org\/wp-content\/uploads\/2023\/03\/Chimera-1.jpg?fit=1200%2C849&ssl=1&resize=525%2C300 1.5x, https:\/\/i0.wp.com\/ferbos-jeanfrancois.legtux.org\/wp-content\/uploads\/2023\/03\/Chimera-1.jpg?fit=1200%2C849&ssl=1&resize=700%2C400 2x, https:\/\/i0.wp.com\/ferbos-jeanfrancois.legtux.org\/wp-content\/uploads\/2023\/03\/Chimera-1.jpg?fit=1200%2C849&ssl=1&resize=1050%2C600 3x"},"classes":[]},{"id":3048,"url":"https:\/\/ferbos-jeanfrancois.legtux.org\/?p=3048","url_meta":{"origin":1586,"position":1},"title":"Th\u00e9orie et pratique de la psychoth\u00e9rapie institutionnelle","author":"Cravan","date":"28 juin 2025","format":false,"excerpt":"Fran\u00e7ois TOSQUELLES Se procurer l'ouvrage Ce livre in\u00e9dit sur la psychoth\u00e9rapie institutionnelle \u00e9tait annonc\u00e9 par Fran\u00e7ois Tosquelles. Voil\u00e0 donc, enfin, ce livre sur la psychoth\u00e9rapie institutionnelle annonc\u00e9 par Fran\u00e7ois Tosquelles, et d\u2019autres, depuis longtemps et \u00e0 plusieurs reprises. Il ne s\u2019agit pas d\u2019une sorte de \u00ab trait\u00e9 \u00bb, marqu\u00e9 par\u2026","rel":"","context":"Dans &quot;Des livres - des \u00e9crits&quot;","block_context":{"text":"Des livres - des \u00e9crits","link":"https:\/\/ferbos-jeanfrancois.legtux.org\/?cat=49"},"img":{"alt_text":"","src":"https:\/\/i0.wp.com\/ferbos-jeanfrancois.legtux.org\/wp-content\/uploads\/2025\/06\/T-P-P-INSTITUTIONNELLE2-1.jpg?resize=350%2C200&ssl=1","width":350,"height":200,"srcset":"https:\/\/i0.wp.com\/ferbos-jeanfrancois.legtux.org\/wp-content\/uploads\/2025\/06\/T-P-P-INSTITUTIONNELLE2-1.jpg?resize=350%2C200&ssl=1 1x, https:\/\/i0.wp.com\/ferbos-jeanfrancois.legtux.org\/wp-content\/uploads\/2025\/06\/T-P-P-INSTITUTIONNELLE2-1.jpg?resize=525%2C300&ssl=1 1.5x, https:\/\/i0.wp.com\/ferbos-jeanfrancois.legtux.org\/wp-content\/uploads\/2025\/06\/T-P-P-INSTITUTIONNELLE2-1.jpg?resize=700%2C400&ssl=1 2x, https:\/\/i0.wp.com\/ferbos-jeanfrancois.legtux.org\/wp-content\/uploads\/2025\/06\/T-P-P-INSTITUTIONNELLE2-1.jpg?resize=1050%2C600&ssl=1 3x"},"classes":[]},{"id":1009,"url":"https:\/\/ferbos-jeanfrancois.legtux.org\/?p=1009","url_meta":{"origin":1586,"position":2},"title":"Jean Sabrier : hommages","author":"Cravan","date":"5 f\u00e9vrier 2022","format":false,"excerpt":"Alice Cavender https:\/\/youtu.be\/_Uki2J4htgk Marc Saboya https:\/\/youtu.be\/SM26C3Qd0PI Mathias Pontevia https:\/\/youtu.be\/5jtm3xgXPVk Didier Mathieu https:\/\/youtu.be\/djRtFNup3Gw Yannick Miloux https:\/\/youtu.be\/I9OiME4GwCE Didier Vergnaud https:\/\/youtu.be\/SqoD81jJzqA Didier Arnaudet https:\/\/youtu.be\/GUABILgoC5I Il faut placer le curseur sur 14 minutes pour le d\u00e9but de la vid\u00e9o!","rel":"","context":"Dans &quot;Des artistes&quot;","block_context":{"text":"Des artistes","link":"https:\/\/ferbos-jeanfrancois.legtux.org\/?cat=17"},"img":{"alt_text":"","src":"https:\/\/i0.wp.com\/ferbos-jeanfrancois.legtux.org\/wp-content\/uploads\/2022\/02\/jean4.jpg?resize=350%2C200&ssl=1","width":350,"height":200,"srcset":"https:\/\/i0.wp.com\/ferbos-jeanfrancois.legtux.org\/wp-content\/uploads\/2022\/02\/jean4.jpg?resize=350%2C200&ssl=1 1x, https:\/\/i0.wp.com\/ferbos-jeanfrancois.legtux.org\/wp-content\/uploads\/2022\/02\/jean4.jpg?resize=525%2C300&ssl=1 1.5x, https:\/\/i0.wp.com\/ferbos-jeanfrancois.legtux.org\/wp-content\/uploads\/2022\/02\/jean4.jpg?resize=700%2C400&ssl=1 2x"},"classes":[]},{"id":1957,"url":"https:\/\/ferbos-jeanfrancois.legtux.org\/?p=1957","url_meta":{"origin":1586,"position":3},"title":"Gilles Deleuze &#8211; Sur la peinture","author":"Cravan","date":"8 octobre 2022","format":false,"excerpt":"Gilles Deleuze S\u00e9ance 1 - Cours du 31 mars 1981 https:\/\/youtu.be\/wHP0Tsf3B98 S\u00e9ance 2 - Cours du 7 avril 1981 https:\/\/youtu.be\/jliiR3JNYn4 S\u00e9ance 3 - Cours du 28 avril 1981 https:\/\/youtu.be\/1Jviu7bYCms S\u00e9ance 4 - Cours du 5 mai 1981 https:\/\/youtu.be\/0uRo48_2sG4 S\u00e9ance 5 - Cours du 12 mai 1981 https:\/\/youtu.be\/6kzjW6HA7zA S\u00e9ance 6 -\u2026","rel":"","context":"Dans &quot;\u00c0 penser&quot;","block_context":{"text":"\u00c0 penser","link":"https:\/\/ferbos-jeanfrancois.legtux.org\/?cat=30"},"img":{"alt_text":"","src":"https:\/\/i0.wp.com\/ferbos-jeanfrancois.legtux.org\/wp-content\/uploads\/2022\/10\/DELEUZE-LA-PEINTURE.jpg?resize=350%2C200&ssl=1","width":350,"height":200,"srcset":"https:\/\/i0.wp.com\/ferbos-jeanfrancois.legtux.org\/wp-content\/uploads\/2022\/10\/DELEUZE-LA-PEINTURE.jpg?resize=350%2C200&ssl=1 1x, https:\/\/i0.wp.com\/ferbos-jeanfrancois.legtux.org\/wp-content\/uploads\/2022\/10\/DELEUZE-LA-PEINTURE.jpg?resize=525%2C300&ssl=1 1.5x, https:\/\/i0.wp.com\/ferbos-jeanfrancois.legtux.org\/wp-content\/uploads\/2022\/10\/DELEUZE-LA-PEINTURE.jpg?resize=700%2C400&ssl=1 2x"},"classes":[]},{"id":930,"url":"https:\/\/ferbos-jeanfrancois.legtux.org\/?p=930","url_meta":{"origin":1586,"position":4},"title":"Conf\u00e9rence de Jos\u00e9 Attal \u00e0  Buenos Aires, le samedi 3 novembre 2012 &#8211; Vid\u00e9os","author":"Cravan","date":"3 f\u00e9vrier 2022","format":false,"excerpt":"https:\/\/youtu.be\/2XalSj52l6M Partie 1 https:\/\/youtu.be\/ds9cj4k8NY4 Partie 2 https:\/\/youtu.be\/tMAIr5ChpmY Partie 3 https:\/\/youtu.be\/VsqD77YIoHw Partie 4 https:\/\/youtu.be\/6YWbpWque1o Partie 5","rel":"","context":"Dans &quot;Activit\u00e9s&quot;","block_context":{"text":"Activit\u00e9s","link":"https:\/\/ferbos-jeanfrancois.legtux.org\/?cat=39"},"img":{"alt_text":"","src":"https:\/\/i0.wp.com\/ferbos-jeanfrancois.legtux.org\/wp-content\/uploads\/2022\/02\/lacan-logo-stenos.jpg?fit=425%2C320&ssl=1&resize=350%2C200","width":350,"height":200},"classes":[]},{"id":1692,"url":"https:\/\/ferbos-jeanfrancois.legtux.org\/?p=1692","url_meta":{"origin":1586,"position":5},"title":"Gilles Chambon et la peinture synchronistique","author":"Cravan","date":"6 avril 2022","format":false,"excerpt":"\"Toutes les strates historiques de la peinture r\u00e9sonnent dans mon imaginaire. Ce qui caract\u00e9rise ma modernit\u00e9 est l\u2019ouverture temporelle, et non la focalisation sur le pr\u00e9sent\" Pr\u00e9sentation & Biographie Gilles Chambon est peintre et architecte en Gironde. il a enseign\u00e9 pendant 25 ans \u00e0 l\u2019Ecole d\u2019Architecture de Bordeaux, et a\u2026","rel":"","context":"Dans &quot;Cr\u00e9ations&quot;","block_context":{"text":"Cr\u00e9ations","link":"https:\/\/ferbos-jeanfrancois.legtux.org\/?cat=28"},"img":{"alt_text":"","src":"https:\/\/i0.wp.com\/ferbos-jeanfrancois.legtux.org\/wp-content\/uploads\/2022\/04\/gilles-chambon-21450365.jpg?fit=900%2C1124&ssl=1&resize=350%2C200","width":350,"height":200,"srcset":"https:\/\/i0.wp.com\/ferbos-jeanfrancois.legtux.org\/wp-content\/uploads\/2022\/04\/gilles-chambon-21450365.jpg?fit=900%2C1124&ssl=1&resize=350%2C200 1x, https:\/\/i0.wp.com\/ferbos-jeanfrancois.legtux.org\/wp-content\/uploads\/2022\/04\/gilles-chambon-21450365.jpg?fit=900%2C1124&ssl=1&resize=525%2C300 1.5x, https:\/\/i0.wp.com\/ferbos-jeanfrancois.legtux.org\/wp-content\/uploads\/2022\/04\/gilles-chambon-21450365.jpg?fit=900%2C1124&ssl=1&resize=700%2C400 2x"},"classes":[]}],"jetpack_likes_enabled":true,"jetpack_sharing_enabled":true,"_links":{"self":[{"href":"https:\/\/ferbos-jeanfrancois.legtux.org\/index.php?rest_route=\/wp\/v2\/posts\/1586","targetHints":{"allow":["GET"]}}],"collection":[{"href":"https:\/\/ferbos-jeanfrancois.legtux.org\/index.php?rest_route=\/wp\/v2\/posts"}],"about":[{"href":"https:\/\/ferbos-jeanfrancois.legtux.org\/index.php?rest_route=\/wp\/v2\/types\/post"}],"author":[{"embeddable":true,"href":"https:\/\/ferbos-jeanfrancois.legtux.org\/index.php?rest_route=\/wp\/v2\/users\/1"}],"replies":[{"embeddable":true,"href":"https:\/\/ferbos-jeanfrancois.legtux.org\/index.php?rest_route=%2Fwp%2Fv2%2Fcomments&post=1586"}],"version-history":[{"count":2,"href":"https:\/\/ferbos-jeanfrancois.legtux.org\/index.php?rest_route=\/wp\/v2\/posts\/1586\/revisions"}],"predecessor-version":[{"id":1638,"href":"https:\/\/ferbos-jeanfrancois.legtux.org\/index.php?rest_route=\/wp\/v2\/posts\/1586\/revisions\/1638"}],"wp:featuredmedia":[{"embeddable":true,"href":"https:\/\/ferbos-jeanfrancois.legtux.org\/index.php?rest_route=\/wp\/v2\/media\/1587"}],"wp:attachment":[{"href":"https:\/\/ferbos-jeanfrancois.legtux.org\/index.php?rest_route=%2Fwp%2Fv2%2Fmedia&parent=1586"}],"wp:term":[{"taxonomy":"category","embeddable":true,"href":"https:\/\/ferbos-jeanfrancois.legtux.org\/index.php?rest_route=%2Fwp%2Fv2%2Fcategories&post=1586"},{"taxonomy":"post_tag","embeddable":true,"href":"https:\/\/ferbos-jeanfrancois.legtux.org\/index.php?rest_route=%2Fwp%2Fv2%2Ftags&post=1586"}],"curies":[{"name":"wp","href":"https:\/\/api.w.org\/{rel}","templated":true}]}}