{"id":1593,"date":"2022-03-20T14:58:51","date_gmt":"2022-03-20T13:58:51","guid":{"rendered":"https:\/\/ferbos-jeanfrancois.legtux.org\/?p=1593"},"modified":"2022-03-20T14:59:40","modified_gmt":"2022-03-20T13:59:40","slug":"a-la-folie-fol-i","status":"publish","type":"post","link":"https:\/\/ferbos-jeanfrancois.legtux.org\/?p=1593","title":{"rendered":"\u00c0 la folie : FOL-I  2011"},"content":{"rendered":"\n<p class=\"wp-block-paragraph\">2011 &#8211; Vid\u00e9o pr\u00e9sent\u00e9e dans le cadre du \u00ab\u00a0Kollok internartional\u00a0\u00bb, avec les \u00e9tudiants de l&rsquo;universit\u00e9 de musicologie de Bordeaux. <\/p>\n\n\n\n<figure class=\"wp-block-embed is-type-video is-provider-dailymotion wp-block-embed-dailymotion\"><div class=\"wp-block-embed__wrapper\">\n<iframe loading=\"lazy\" title=\"FOL-I\" frameborder=\"0\" width=\"640\" height=\"512\" src=\"https:\/\/geo.dailymotion.com\/player.html?video=xj3ihw&#038;\" allowfullscreen allow=\"autoplay; fullscreen; picture-in-picture; web-share\"><\/iframe>\n<\/div><\/figure>\n","protected":false},"excerpt":{"rendered":"<p>2011 &#8211; Vid\u00e9o pr\u00e9sent\u00e9e dans le cadre du \u00ab\u00a0Kollok internartional\u00a0\u00bb, avec les \u00e9tudiants de l&rsquo;universit\u00e9 de musicologie de Bordeaux.<\/p>\n","protected":false},"author":1,"featured_media":1594,"comment_status":"closed","ping_status":"closed","sticky":false,"template":"","format":"standard","meta":{"_crdt_document":"","jetpack_post_was_ever_published":false,"_jetpack_newsletter_access":"","_jetpack_dont_email_post_to_subs":false,"_jetpack_newsletter_tier_id":0,"_jetpack_memberships_contains_paywalled_content":false,"_jetpack_memberships_contains_paid_content":false,"footnotes":"","jetpack_publicize_message":"","jetpack_publicize_feature_enabled":true,"jetpack_social_post_already_shared":false,"jetpack_social_options":{"image_generator_settings":{"template":"highway","default_image_id":0,"font":"","enabled":false},"version":2}},"categories":[28,51],"tags":[],"class_list":["post-1593","post","type-post","status-publish","format-standard","has-post-thumbnail","hentry","category-creations","category-videos"],"jetpack_publicize_connections":[],"jetpack_featured_media_url":"https:\/\/i0.wp.com\/ferbos-jeanfrancois.legtux.org\/wp-content\/uploads\/2022\/03\/GOYA-PREAU-DES-FOUS.jpg?fit=1498%2C2045&ssl=1","jetpack-related-posts":[{"id":1331,"url":"https:\/\/ferbos-jeanfrancois.legtux.org\/?p=1331","url_meta":{"origin":1593,"position":0},"title":"Le pouvoir psychiatrique 1973\/1974","author":"Cravan","date":"11 f\u00e9vrier 2022","format":false,"excerpt":"Michel Foucault cours au coll\u00e8ge de France L'Histoire de la folie \u00e0 l'\u00e2ge classique faisait l'arch\u00e9ologie du partage selon lequel, dans nos soci\u00e9t\u00e9s, le fou se trouve s\u00e9par\u00e9 du non-fou. Le r\u00e9cit s'ach\u00e8ve sur la m\u00e9dicalisation de la folie au d\u00e9but du XIXe si\u00e8cle. Le cours que Michel Foucault consacre\u2026","rel":"","context":"Dans &quot;Michel Foucault&quot;","block_context":{"text":"Michel Foucault","link":"https:\/\/ferbos-jeanfrancois.legtux.org\/?cat=19"},"img":{"alt_text":"","src":"https:\/\/i0.wp.com\/ferbos-jeanfrancois.legtux.org\/wp-content\/uploads\/2022\/02\/Foucault1.jpg?fit=470%2C540&ssl=1&resize=350%2C200","width":350,"height":200},"classes":[]},{"id":1599,"url":"https:\/\/ferbos-jeanfrancois.legtux.org\/?p=1599","url_meta":{"origin":1593,"position":1},"title":"Deux canons pour piano \u00e0 quatre mains &#8211; 2011","author":"Cravan","date":"20 mars 2022","format":false,"excerpt":"Dans le cadre du \"Kollok international\" organis\u00e9 par Pascal Pistone, ma\u00eetre de conf\u00e9rence \u00e0 l'universit\u00e9 de Musicologie \u00e0 Bordeaux, Nicolas Bonichot et Emmanuel P\u00e9laprat ont jou\u00e9 une composition pour piano de Nicolas Bonichot. https:\/\/www.dailymotion.com\/video\/xjdj3h","rel":"","context":"Dans &quot;Cr\u00e9ations&quot;","block_context":{"text":"Cr\u00e9ations","link":"https:\/\/ferbos-jeanfrancois.legtux.org\/?cat=28"},"img":{"alt_text":"","src":"https:\/\/i0.wp.com\/ferbos-jeanfrancois.legtux.org\/wp-content\/uploads\/2022\/03\/BONICHOT-KOLLOK.jpg?fit=480%2C360&ssl=1&resize=350%2C200","width":350,"height":200},"classes":[]},{"id":2715,"url":"https:\/\/ferbos-jeanfrancois.legtux.org\/?p=2715","url_meta":{"origin":1593,"position":2},"title":"Jean Sabrier raconte : parole d&rsquo;un artiste bordelais","author":"Cravan","date":"23 f\u00e9vrier 2024","format":false,"excerpt":"Mus\u00e9e Jean Cocteau, Du 6 novembre 2011 au 7 mai 2012 R\u00e9alisation Sacha B\u00e9raud \"Papier creux, intervalle inframince sans qu'il y ait pour cela deux feuilles\" M. Duchamp","rel":"","context":"Dans &quot;Cr\u00e9ations&quot;","block_context":{"text":"Cr\u00e9ations","link":"https:\/\/ferbos-jeanfrancois.legtux.org\/?cat=28"},"img":{"alt_text":"","src":"https:\/\/i0.wp.com\/ferbos-jeanfrancois.legtux.org\/wp-content\/uploads\/2022\/02\/jeansabrier_09-expococteau.jpg?fit=452%2C600&ssl=1&resize=350%2C200","width":350,"height":200},"classes":[]},{"id":2337,"url":"https:\/\/ferbos-jeanfrancois.legtux.org\/?p=2337","url_meta":{"origin":1593,"position":3},"title":"Marguerite, ou l\u2019Aim\u00e9e de Lacan &#8211; Jean Allouch","author":"Cravan","date":"10 mai 2023","format":false,"excerpt":"3\u00e8me \u00e9dition Un ouvrage de Jean Allouch 38\u20ac Pour commander l'ouvrage, \"clic ici\" Toi qui lis ces lignes, tu ne sais pas encore quel objet tu auras en main.Une monographie clinique, certes, reprenant \u00e0 nouveaux frais ce qui fut pr\u00e9sent\u00e9 par Jacques Lacan au titre de sa th\u00e8se de psychiatrie,\u2026","rel":"","context":"Dans &quot;Des livres - des \u00e9crits&quot;","block_context":{"text":"Des livres - des \u00e9crits","link":"https:\/\/ferbos-jeanfrancois.legtux.org\/?cat=49"},"img":{"alt_text":"","src":"https:\/\/i0.wp.com\/ferbos-jeanfrancois.legtux.org\/wp-content\/uploads\/2023\/05\/MARG-Couv.png?fit=400%2C400&ssl=1&resize=350%2C200","width":350,"height":200},"classes":[]},{"id":2210,"url":"https:\/\/ferbos-jeanfrancois.legtux.org\/?p=2210","url_meta":{"origin":1593,"position":4},"title":"Autour de la pens\u00e9e de Felix Guattari","author":"Cravan","date":"16 mars 2023","format":false,"excerpt":"Andamiajes lacanianos n\u00f3mades Prochaine date 29 Juin 2023 - Paris Intervenants\u00a0:Valentin SchaepelynckEduardo BernasconiMahoro Murasawa DATES 29 juin 2023 D\u00c9TAILS \u00c9cole lacanienne de psychanalyse \u00c9chafaudages lacaniens nomades Rencontre \u00e0 Paris Autour de la pens\u00e9e de Felix Guattari \u00ab Retour au singulier. \u00c0 chacun sa folie \u00bb. Revue Chim\u00e8res. Intervenants\u00a0: Valentin Schaepelynck\u2026","rel":"","context":"Dans &quot;Activit\u00e9s&quot;","block_context":{"text":"Activit\u00e9s","link":"https:\/\/ferbos-jeanfrancois.legtux.org\/?cat=39"},"img":{"alt_text":"","src":"https:\/\/i0.wp.com\/ferbos-jeanfrancois.legtux.org\/wp-content\/uploads\/2023\/03\/Chimera-1.jpg?fit=1200%2C849&ssl=1&resize=350%2C200","width":350,"height":200,"srcset":"https:\/\/i0.wp.com\/ferbos-jeanfrancois.legtux.org\/wp-content\/uploads\/2023\/03\/Chimera-1.jpg?fit=1200%2C849&ssl=1&resize=350%2C200 1x, https:\/\/i0.wp.com\/ferbos-jeanfrancois.legtux.org\/wp-content\/uploads\/2023\/03\/Chimera-1.jpg?fit=1200%2C849&ssl=1&resize=525%2C300 1.5x, https:\/\/i0.wp.com\/ferbos-jeanfrancois.legtux.org\/wp-content\/uploads\/2023\/03\/Chimera-1.jpg?fit=1200%2C849&ssl=1&resize=700%2C400 2x, https:\/\/i0.wp.com\/ferbos-jeanfrancois.legtux.org\/wp-content\/uploads\/2023\/03\/Chimera-1.jpg?fit=1200%2C849&ssl=1&resize=1050%2C600 3x"},"classes":[]},{"id":996,"url":"https:\/\/ferbos-jeanfrancois.legtux.org\/?p=996","url_meta":{"origin":1593,"position":5},"title":"Jean Sabrier  : exposition au mus\u00e9e Jean Cocteau","author":"Cravan","date":"5 f\u00e9vrier 2022","format":false,"excerpt":"Du 6 novembre 2011 au 7 mai 2012 Mazzocchio sublime L\u2019exposition inaugurale du mus\u00e9e Jean Cocteau collection S\u00e9verin Wunderman est consacr\u00e9e \u00e0 Jean Sabrier, artiste fran\u00e7ais n\u00e9 en 1951 et vivant \u00e0 Bordeaux. Elle pr\u00e9sente pr\u00e8s de soixante peintures, dessins, photographies, objets et animations vid\u00e9o r\u00e9alis\u00e9s par l\u2019artiste entre 1975\u2026","rel":"","context":"Dans &quot;Des artistes&quot;","block_context":{"text":"Des artistes","link":"https:\/\/ferbos-jeanfrancois.legtux.org\/?cat=17"},"img":{"alt_text":"","src":"https:\/\/i0.wp.com\/ferbos-jeanfrancois.legtux.org\/wp-content\/uploads\/2022\/02\/baniere.jpg?fit=1013%2C1200&ssl=1&resize=350%2C200","width":350,"height":200,"srcset":"https:\/\/i0.wp.com\/ferbos-jeanfrancois.legtux.org\/wp-content\/uploads\/2022\/02\/baniere.jpg?fit=1013%2C1200&ssl=1&resize=350%2C200 1x, https:\/\/i0.wp.com\/ferbos-jeanfrancois.legtux.org\/wp-content\/uploads\/2022\/02\/baniere.jpg?fit=1013%2C1200&ssl=1&resize=525%2C300 1.5x, https:\/\/i0.wp.com\/ferbos-jeanfrancois.legtux.org\/wp-content\/uploads\/2022\/02\/baniere.jpg?fit=1013%2C1200&ssl=1&resize=700%2C400 2x"},"classes":[]}],"jetpack_likes_enabled":true,"jetpack_sharing_enabled":true,"_links":{"self":[{"href":"https:\/\/ferbos-jeanfrancois.legtux.org\/index.php?rest_route=\/wp\/v2\/posts\/1593","targetHints":{"allow":["GET"]}}],"collection":[{"href":"https:\/\/ferbos-jeanfrancois.legtux.org\/index.php?rest_route=\/wp\/v2\/posts"}],"about":[{"href":"https:\/\/ferbos-jeanfrancois.legtux.org\/index.php?rest_route=\/wp\/v2\/types\/post"}],"author":[{"embeddable":true,"href":"https:\/\/ferbos-jeanfrancois.legtux.org\/index.php?rest_route=\/wp\/v2\/users\/1"}],"replies":[{"embeddable":true,"href":"https:\/\/ferbos-jeanfrancois.legtux.org\/index.php?rest_route=%2Fwp%2Fv2%2Fcomments&post=1593"}],"version-history":[{"count":4,"href":"https:\/\/ferbos-jeanfrancois.legtux.org\/index.php?rest_route=\/wp\/v2\/posts\/1593\/revisions"}],"predecessor-version":[{"id":1639,"href":"https:\/\/ferbos-jeanfrancois.legtux.org\/index.php?rest_route=\/wp\/v2\/posts\/1593\/revisions\/1639"}],"wp:featuredmedia":[{"embeddable":true,"href":"https:\/\/ferbos-jeanfrancois.legtux.org\/index.php?rest_route=\/wp\/v2\/media\/1594"}],"wp:attachment":[{"href":"https:\/\/ferbos-jeanfrancois.legtux.org\/index.php?rest_route=%2Fwp%2Fv2%2Fmedia&parent=1593"}],"wp:term":[{"taxonomy":"category","embeddable":true,"href":"https:\/\/ferbos-jeanfrancois.legtux.org\/index.php?rest_route=%2Fwp%2Fv2%2Fcategories&post=1593"},{"taxonomy":"post_tag","embeddable":true,"href":"https:\/\/ferbos-jeanfrancois.legtux.org\/index.php?rest_route=%2Fwp%2Fv2%2Ftags&post=1593"}],"curies":[{"name":"wp","href":"https:\/\/api.w.org\/{rel}","templated":true}]}}