{"id":1602,"date":"2022-03-20T15:08:19","date_gmt":"2022-03-20T14:08:19","guid":{"rendered":"https:\/\/ferbos-jeanfrancois.legtux.org\/?p=1602"},"modified":"2024-02-22T10:55:02","modified_gmt":"2024-02-22T09:55:02","slug":"disputatio-video-sonore-poesie-et-art-contemporain-2012","status":"publish","type":"post","link":"https:\/\/ferbos-jeanfrancois.legtux.org\/?p=1602","title":{"rendered":"Disputatio Vid\u00e9o-sonore &#8211; Po\u00e9sie et art contemporain &#8211; 2012"},"content":{"rendered":"\n<p class=\"has-drop-cap wp-block-paragraph\">Samedi 10 mars, \u00e0 Bordeaux dans la halle des Chartrons, lors d&rsquo;une soir\u00e9e \u00ab\u00a0po\u00e9sie et art contemporain\u00a0\u00bb, improvisant sur leurs instruments, <strong>Mathias Pontevia,<\/strong> \u00e0 la batterie horizontale, et <strong>Yann Saboya<\/strong> aux guitares \u00e9lectriques,sont entr\u00e9s en discussion avec une animation de l&rsquo;artiste bordelais <strong>Jean Sabrier<\/strong>.<\/p>\n\n\n\n<div style=\"height:100px\" aria-hidden=\"true\" class=\"wp-block-spacer\"><\/div>\n\n\n\n<figure class=\"wp-block-embed is-type-video is-provider-youtube wp-block-embed-youtube wp-embed-aspect-16-9 wp-has-aspect-ratio\"><div class=\"wp-block-embed__wrapper\">\n<iframe loading=\"lazy\" title=\"Disputatio video sonore - Poe\u0301sie et art contemporain - 2012\" width=\"640\" height=\"360\" src=\"https:\/\/www.youtube.com\/embed\/c7PiHZ_KjaU?feature=oembed\" frameborder=\"0\" allow=\"accelerometer; autoplay; clipboard-write; encrypted-media; gyroscope; picture-in-picture; web-share\" referrerpolicy=\"strict-origin-when-cross-origin\" allowfullscreen><\/iframe>\n<\/div><figcaption class=\"wp-element-caption\">Version YTB<\/figcaption><\/figure>\n\n\n\n<div style=\"height:100px\" aria-hidden=\"true\" class=\"wp-block-spacer\"><\/div>\n\n\n\n<figure class=\"wp-block-embed is-type-video is-provider-dailymotion wp-block-embed-dailymotion wp-embed-aspect-16-9 wp-has-aspect-ratio\"><div class=\"wp-block-embed__wrapper\">\n<iframe loading=\"lazy\" title=\"Disputatio video-sonore : Po\u00e9sie et art contemporain\" frameborder=\"0\" width=\"640\" height=\"359\" src=\"https:\/\/geo.dailymotion.com\/player.html?video=xpdxqr&#038;\" allowfullscreen allow=\"autoplay; fullscreen; picture-in-picture; web-share\"><\/iframe>\n<\/div><\/figure>\n","protected":false},"excerpt":{"rendered":"<p>Samedi 10 mars, \u00e0 Bordeaux dans la halle des Chartrons, lors d&rsquo;une soir\u00e9e \u00ab\u00a0po\u00e9sie et art contemporain\u00a0\u00bb, improvisant sur leurs instruments, Mathias<\/p>\n<p class=\"link-more\"><a class=\"myButt \" href=\"https:\/\/ferbos-jeanfrancois.legtux.org\/?p=1602\">Read More<\/a><\/p>\n","protected":false},"author":1,"featured_media":1603,"comment_status":"closed","ping_status":"closed","sticky":false,"template":"","format":"standard","meta":{"_crdt_document":"","jetpack_post_was_ever_published":false,"_jetpack_newsletter_access":"","_jetpack_dont_email_post_to_subs":false,"_jetpack_newsletter_tier_id":0,"_jetpack_memberships_contains_paywalled_content":false,"_jetpack_memberships_contains_paid_content":false,"footnotes":"","jetpack_publicize_message":"","jetpack_publicize_feature_enabled":true,"jetpack_social_post_already_shared":false,"jetpack_social_options":{"image_generator_settings":{"template":"highway","default_image_id":0,"font":"","enabled":false},"version":2}},"categories":[28,17,48,51],"tags":[],"class_list":["post-1602","post","type-post","status-publish","format-standard","has-post-thumbnail","hentry","category-creations","category-des-artistes","category-jean-sabrier","category-videos"],"jetpack_publicize_connections":[],"jetpack_featured_media_url":"https:\/\/i0.wp.com\/ferbos-jeanfrancois.legtux.org\/wp-content\/uploads\/2022\/03\/poesie-art-chartrons-sabrier-pontevia-saboya.jpg?fit=960%2C720&ssl=1","jetpack-related-posts":[{"id":2236,"url":"https:\/\/ferbos-jeanfrancois.legtux.org\/?p=2236","url_meta":{"origin":1602,"position":0},"title":"Jean Sabrier, Ce qu\u2019on ne voit pas","author":"Cravan","date":"24 mars 2023","format":false,"excerpt":"Exposition Jean Sabrier au CAPC \u00e0 Bordeaux Commissaire de l'exposition : Alice Cavender Au CAPC \u00e0 Bordeaux. \u00c0 ne pas rater! Avec notamment, \"Le cristal liquide\", une belle approche de la sublimation par Jean Sabrier, tant dans sa dimension chimique que celle du processus pulsionnel en jeu dans un acte\u2026","rel":"","context":"Dans &quot;Cr\u00e9ations&quot;","block_context":{"text":"Cr\u00e9ations","link":"https:\/\/ferbos-jeanfrancois.legtux.org\/?cat=28"},"img":{"alt_text":"","src":"https:\/\/i0.wp.com\/ferbos-jeanfrancois.legtux.org\/wp-content\/uploads\/2023\/03\/51.jpg?fit=874%2C874&ssl=1&resize=350%2C200","width":350,"height":200,"srcset":"https:\/\/i0.wp.com\/ferbos-jeanfrancois.legtux.org\/wp-content\/uploads\/2023\/03\/51.jpg?fit=874%2C874&ssl=1&resize=350%2C200 1x, https:\/\/i0.wp.com\/ferbos-jeanfrancois.legtux.org\/wp-content\/uploads\/2023\/03\/51.jpg?fit=874%2C874&ssl=1&resize=525%2C300 1.5x, https:\/\/i0.wp.com\/ferbos-jeanfrancois.legtux.org\/wp-content\/uploads\/2023\/03\/51.jpg?fit=874%2C874&ssl=1&resize=700%2C400 2x"},"classes":[]},{"id":996,"url":"https:\/\/ferbos-jeanfrancois.legtux.org\/?p=996","url_meta":{"origin":1602,"position":1},"title":"Jean Sabrier  : exposition au mus\u00e9e Jean Cocteau","author":"Cravan","date":"5 f\u00e9vrier 2022","format":false,"excerpt":"Du 6 novembre 2011 au 7 mai 2012 Mazzocchio sublime L\u2019exposition inaugurale du mus\u00e9e Jean Cocteau collection S\u00e9verin Wunderman est consacr\u00e9e \u00e0 Jean Sabrier, artiste fran\u00e7ais n\u00e9 en 1951 et vivant \u00e0 Bordeaux. Elle pr\u00e9sente pr\u00e8s de soixante peintures, dessins, photographies, objets et animations vid\u00e9o r\u00e9alis\u00e9s par l\u2019artiste entre 1975\u2026","rel":"","context":"Dans &quot;Des artistes&quot;","block_context":{"text":"Des artistes","link":"https:\/\/ferbos-jeanfrancois.legtux.org\/?cat=17"},"img":{"alt_text":"","src":"https:\/\/i0.wp.com\/ferbos-jeanfrancois.legtux.org\/wp-content\/uploads\/2022\/02\/baniere.jpg?fit=1013%2C1200&ssl=1&resize=350%2C200","width":350,"height":200,"srcset":"https:\/\/i0.wp.com\/ferbos-jeanfrancois.legtux.org\/wp-content\/uploads\/2022\/02\/baniere.jpg?fit=1013%2C1200&ssl=1&resize=350%2C200 1x, https:\/\/i0.wp.com\/ferbos-jeanfrancois.legtux.org\/wp-content\/uploads\/2022\/02\/baniere.jpg?fit=1013%2C1200&ssl=1&resize=525%2C300 1.5x, https:\/\/i0.wp.com\/ferbos-jeanfrancois.legtux.org\/wp-content\/uploads\/2022\/02\/baniere.jpg?fit=1013%2C1200&ssl=1&resize=700%2C400 2x"},"classes":[]},{"id":975,"url":"https:\/\/ferbos-jeanfrancois.legtux.org\/?p=975","url_meta":{"origin":1602,"position":2},"title":"Jean Sabrier par Arturo Schwarz","author":"Cravan","date":"5 f\u00e9vrier 2022","format":false,"excerpt":"Jean Sabrier, un po\u00e8te des profondeurs Je le sais fort bien, \u00e0 chaque g\u00e9n\u00e9ration certains s\u2019exclament \u00ab\u00a0le monde n\u2019est plus ce qu\u2019il \u00e9tait.\u00a0\u00bb Sommes-nous s\u00fbrs que cette fois-ci nous r\u00e9citons une rengaine\u00a0? L\u2019industrie de la viande d\u00e9vore notre plan\u00e8te, la d\u00e9gradation des rapports humains, l\u2019expansion des fondamentalismes, les monopoles industriels\u2026","rel":"","context":"Dans &quot;Des artistes&quot;","block_context":{"text":"Des artistes","link":"https:\/\/ferbos-jeanfrancois.legtux.org\/?cat=17"},"img":{"alt_text":"","src":"https:\/\/i0.wp.com\/ferbos-jeanfrancois.legtux.org\/wp-content\/uploads\/2022\/02\/jean2-scaled.jpg?fit=1200%2C1133&ssl=1&resize=350%2C200","width":350,"height":200,"srcset":"https:\/\/i0.wp.com\/ferbos-jeanfrancois.legtux.org\/wp-content\/uploads\/2022\/02\/jean2-scaled.jpg?fit=1200%2C1133&ssl=1&resize=350%2C200 1x, https:\/\/i0.wp.com\/ferbos-jeanfrancois.legtux.org\/wp-content\/uploads\/2022\/02\/jean2-scaled.jpg?fit=1200%2C1133&ssl=1&resize=525%2C300 1.5x, https:\/\/i0.wp.com\/ferbos-jeanfrancois.legtux.org\/wp-content\/uploads\/2022\/02\/jean2-scaled.jpg?fit=1200%2C1133&ssl=1&resize=700%2C400 2x, https:\/\/i0.wp.com\/ferbos-jeanfrancois.legtux.org\/wp-content\/uploads\/2022\/02\/jean2-scaled.jpg?fit=1200%2C1133&ssl=1&resize=1050%2C600 3x"},"classes":[]},{"id":991,"url":"https:\/\/ferbos-jeanfrancois.legtux.org\/?p=991","url_meta":{"origin":1602,"position":3},"title":"Jean Sabrier par C\u00e9lia Bernasconi","author":"Cravan","date":"5 f\u00e9vrier 2022","format":false,"excerpt":"https:\/\/youtu.be\/H3sCbErIPvU","rel":"","context":"Dans &quot;Des artistes&quot;","block_context":{"text":"Des artistes","link":"https:\/\/ferbos-jeanfrancois.legtux.org\/?cat=17"},"img":{"alt_text":"","src":"https:\/\/i0.wp.com\/ferbos-jeanfrancois.legtux.org\/wp-content\/uploads\/2022\/02\/Jean-peint.jpg?fit=396%2C508&ssl=1&resize=350%2C200","width":350,"height":200},"classes":[]},{"id":2715,"url":"https:\/\/ferbos-jeanfrancois.legtux.org\/?p=2715","url_meta":{"origin":1602,"position":4},"title":"Jean Sabrier raconte : parole d&rsquo;un artiste bordelais","author":"Cravan","date":"23 f\u00e9vrier 2024","format":false,"excerpt":"Mus\u00e9e Jean Cocteau, Du 6 novembre 2011 au 7 mai 2012 R\u00e9alisation Sacha B\u00e9raud \"Papier creux, intervalle inframince sans qu'il y ait pour cela deux feuilles\" M. Duchamp","rel":"","context":"Dans &quot;Cr\u00e9ations&quot;","block_context":{"text":"Cr\u00e9ations","link":"https:\/\/ferbos-jeanfrancois.legtux.org\/?cat=28"},"img":{"alt_text":"","src":"https:\/\/i0.wp.com\/ferbos-jeanfrancois.legtux.org\/wp-content\/uploads\/2022\/02\/jeansabrier_09-expococteau.jpg?fit=452%2C600&ssl=1&resize=350%2C200","width":350,"height":200},"classes":[]},{"id":2178,"url":"https:\/\/ferbos-jeanfrancois.legtux.org\/?p=2178","url_meta":{"origin":1602,"position":5},"title":"Seuil n\u00b07 : L&rsquo;Alliance","author":"Cravan","date":"22 f\u00e9vrier 2023","format":false,"excerpt":"Huile sur toile - 80x100 cm Ann\u00e9e 2023 - \u00a9FerbosJF La beaut\u00e9 scintillante et lumineuse du pav\u00e9 des ponts et voies saille quand la goutte, tintinnabulante, y luit d\u00e9licatement. Cette huile sur toile repr\u00e9sente un couple ins\u00e9r\u00e9 \u00e0 l'int\u00e9rieur d'un Mazzocchio, coiffe de la renaissance repr\u00e9sent\u00e9e par Uccello (Bataille de\u2026","rel":"","context":"Dans &quot;Jean-Fran\u00e7ois Ferbos&quot;","block_context":{"text":"Jean-Fran\u00e7ois Ferbos","link":"https:\/\/ferbos-jeanfrancois.legtux.org\/?cat=27"},"img":{"alt_text":"","src":"https:\/\/i0.wp.com\/ferbos-jeanfrancois.legtux.org\/wp-content\/uploads\/2023\/02\/DETAIL-7-scaled.jpg?fit=1200%2C798&ssl=1&resize=350%2C200","width":350,"height":200,"srcset":"https:\/\/i0.wp.com\/ferbos-jeanfrancois.legtux.org\/wp-content\/uploads\/2023\/02\/DETAIL-7-scaled.jpg?fit=1200%2C798&ssl=1&resize=350%2C200 1x, https:\/\/i0.wp.com\/ferbos-jeanfrancois.legtux.org\/wp-content\/uploads\/2023\/02\/DETAIL-7-scaled.jpg?fit=1200%2C798&ssl=1&resize=525%2C300 1.5x, https:\/\/i0.wp.com\/ferbos-jeanfrancois.legtux.org\/wp-content\/uploads\/2023\/02\/DETAIL-7-scaled.jpg?fit=1200%2C798&ssl=1&resize=700%2C400 2x, https:\/\/i0.wp.com\/ferbos-jeanfrancois.legtux.org\/wp-content\/uploads\/2023\/02\/DETAIL-7-scaled.jpg?fit=1200%2C798&ssl=1&resize=1050%2C600 3x"},"classes":[]}],"jetpack_likes_enabled":true,"jetpack_sharing_enabled":true,"_links":{"self":[{"href":"https:\/\/ferbos-jeanfrancois.legtux.org\/index.php?rest_route=\/wp\/v2\/posts\/1602","targetHints":{"allow":["GET"]}}],"collection":[{"href":"https:\/\/ferbos-jeanfrancois.legtux.org\/index.php?rest_route=\/wp\/v2\/posts"}],"about":[{"href":"https:\/\/ferbos-jeanfrancois.legtux.org\/index.php?rest_route=\/wp\/v2\/types\/post"}],"author":[{"embeddable":true,"href":"https:\/\/ferbos-jeanfrancois.legtux.org\/index.php?rest_route=\/wp\/v2\/users\/1"}],"replies":[{"embeddable":true,"href":"https:\/\/ferbos-jeanfrancois.legtux.org\/index.php?rest_route=%2Fwp%2Fv2%2Fcomments&post=1602"}],"version-history":[{"count":3,"href":"https:\/\/ferbos-jeanfrancois.legtux.org\/index.php?rest_route=\/wp\/v2\/posts\/1602\/revisions"}],"predecessor-version":[{"id":2708,"href":"https:\/\/ferbos-jeanfrancois.legtux.org\/index.php?rest_route=\/wp\/v2\/posts\/1602\/revisions\/2708"}],"wp:featuredmedia":[{"embeddable":true,"href":"https:\/\/ferbos-jeanfrancois.legtux.org\/index.php?rest_route=\/wp\/v2\/media\/1603"}],"wp:attachment":[{"href":"https:\/\/ferbos-jeanfrancois.legtux.org\/index.php?rest_route=%2Fwp%2Fv2%2Fmedia&parent=1602"}],"wp:term":[{"taxonomy":"category","embeddable":true,"href":"https:\/\/ferbos-jeanfrancois.legtux.org\/index.php?rest_route=%2Fwp%2Fv2%2Fcategories&post=1602"},{"taxonomy":"post_tag","embeddable":true,"href":"https:\/\/ferbos-jeanfrancois.legtux.org\/index.php?rest_route=%2Fwp%2Fv2%2Ftags&post=1602"}],"curies":[{"name":"wp","href":"https:\/\/api.w.org\/{rel}","templated":true}]}}