{"id":1740,"date":"2022-05-24T08:59:27","date_gmt":"2022-05-24T06:59:27","guid":{"rendered":"https:\/\/ferbos-jeanfrancois.legtux.org\/?p=1740"},"modified":"2023-06-25T12:03:47","modified_gmt":"2023-06-25T10:03:47","slug":"la-scene-du-transfert-un-espace-de-creation-en-mouvement","status":"publish","type":"post","link":"https:\/\/ferbos-jeanfrancois.legtux.org\/?p=1740","title":{"rendered":"La sc\u00e8ne du transfert, un espace de cr\u00e9ation en mouvement &#8211; JF Ferbos"},"content":{"rendered":"<div class=\"wp-block-image is-style-rounded\">\n<figure class=\"aligncenter size-large is-resized\"><img data-recalc-dims=\"1\" loading=\"lazy\" decoding=\"async\" data-attachment-id=\"450\" data-permalink=\"https:\/\/ferbos-jeanfrancois.legtux.org\/?attachment_id=450\" data-orig-file=\"https:\/\/i0.wp.com\/ferbos-jeanfrancois.legtux.org\/wp-content\/uploads\/2022\/02\/self-portrait-EDLL.jpg?fit=2192%2C2062&amp;ssl=1\" data-orig-size=\"2192,2062\" data-comments-opened=\"1\" data-image-meta=\"{&quot;aperture&quot;:&quot;0&quot;,&quot;credit&quot;:&quot;&quot;,&quot;camera&quot;:&quot;&quot;,&quot;caption&quot;:&quot;&quot;,&quot;created_timestamp&quot;:&quot;0&quot;,&quot;copyright&quot;:&quot;&quot;,&quot;focal_length&quot;:&quot;0&quot;,&quot;iso&quot;:&quot;0&quot;,&quot;shutter_speed&quot;:&quot;0&quot;,&quot;title&quot;:&quot;&quot;,&quot;orientation&quot;:&quot;1&quot;}\" data-image-title=\"self-portrait-EDLL\" data-image-description=\"\" data-image-caption=\"\" data-large-file=\"https:\/\/i0.wp.com\/ferbos-jeanfrancois.legtux.org\/wp-content\/uploads\/2022\/02\/self-portrait-EDLL.jpg?fit=640%2C602&amp;ssl=1\" src=\"https:\/\/i0.wp.com\/ferbos-jeanfrancois.legtux.org\/wp-content\/uploads\/2022\/02\/self-portrait-EDLL-1024x963.jpg?resize=162%2C151&#038;ssl=1\" alt=\"\" class=\"wp-image-450\" width=\"162\" height=\"151\" srcset=\"https:\/\/i0.wp.com\/ferbos-jeanfrancois.legtux.org\/wp-content\/uploads\/2022\/02\/self-portrait-EDLL.jpg?resize=1024%2C963&amp;ssl=1 1024w, https:\/\/i0.wp.com\/ferbos-jeanfrancois.legtux.org\/wp-content\/uploads\/2022\/02\/self-portrait-EDLL.jpg?resize=300%2C282&amp;ssl=1 300w, https:\/\/i0.wp.com\/ferbos-jeanfrancois.legtux.org\/wp-content\/uploads\/2022\/02\/self-portrait-EDLL.jpg?resize=768%2C722&amp;ssl=1 768w, https:\/\/i0.wp.com\/ferbos-jeanfrancois.legtux.org\/wp-content\/uploads\/2022\/02\/self-portrait-EDLL.jpg?resize=1536%2C1445&amp;ssl=1 1536w, https:\/\/i0.wp.com\/ferbos-jeanfrancois.legtux.org\/wp-content\/uploads\/2022\/02\/self-portrait-EDLL.jpg?resize=2048%2C1927&amp;ssl=1 2048w, https:\/\/i0.wp.com\/ferbos-jeanfrancois.legtux.org\/wp-content\/uploads\/2022\/02\/self-portrait-EDLL.jpg?w=1280&amp;ssl=1 1280w, https:\/\/i0.wp.com\/ferbos-jeanfrancois.legtux.org\/wp-content\/uploads\/2022\/02\/self-portrait-EDLL.jpg?w=1920&amp;ssl=1 1920w\" sizes=\"auto, (max-width: 162px) 100vw, 162px\" \/><figcaption class=\"wp-element-caption\"><strong><em>Un texte de Jean-Fran\u00e7ois Ferbos<\/em><\/strong><\/figcaption><\/figure>\n<\/div>\n\n\n<div style=\"height:100px\" aria-hidden=\"true\" class=\"wp-block-spacer\"><\/div>\n\n\n\n<div class=\"wp-block-media-text alignwide has-media-on-the-right is-stacked-on-mobile is-image-fill is-style-rounded\" style=\"grid-template-columns:auto 44%\"><div class=\"wp-block-media-text__content\">\n<p class=\"wp-block-paragraph\"><strong>R\u00e9sum\u00e9&nbsp;:<\/strong><\/p>\n\n\n\n<p class=\"has-small-font-size wp-block-paragraph\">Quand la relation \u00e0 l\u2019autre se produit sur \u00ab&nbsp;la sc\u00e8ne du transfert&nbsp;\u00bb, que ce soit dans la cure analytique ou dans le cadre d\u2019un contr\u00f4le, elle devient une rencontre. La rencontre est ici propos\u00e9e telle que l\u2019entend Mireille Cifali dans son dernier ouvrage (CIFALI M. 2019)&nbsp;: il y a rencontre <em>\u00ab&nbsp;\u2026<\/em> <em>quand <\/em><em>op\u00e8re une transformation de la vie de ceux qui y sont engag\u00e9s.&nbsp;\u00bb. <\/em>La parole structur\u00e9e par le langage et \u00e0 travers laquelle le sujet se d\u00e9finit d\u2019\u00eatre divis\u00e9, cette parole comme lieu d\u2019une articulation des modalit\u00e9s de la relation \u00e0 l\u2019autre, sera au centre de nos pr\u00e9occupations. Il sera donc question de la relation transf\u00e9rentielle et des possibles modalit\u00e9s de transformation et de cr\u00e9ation qu\u2019elle peut produire. Quel pouvoir de cr\u00e9ation l\u2019espace de la sc\u00e8ne du transfert rec\u00e8le-t-il&nbsp;?<\/p>\n\n\n\n<p class=\"has-small-font-size wp-block-paragraph\"><em>When the relationship to the other occurs on \u00ab\u00a0the transference stage \u00a0\u00bb be it in the psychoanalitic cure or in a control session, it becomes an encounter. Here, the encounter is proposed as defined by M. CIFALI in her last work (CIFALI M. 2019):&nbsp; There is an encounter \u00ab\u00a0&#8230; when those who are committed go through a life-changing experiment\u00a0\u00bb. The speech, structured by the language and through which a subject is defined by his subjective splitting, this speech as the place where the terms of the relationship to the other are articulated, will be the focus of our concerns. We will discuss the transferential relationship and the eventual process of transformation and creation. What creative power can be held in the space of the transference stage?&nbsp;<\/em><\/p>\n<\/div><figure class=\"wp-block-media-text__media\" style=\"background-image:url(https:\/\/ferbos-jeanfrancois.legtux.org\/wp-content\/uploads\/2023\/03\/EROTIQUE-DU-SEUIL-V2-MARS-2023-2-1024x763.jpg);background-position:50% 48%\"><img data-recalc-dims=\"1\" loading=\"lazy\" decoding=\"async\" width=\"640\" height=\"477\" data-attachment-id=\"2213\" data-permalink=\"https:\/\/ferbos-jeanfrancois.legtux.org\/?attachment_id=2213\" data-orig-file=\"https:\/\/i0.wp.com\/ferbos-jeanfrancois.legtux.org\/wp-content\/uploads\/2023\/03\/EROTIQUE-DU-SEUIL-V2-MARS-2023-2-scaled.jpg?fit=2560%2C1908&amp;ssl=1\" data-orig-size=\"2560,1908\" data-comments-opened=\"1\" data-image-meta=\"{&quot;aperture&quot;:&quot;0&quot;,&quot;credit&quot;:&quot;&quot;,&quot;camera&quot;:&quot;&quot;,&quot;caption&quot;:&quot;&quot;,&quot;created_timestamp&quot;:&quot;0&quot;,&quot;copyright&quot;:&quot;&quot;,&quot;focal_length&quot;:&quot;0&quot;,&quot;iso&quot;:&quot;0&quot;,&quot;shutter_speed&quot;:&quot;0&quot;,&quot;title&quot;:&quot;&quot;,&quot;orientation&quot;:&quot;1&quot;}\" data-image-title=\"EROTIQUE-DU-SEUIL-V2-MARS-2023-2\" data-image-description=\"\" data-image-caption=\"&lt;p&gt;Erotique du seuil modifi\u00e9 &amp;#8211; 2023&lt;\/p&gt;\n\" data-large-file=\"https:\/\/i0.wp.com\/ferbos-jeanfrancois.legtux.org\/wp-content\/uploads\/2023\/03\/EROTIQUE-DU-SEUIL-V2-MARS-2023-2-scaled.jpg?fit=640%2C477&amp;ssl=1\" src=\"https:\/\/i0.wp.com\/ferbos-jeanfrancois.legtux.org\/wp-content\/uploads\/2023\/03\/EROTIQUE-DU-SEUIL-V2-MARS-2023-2.jpg?resize=640%2C477&#038;ssl=1\" alt=\"\" class=\"wp-image-2213 size-full\" srcset=\"https:\/\/i0.wp.com\/ferbos-jeanfrancois.legtux.org\/wp-content\/uploads\/2023\/03\/EROTIQUE-DU-SEUIL-V2-MARS-2023-2-scaled.jpg?resize=1024%2C763&amp;ssl=1 1024w, https:\/\/i0.wp.com\/ferbos-jeanfrancois.legtux.org\/wp-content\/uploads\/2023\/03\/EROTIQUE-DU-SEUIL-V2-MARS-2023-2-scaled.jpg?resize=300%2C224&amp;ssl=1 300w, https:\/\/i0.wp.com\/ferbos-jeanfrancois.legtux.org\/wp-content\/uploads\/2023\/03\/EROTIQUE-DU-SEUIL-V2-MARS-2023-2-scaled.jpg?resize=768%2C572&amp;ssl=1 768w, https:\/\/i0.wp.com\/ferbos-jeanfrancois.legtux.org\/wp-content\/uploads\/2023\/03\/EROTIQUE-DU-SEUIL-V2-MARS-2023-2-scaled.jpg?resize=1536%2C1145&amp;ssl=1 1536w, https:\/\/i0.wp.com\/ferbos-jeanfrancois.legtux.org\/wp-content\/uploads\/2023\/03\/EROTIQUE-DU-SEUIL-V2-MARS-2023-2-scaled.jpg?resize=2048%2C1527&amp;ssl=1 2048w, https:\/\/i0.wp.com\/ferbos-jeanfrancois.legtux.org\/wp-content\/uploads\/2023\/03\/EROTIQUE-DU-SEUIL-V2-MARS-2023-2-scaled.jpg?w=1280&amp;ssl=1 1280w, https:\/\/i0.wp.com\/ferbos-jeanfrancois.legtux.org\/wp-content\/uploads\/2023\/03\/EROTIQUE-DU-SEUIL-V2-MARS-2023-2-scaled.jpg?w=1920&amp;ssl=1 1920w\" sizes=\"auto, (max-width: 640px) 100vw, 640px\" \/><\/figure><\/div>\n\n\n\n<div style=\"height:100px\" aria-hidden=\"true\" class=\"wp-block-spacer\"><\/div>\n\n\n\n<div data-wp-interactive=\"core\/file\" class=\"wp-block-file\"><object data-wp-bind--hidden=\"!state.hasPdfPreview\" hidden class=\"wp-block-file__embed\" data=\"https:\/\/ferbos-jeanfrancois.legtux.org\/wp-content\/uploads\/2022\/05\/LA-SCENE-DU-TRANSFERT-UN-ESPACE-DE-CREATION-SITE-MODIFIE-LE-25-05-2022.pdf\" type=\"application\/pdf\" style=\"width:100%;height:600px\" aria-label=\"Contenu embarqu\u00e9 Embed of La sc\u00e8ne du transfert, un espace de cr\u00e9ation en mouvement..\"><\/object><a id=\"wp-block-file--media-12263a90-2783-4ebe-81fa-e795343bfd53\" href=\"https:\/\/ferbos-jeanfrancois.legtux.org\/wp-content\/uploads\/2022\/05\/LA-SCENE-DU-TRANSFERT-UN-ESPACE-DE-CREATION-SITE-MODIFIE-LE-25-05-2022.pdf\">La sc\u00e8ne du transfert, un espace de cr\u00e9ation en mouvement<\/a><a href=\"https:\/\/ferbos-jeanfrancois.legtux.org\/wp-content\/uploads\/2022\/05\/LA-SCENE-DU-TRANSFERT-UN-ESPACE-DE-CREATION-SITE-MODIFIE-LE-25-05-2022.pdf\" class=\"wp-block-file__button\" download aria-describedby=\"wp-block-file--media-12263a90-2783-4ebe-81fa-e795343bfd53\">T\u00e9l\u00e9charger<\/a><\/div>\n","protected":false},"excerpt":{"rendered":"<p>R\u00e9sum\u00e9&nbsp;: Quand la relation \u00e0 l\u2019autre se produit sur \u00ab&nbsp;la sc\u00e8ne du transfert&nbsp;\u00bb, que ce soit dans la cure analytique ou dans<\/p>\n<p class=\"link-more\"><a class=\"myButt \" href=\"https:\/\/ferbos-jeanfrancois.legtux.org\/?p=1740\">Read More<\/a><\/p>\n","protected":false},"author":1,"featured_media":2213,"comment_status":"closed","ping_status":"closed","sticky":true,"template":"","format":"standard","meta":{"_crdt_document":"","jetpack_post_was_ever_published":false,"_jetpack_newsletter_access":"","_jetpack_dont_email_post_to_subs":false,"_jetpack_newsletter_tier_id":0,"_jetpack_memberships_contains_paywalled_content":false,"_jetpack_memberships_contains_paid_content":false,"footnotes":"","jetpack_publicize_message":"","jetpack_publicize_feature_enabled":true,"jetpack_social_post_already_shared":true,"jetpack_social_options":{"image_generator_settings":{"template":"highway","default_image_id":0,"font":"","enabled":false},"version":2}},"categories":[30,39,28,49,54,18,27,29],"tags":[],"class_list":["post-1740","post","type-post","status-publish","format-standard","has-post-thumbnail","hentry","category-a-penser","category-activites","category-creations","category-des-livres","category-des-livres-a-penser","category-formation","category-jean-francois-ferbos","category-psychanalyse"],"jetpack_publicize_connections":[],"jetpack_featured_media_url":"https:\/\/i0.wp.com\/ferbos-jeanfrancois.legtux.org\/wp-content\/uploads\/2023\/03\/EROTIQUE-DU-SEUIL-V2-MARS-2023-2-scaled.jpg?fit=2560%2C1908&ssl=1","jetpack-related-posts":[{"id":2982,"url":"https:\/\/ferbos-jeanfrancois.legtux.org\/?p=2982","url_meta":{"origin":1740,"position":0},"title":"\u00c9loge d\u2019une tension \u00e9lastique ou les variations du sujet en mouvement","author":"Cravan","date":"5 avril 2025","format":false,"excerpt":"Jean-Fran\u00e7ois Ferbos - P. 101-112 https:\/\/books.openedition.org\/purh\/23843","rel":"","context":"Dans &quot;\u00c0 penser&quot;","block_context":{"text":"\u00c0 penser","link":"https:\/\/ferbos-jeanfrancois.legtux.org\/?cat=30"},"img":{"alt_text":"","src":"https:\/\/i0.wp.com\/ferbos-jeanfrancois.legtux.org\/wp-content\/uploads\/2025\/02\/CIFALI-HOMMAGE.jpg?fit=699%2C1000&ssl=1&resize=350%2C200","width":350,"height":200,"srcset":"https:\/\/i0.wp.com\/ferbos-jeanfrancois.legtux.org\/wp-content\/uploads\/2025\/02\/CIFALI-HOMMAGE.jpg?fit=699%2C1000&ssl=1&resize=350%2C200 1x, https:\/\/i0.wp.com\/ferbos-jeanfrancois.legtux.org\/wp-content\/uploads\/2025\/02\/CIFALI-HOMMAGE.jpg?fit=699%2C1000&ssl=1&resize=525%2C300 1.5x"},"classes":[]},{"id":1484,"url":"https:\/\/ferbos-jeanfrancois.legtux.org\/?p=1484","url_meta":{"origin":1740,"position":1},"title":"Edward Povey dans l&rsquo;INFRAMINCE","author":"Cravan","date":"15 f\u00e9vrier 2022","format":false,"excerpt":"Textes de Jean-Fran\u00e7ois Ferbos Povey dans l'inframince 1T\u00e9l\u00e9charger Povey dans l'inframince 2T\u00e9l\u00e9charger","rel":"","context":"Dans &quot;Cr\u00e9ations&quot;","block_context":{"text":"Cr\u00e9ations","link":"https:\/\/ferbos-jeanfrancois.legtux.org\/?cat=28"},"img":{"alt_text":"","src":"https:\/\/i0.wp.com\/ferbos-jeanfrancois.legtux.org\/wp-content\/uploads\/2022\/02\/WIP-POVEY-HIMSELF.jpg?fit=800%2C1200&ssl=1&resize=350%2C200","width":350,"height":200,"srcset":"https:\/\/i0.wp.com\/ferbos-jeanfrancois.legtux.org\/wp-content\/uploads\/2022\/02\/WIP-POVEY-HIMSELF.jpg?fit=800%2C1200&ssl=1&resize=350%2C200 1x, https:\/\/i0.wp.com\/ferbos-jeanfrancois.legtux.org\/wp-content\/uploads\/2022\/02\/WIP-POVEY-HIMSELF.jpg?fit=800%2C1200&ssl=1&resize=525%2C300 1.5x, https:\/\/i0.wp.com\/ferbos-jeanfrancois.legtux.org\/wp-content\/uploads\/2022\/02\/WIP-POVEY-HIMSELF.jpg?fit=800%2C1200&ssl=1&resize=700%2C400 2x"},"classes":[]},{"id":696,"url":"https:\/\/ferbos-jeanfrancois.legtux.org\/?p=696","url_meta":{"origin":1740,"position":2},"title":"Dimension et place de l&rsquo;analyse des pratiques professionnelles &#8211; JF Ferbos","author":"Cravan","date":"13 f\u00e9vrier 2022","format":false,"excerpt":"Texte de Jean-Fran\u00e7ois Ferbos - 2018 dimension-et-place-de-l_app-site-jffT\u00e9l\u00e9charger app-per-dirT\u00e9l\u00e9charger","rel":"","context":"Dans &quot;\u00c0 penser&quot;","block_context":{"text":"\u00c0 penser","link":"https:\/\/ferbos-jeanfrancois.legtux.org\/?cat=30"},"img":{"alt_text":"","src":"https:\/\/i0.wp.com\/ferbos-jeanfrancois.legtux.org\/wp-content\/uploads\/2022\/11\/cropped-MAZZOCCHIO-DETAIL-9-scaled-1.jpg?fit=1200%2C798&ssl=1&resize=350%2C200","width":350,"height":200,"srcset":"https:\/\/i0.wp.com\/ferbos-jeanfrancois.legtux.org\/wp-content\/uploads\/2022\/11\/cropped-MAZZOCCHIO-DETAIL-9-scaled-1.jpg?fit=1200%2C798&ssl=1&resize=350%2C200 1x, https:\/\/i0.wp.com\/ferbos-jeanfrancois.legtux.org\/wp-content\/uploads\/2022\/11\/cropped-MAZZOCCHIO-DETAIL-9-scaled-1.jpg?fit=1200%2C798&ssl=1&resize=525%2C300 1.5x, https:\/\/i0.wp.com\/ferbos-jeanfrancois.legtux.org\/wp-content\/uploads\/2022\/11\/cropped-MAZZOCCHIO-DETAIL-9-scaled-1.jpg?fit=1200%2C798&ssl=1&resize=700%2C400 2x, https:\/\/i0.wp.com\/ferbos-jeanfrancois.legtux.org\/wp-content\/uploads\/2022\/11\/cropped-MAZZOCCHIO-DETAIL-9-scaled-1.jpg?fit=1200%2C798&ssl=1&resize=1050%2C600 3x"},"classes":[]},{"id":1608,"url":"https:\/\/ferbos-jeanfrancois.legtux.org\/?p=1608","url_meta":{"origin":1740,"position":3},"title":"Le Performeur &#8211; 2014","author":"Cravan","date":"20 mars 2022","format":false,"excerpt":"Pour toute information sur l\u2019\u0153uvre, prix, livraison etc. merci de vous adresser \u00e0 : jf.ferbos@wanadoo.fr https:\/\/www.dailymotion.com\/video\/x18rx94","rel":"","context":"Dans &quot;Cr\u00e9ations&quot;","block_context":{"text":"Cr\u00e9ations","link":"https:\/\/ferbos-jeanfrancois.legtux.org\/?cat=28"},"img":{"alt_text":"","src":"https:\/\/i0.wp.com\/ferbos-jeanfrancois.legtux.org\/wp-content\/uploads\/2022\/02\/PERFORMEUR.jpg?fit=729%2C889&ssl=1&resize=350%2C200","width":350,"height":200,"srcset":"https:\/\/i0.wp.com\/ferbos-jeanfrancois.legtux.org\/wp-content\/uploads\/2022\/02\/PERFORMEUR.jpg?fit=729%2C889&ssl=1&resize=350%2C200 1x, https:\/\/i0.wp.com\/ferbos-jeanfrancois.legtux.org\/wp-content\/uploads\/2022\/02\/PERFORMEUR.jpg?fit=729%2C889&ssl=1&resize=525%2C300 1.5x, https:\/\/i0.wp.com\/ferbos-jeanfrancois.legtux.org\/wp-content\/uploads\/2022\/02\/PERFORMEUR.jpg?fit=729%2C889&ssl=1&resize=700%2C400 2x"},"classes":[]},{"id":3048,"url":"https:\/\/ferbos-jeanfrancois.legtux.org\/?p=3048","url_meta":{"origin":1740,"position":4},"title":"Th\u00e9orie et pratique de la psychoth\u00e9rapie institutionnelle","author":"Cravan","date":"28 juin 2025","format":false,"excerpt":"Fran\u00e7ois TOSQUELLES Se procurer l'ouvrage Ce livre in\u00e9dit sur la psychoth\u00e9rapie institutionnelle \u00e9tait annonc\u00e9 par Fran\u00e7ois Tosquelles. Voil\u00e0 donc, enfin, ce livre sur la psychoth\u00e9rapie institutionnelle annonc\u00e9 par Fran\u00e7ois Tosquelles, et d\u2019autres, depuis longtemps et \u00e0 plusieurs reprises. Il ne s\u2019agit pas d\u2019une sorte de \u00ab trait\u00e9 \u00bb, marqu\u00e9 par\u2026","rel":"","context":"Dans &quot;Des livres - des \u00e9crits&quot;","block_context":{"text":"Des livres - des \u00e9crits","link":"https:\/\/ferbos-jeanfrancois.legtux.org\/?cat=49"},"img":{"alt_text":"","src":"https:\/\/i0.wp.com\/ferbos-jeanfrancois.legtux.org\/wp-content\/uploads\/2025\/06\/T-P-P-INSTITUTIONNELLE2-1.jpg?resize=350%2C200&ssl=1","width":350,"height":200,"srcset":"https:\/\/i0.wp.com\/ferbos-jeanfrancois.legtux.org\/wp-content\/uploads\/2025\/06\/T-P-P-INSTITUTIONNELLE2-1.jpg?resize=350%2C200&ssl=1 1x, https:\/\/i0.wp.com\/ferbos-jeanfrancois.legtux.org\/wp-content\/uploads\/2025\/06\/T-P-P-INSTITUTIONNELLE2-1.jpg?resize=525%2C300&ssl=1 1.5x, https:\/\/i0.wp.com\/ferbos-jeanfrancois.legtux.org\/wp-content\/uploads\/2025\/06\/T-P-P-INSTITUTIONNELLE2-1.jpg?resize=700%2C400&ssl=1 2x, https:\/\/i0.wp.com\/ferbos-jeanfrancois.legtux.org\/wp-content\/uploads\/2025\/06\/T-P-P-INSTITUTIONNELLE2-1.jpg?resize=1050%2C600&ssl=1 3x"},"classes":[]},{"id":2910,"url":"https:\/\/ferbos-jeanfrancois.legtux.org\/?p=2910","url_meta":{"origin":1740,"position":5},"title":"OPACIDADES N\u00b0 12","author":"Cravan","date":"17 janvier 2025","format":false,"excerpt":"Momento Soury Editorial Psicoanal\u00edtica de la Letra - Epeele distribuye tambi\u00e9n la revista Opacidades n.12, \u201cEl momento Soury\u201d. Encontrar\u00e1n art\u00edculos de Guy Le Gauffey, Ren\u00e9 Guitart, Alain Cochet, Gabriel Meraz, Juan Carlos Piegari, Susana Bercovich, Pierre Soury, Sergio Campbell, Lena Magott, Jorge Ba\u00f1os Orellana, Jos\u00e9 Assandri y Ferbos Jean-Fran\u00e7ois Editorial\u2026","rel":"","context":"Dans &quot;\u00c0 penser&quot;","block_context":{"text":"\u00c0 penser","link":"https:\/\/ferbos-jeanfrancois.legtux.org\/?cat=30"},"img":{"alt_text":"","src":"https:\/\/i0.wp.com\/ferbos-jeanfrancois.legtux.org\/wp-content\/uploads\/2025\/01\/MOMENTO-SOURY.jpg?fit=640%2C960&ssl=1&resize=350%2C200","width":350,"height":200,"srcset":"https:\/\/i0.wp.com\/ferbos-jeanfrancois.legtux.org\/wp-content\/uploads\/2025\/01\/MOMENTO-SOURY.jpg?fit=640%2C960&ssl=1&resize=350%2C200 1x, https:\/\/i0.wp.com\/ferbos-jeanfrancois.legtux.org\/wp-content\/uploads\/2025\/01\/MOMENTO-SOURY.jpg?fit=640%2C960&ssl=1&resize=525%2C300 1.5x"},"classes":[]}],"jetpack_likes_enabled":true,"jetpack_sharing_enabled":true,"_links":{"self":[{"href":"https:\/\/ferbos-jeanfrancois.legtux.org\/index.php?rest_route=\/wp\/v2\/posts\/1740","targetHints":{"allow":["GET"]}}],"collection":[{"href":"https:\/\/ferbos-jeanfrancois.legtux.org\/index.php?rest_route=\/wp\/v2\/posts"}],"about":[{"href":"https:\/\/ferbos-jeanfrancois.legtux.org\/index.php?rest_route=\/wp\/v2\/types\/post"}],"author":[{"embeddable":true,"href":"https:\/\/ferbos-jeanfrancois.legtux.org\/index.php?rest_route=\/wp\/v2\/users\/1"}],"replies":[{"embeddable":true,"href":"https:\/\/ferbos-jeanfrancois.legtux.org\/index.php?rest_route=%2Fwp%2Fv2%2Fcomments&post=1740"}],"version-history":[{"count":8,"href":"https:\/\/ferbos-jeanfrancois.legtux.org\/index.php?rest_route=\/wp\/v2\/posts\/1740\/revisions"}],"predecessor-version":[{"id":2522,"href":"https:\/\/ferbos-jeanfrancois.legtux.org\/index.php?rest_route=\/wp\/v2\/posts\/1740\/revisions\/2522"}],"wp:featuredmedia":[{"embeddable":true,"href":"https:\/\/ferbos-jeanfrancois.legtux.org\/index.php?rest_route=\/wp\/v2\/media\/2213"}],"wp:attachment":[{"href":"https:\/\/ferbos-jeanfrancois.legtux.org\/index.php?rest_route=%2Fwp%2Fv2%2Fmedia&parent=1740"}],"wp:term":[{"taxonomy":"category","embeddable":true,"href":"https:\/\/ferbos-jeanfrancois.legtux.org\/index.php?rest_route=%2Fwp%2Fv2%2Fcategories&post=1740"},{"taxonomy":"post_tag","embeddable":true,"href":"https:\/\/ferbos-jeanfrancois.legtux.org\/index.php?rest_route=%2Fwp%2Fv2%2Ftags&post=1740"}],"curies":[{"name":"wp","href":"https:\/\/api.w.org\/{rel}","templated":true}]}}