{"id":1767,"date":"2022-05-12T16:41:26","date_gmt":"2022-05-12T14:41:26","guid":{"rendered":"https:\/\/ferbos-jeanfrancois.legtux.org\/?p=1767"},"modified":"2023-05-10T20:22:41","modified_gmt":"2023-05-10T18:22:41","slug":"rencontre","status":"publish","type":"post","link":"https:\/\/ferbos-jeanfrancois.legtux.org\/?p=1767","title":{"rendered":"Rencontre &#8211; Jean-Luc Nancy et Caroline Meister"},"content":{"rendered":"\n<h3 class=\"wp-block-heading\">Jean-Luc Nancy et Caroline Meister<\/h3>\n\n\n\n<h5 class=\"wp-block-heading\">Les presses du r\u00e9el &#8211; Diaphane<\/h5>\n\n\n\n<div class=\"wp-block-columns is-layout-flex wp-container-core-columns-is-layout-8f761849 wp-block-columns-is-layout-flex\">\n<div class=\"wp-block-column is-layout-flow wp-block-column-is-layout-flow\"><div class=\"wp-block-image is-style-rounded\">\n<figure class=\"aligncenter size-full is-resized\"><img data-recalc-dims=\"1\" loading=\"lazy\" decoding=\"async\" data-attachment-id=\"1771\" data-permalink=\"https:\/\/ferbos-jeanfrancois.legtux.org\/?attachment_id=1771\" data-orig-file=\"https:\/\/i0.wp.com\/ferbos-jeanfrancois.legtux.org\/wp-content\/uploads\/2022\/05\/JL-NANCY-1.jpg?fit=556%2C750&amp;ssl=1\" data-orig-size=\"556,750\" data-comments-opened=\"1\" data-image-meta=\"{&quot;aperture&quot;:&quot;0&quot;,&quot;credit&quot;:&quot;&quot;,&quot;camera&quot;:&quot;&quot;,&quot;caption&quot;:&quot;&quot;,&quot;created_timestamp&quot;:&quot;0&quot;,&quot;copyright&quot;:&quot;&quot;,&quot;focal_length&quot;:&quot;0&quot;,&quot;iso&quot;:&quot;0&quot;,&quot;shutter_speed&quot;:&quot;0&quot;,&quot;title&quot;:&quot;&quot;,&quot;orientation&quot;:&quot;0&quot;}\" data-image-title=\"JL-NANCY-1\" data-image-description=\"\" data-image-caption=\"\" data-large-file=\"https:\/\/i0.wp.com\/ferbos-jeanfrancois.legtux.org\/wp-content\/uploads\/2022\/05\/JL-NANCY-1.jpg?fit=556%2C750&amp;ssl=1\" src=\"https:\/\/i0.wp.com\/ferbos-jeanfrancois.legtux.org\/wp-content\/uploads\/2022\/05\/JL-NANCY-1.jpg?resize=123%2C167&#038;ssl=1\" alt=\"\" class=\"wp-image-1771\" width=\"123\" height=\"167\" srcset=\"https:\/\/i0.wp.com\/ferbos-jeanfrancois.legtux.org\/wp-content\/uploads\/2022\/05\/JL-NANCY-1.jpg?w=556&amp;ssl=1 556w, https:\/\/i0.wp.com\/ferbos-jeanfrancois.legtux.org\/wp-content\/uploads\/2022\/05\/JL-NANCY-1.jpg?resize=222%2C300&amp;ssl=1 222w\" sizes=\"auto, (max-width: 123px) 100vw, 123px\" \/><figcaption>Jean-Luc Nancy<\/figcaption><\/figure>\n<\/div><\/div>\n\n\n\n<div class=\"wp-block-column is-layout-flow wp-block-column-is-layout-flow\"><div class=\"wp-block-image is-style-rounded\">\n<figure class=\"aligncenter size-full is-resized\"><img data-recalc-dims=\"1\" loading=\"lazy\" decoding=\"async\" data-attachment-id=\"1769\" data-permalink=\"https:\/\/ferbos-jeanfrancois.legtux.org\/?attachment_id=1769\" data-orig-file=\"https:\/\/i0.wp.com\/ferbos-jeanfrancois.legtux.org\/wp-content\/uploads\/2022\/05\/C-MEISTER.jpg?fit=555%2C750&amp;ssl=1\" data-orig-size=\"555,750\" data-comments-opened=\"1\" data-image-meta=\"{&quot;aperture&quot;:&quot;0&quot;,&quot;credit&quot;:&quot;&quot;,&quot;camera&quot;:&quot;&quot;,&quot;caption&quot;:&quot;&quot;,&quot;created_timestamp&quot;:&quot;0&quot;,&quot;copyright&quot;:&quot;&quot;,&quot;focal_length&quot;:&quot;0&quot;,&quot;iso&quot;:&quot;0&quot;,&quot;shutter_speed&quot;:&quot;0&quot;,&quot;title&quot;:&quot;&quot;,&quot;orientation&quot;:&quot;0&quot;}\" data-image-title=\"C-MEISTER\" data-image-description=\"\" data-image-caption=\"&lt;p&gt;Caroline Meister&lt;\/p&gt;\n\" data-large-file=\"https:\/\/i0.wp.com\/ferbos-jeanfrancois.legtux.org\/wp-content\/uploads\/2022\/05\/C-MEISTER.jpg?fit=555%2C750&amp;ssl=1\" src=\"https:\/\/i0.wp.com\/ferbos-jeanfrancois.legtux.org\/wp-content\/uploads\/2022\/05\/C-MEISTER.jpg?resize=126%2C171&#038;ssl=1\" alt=\"\" class=\"wp-image-1769\" width=\"126\" height=\"171\" srcset=\"https:\/\/i0.wp.com\/ferbos-jeanfrancois.legtux.org\/wp-content\/uploads\/2022\/05\/C-MEISTER.jpg?w=555&amp;ssl=1 555w, https:\/\/i0.wp.com\/ferbos-jeanfrancois.legtux.org\/wp-content\/uploads\/2022\/05\/C-MEISTER.jpg?resize=222%2C300&amp;ssl=1 222w\" sizes=\"auto, (max-width: 126px) 100vw, 126px\" \/><figcaption>Caroline Meister<\/figcaption><\/figure>\n<\/div><\/div>\n<\/div>\n\n\n\n<p class=\"has-small-font-size wp-block-paragraph\">Jean-Luc Nancy (1940-2021) est l&rsquo;une des grandes figures de la philosophie post-moderne. Professeur de philosophie \u00e0 l&rsquo;universit\u00e9 de Strasbourg de 1968 jusqu&rsquo;\u00e0 son \u00e9m\u00e9ritat en 2004, o\u00f9 il a enseign\u00e9 avec Philippe Lacoue-Labarthe (avec qui il a publi\u00e9 plusieurs ouvrages), professeur invit\u00e9 aux universit\u00e9s de Berkeley, Irvine, San Diego et Berlin, ancien membre du Conseil national des universit\u00e9s, section philosophie, Jean-Luc Nancy \u00e9tait par ailleurs membre du conseil \u00e9ditorial des <em>Cahiers Maurice Blanchot<\/em> et dirigeait, avec Mehdi Belhaj Kacem, la collection <em>Anarchies<\/em> aux \u00e9ditions Diaphanes.<br>Son \u0153uvre multiple comprend des travaux sur l&rsquo;ontologie de la communaut\u00e9 et la m\u00e9tamorphose du sens, mais aussi des \u00e9tudes sur les arts et la th\u00e9orie de l&rsquo;image ainsi que des r\u00e9flexions sur les aspects politiques et religieux des \u00e9volutions du monde contemporain. Ses derniers textes ont cherch\u00e9 \u00e0 op\u00e9rer une d\u00e9construction du monoth\u00e9isme.<\/p>\n\n\n\n<p class=\"has-small-font-size wp-block-paragraph\">Carolin Meister (n\u00e9e en 1969 \u00e0 Stuttgart) est professeur d&rsquo;histoire de l&rsquo;art \u00e0 l&rsquo;Acad\u00e9mie nationale des beaux-arts de Karlsruhe<\/p>\n\n\n\n<div class=\"wp-block-media-text alignfull is-stacked-on-mobile is-vertically-aligned-center\"><figure class=\"wp-block-media-text__media\"><img data-recalc-dims=\"1\" loading=\"lazy\" decoding=\"async\" width=\"640\" height=\"994\" data-attachment-id=\"1772\" data-permalink=\"https:\/\/ferbos-jeanfrancois.legtux.org\/?attachment_id=1772\" data-orig-file=\"https:\/\/i0.wp.com\/ferbos-jeanfrancois.legtux.org\/wp-content\/uploads\/2022\/05\/rencontre-Nancy-Meister.jpg?fit=1288%2C2000&amp;ssl=1\" data-orig-size=\"1288,2000\" data-comments-opened=\"1\" data-image-meta=\"{&quot;aperture&quot;:&quot;0&quot;,&quot;credit&quot;:&quot;&quot;,&quot;camera&quot;:&quot;&quot;,&quot;caption&quot;:&quot;&quot;,&quot;created_timestamp&quot;:&quot;0&quot;,&quot;copyright&quot;:&quot;&quot;,&quot;focal_length&quot;:&quot;0&quot;,&quot;iso&quot;:&quot;0&quot;,&quot;shutter_speed&quot;:&quot;0&quot;,&quot;title&quot;:&quot;&quot;,&quot;orientation&quot;:&quot;0&quot;}\" data-image-title=\"rencontre-Nancy-Meister\" data-image-description=\"\" data-image-caption=\"\" data-large-file=\"https:\/\/i0.wp.com\/ferbos-jeanfrancois.legtux.org\/wp-content\/uploads\/2022\/05\/rencontre-Nancy-Meister.jpg?fit=640%2C994&amp;ssl=1\" src=\"https:\/\/i0.wp.com\/ferbos-jeanfrancois.legtux.org\/wp-content\/uploads\/2022\/05\/rencontre-Nancy-Meister.jpg?resize=640%2C994&#038;ssl=1\" alt=\"\" class=\"wp-image-1772 size-full\" srcset=\"https:\/\/i0.wp.com\/ferbos-jeanfrancois.legtux.org\/wp-content\/uploads\/2022\/05\/rencontre-Nancy-Meister.jpg?resize=659%2C1024&amp;ssl=1 659w, https:\/\/i0.wp.com\/ferbos-jeanfrancois.legtux.org\/wp-content\/uploads\/2022\/05\/rencontre-Nancy-Meister.jpg?resize=193%2C300&amp;ssl=1 193w, https:\/\/i0.wp.com\/ferbos-jeanfrancois.legtux.org\/wp-content\/uploads\/2022\/05\/rencontre-Nancy-Meister.jpg?resize=768%2C1193&amp;ssl=1 768w, https:\/\/i0.wp.com\/ferbos-jeanfrancois.legtux.org\/wp-content\/uploads\/2022\/05\/rencontre-Nancy-Meister.jpg?resize=989%2C1536&amp;ssl=1 989w, https:\/\/i0.wp.com\/ferbos-jeanfrancois.legtux.org\/wp-content\/uploads\/2022\/05\/rencontre-Nancy-Meister.jpg?w=1288&amp;ssl=1 1288w\" sizes=\"auto, (max-width: 640px) 100vw, 640px\" \/><\/figure><div class=\"wp-block-media-text__content\">\n<h3 class=\"has-text-align-center has-text-color wp-block-heading\" style=\"color:#000000\"><a href=\"https:\/\/www.lespressesdureel.com\/ouvrage.php?id=8981\" target=\"_blank\" rel=\"noreferrer noopener\">Acheter le livre<\/a><\/h3>\n\n\n\n<p class=\"has-drop-cap wp-block-paragraph\">Un dialogue entre le philosophe et l&rsquo;historienne de l&rsquo;art autour de la rencontre.<\/p>\n\n\n\n<p class=\"wp-block-paragraph\">D&rsquo;une rencontre est n\u00e9 un dialogue au sujet de la rencontre : un \u00e9tonnement partag\u00e9 de la possibilit\u00e9 qu&rsquo;ait lieu l&rsquo;incalculable, l&rsquo;impr\u00e9visible et l&rsquo;irr\u00e9ductible. Une curiosit\u00e9 pour la justesse de ce qui n&rsquo;a \u00e9t\u00e9 ni concert\u00e9 ni d\u00e9cid\u00e9.<br>Hasard, providence, intrication quantique, rituel, animisme, \u00e9treinte ou porosit\u00e9, pens\u00e9e ou art sont autant de tentatives de tourner autour de ce qui nous \u00e9chappe quand nous nous rencontrons. Et autant de fa\u00e7ons de se rencontrer l\u00e0 o\u00f9 la philosophie reconna\u00eet que l&rsquo;art lui \u00e9chappe.<\/p>\n\n\n\n<p class=\"has-text-align-left wp-block-paragraph\"><\/p>\n<\/div><\/div>\n","protected":false},"excerpt":{"rendered":"<p>Jean-Luc Nancy et Caroline Meister Les presses du r\u00e9el &#8211; Diaphane Jean-Luc Nancy (1940-2021) est l&rsquo;une des grandes figures de la philosophie<\/p>\n<p class=\"link-more\"><a class=\"myButt \" href=\"https:\/\/ferbos-jeanfrancois.legtux.org\/?p=1767\">Read More<\/a><\/p>\n","protected":false},"author":1,"featured_media":1772,"comment_status":"closed","ping_status":"closed","sticky":false,"template":"","format":"standard","meta":{"_crdt_document":"","jetpack_post_was_ever_published":false,"_jetpack_newsletter_access":"","_jetpack_dont_email_post_to_subs":false,"_jetpack_newsletter_tier_id":0,"_jetpack_memberships_contains_paywalled_content":false,"_jetpack_memberships_contains_paid_content":false,"footnotes":"","jetpack_publicize_message":"","jetpack_publicize_feature_enabled":true,"jetpack_social_post_already_shared":true,"jetpack_social_options":{"image_generator_settings":{"template":"highway","default_image_id":0,"font":"","enabled":false},"version":2}},"categories":[30,49,54],"tags":[],"class_list":["post-1767","post","type-post","status-publish","format-standard","has-post-thumbnail","hentry","category-a-penser","category-des-livres","category-des-livres-a-penser"],"jetpack_publicize_connections":[],"jetpack_featured_media_url":"https:\/\/i0.wp.com\/ferbos-jeanfrancois.legtux.org\/wp-content\/uploads\/2022\/05\/rencontre-Nancy-Meister.jpg?fit=1288%2C2000&ssl=1","jetpack-related-posts":[{"id":1776,"url":"https:\/\/ferbos-jeanfrancois.legtux.org\/?p=1776","url_meta":{"origin":1767,"position":0},"title":"\u00c9crits sur l&rsquo;art &#8211; Philippe Lacoue-Labarthe","author":"Cravan","date":"12 mai 2022","format":false,"excerpt":"Philippe Lacoue-Labarthe Les presses du r\u00e9el - MAMCO - Histoire \u00e0 l'essai & archives contemporaines Philippe Lacoue-Labarthe Philosophe, professeur d'esth\u00e9tique \u00e0 l'universit\u00e9 de Strasbourg, o\u00f9 il a enseign\u00e9 avec Jean-Luc Nancy (avec qui il a publi\u00e9 plusieurs ouvrages), homme de th\u00e9\u00e2tre, critique et germaniste fran\u00e7ais, Philippe Lacoue-Labarthe (1940-2007) \u00e9tait un\u2026","rel":"","context":"Dans &quot;\u00c0 penser&quot;","block_context":{"text":"\u00c0 penser","link":"https:\/\/ferbos-jeanfrancois.legtux.org\/?cat=30"},"img":{"alt_text":"","src":"https:\/\/i0.wp.com\/ferbos-jeanfrancois.legtux.org\/wp-content\/uploads\/2022\/05\/LACOUE-LABARTHE-ECRITS-SUR-L-ART.jpg?fit=358%2C500&ssl=1&resize=350%2C200","width":350,"height":200},"classes":[]},{"id":2982,"url":"https:\/\/ferbos-jeanfrancois.legtux.org\/?p=2982","url_meta":{"origin":1767,"position":1},"title":"\u00c9loge d\u2019une tension \u00e9lastique ou les variations du sujet en mouvement","author":"Cravan","date":"5 avril 2025","format":false,"excerpt":"Jean-Fran\u00e7ois Ferbos - P. 101-112 https:\/\/books.openedition.org\/purh\/23843","rel":"","context":"Dans &quot;\u00c0 penser&quot;","block_context":{"text":"\u00c0 penser","link":"https:\/\/ferbos-jeanfrancois.legtux.org\/?cat=30"},"img":{"alt_text":"","src":"https:\/\/i0.wp.com\/ferbos-jeanfrancois.legtux.org\/wp-content\/uploads\/2025\/02\/CIFALI-HOMMAGE.jpg?fit=699%2C1000&ssl=1&resize=350%2C200","width":350,"height":200,"srcset":"https:\/\/i0.wp.com\/ferbos-jeanfrancois.legtux.org\/wp-content\/uploads\/2025\/02\/CIFALI-HOMMAGE.jpg?fit=699%2C1000&ssl=1&resize=350%2C200 1x, https:\/\/i0.wp.com\/ferbos-jeanfrancois.legtux.org\/wp-content\/uploads\/2025\/02\/CIFALI-HOMMAGE.jpg?fit=699%2C1000&ssl=1&resize=525%2C300 1.5x"},"classes":[]},{"id":1498,"url":"https:\/\/ferbos-jeanfrancois.legtux.org\/?p=1498","url_meta":{"origin":1767,"position":2},"title":"Don Quichotte Chevalier de la post-v\u00e9rit\u00e9 &#8211; Jean-Louis Sous","author":"Cravan","date":"18 f\u00e9vrier 2022","format":false,"excerpt":"Un ouvrage de Jean-Louis Sous Ci-joint une \u00e9tude sur Don Quichotte et par l\u00e0-m\u00eame une r\u00e9plique \u00e0 Michel Onfray ce chevalier errant pourfendeur de la psychanalyse. Jean-Louis Sous Don QuichotteT\u00e9l\u00e9charger Pour commander l'ouvrage Sur le site Oedipe Pr\u00e9sentation et r\u00e9sum\u00e9 Interview de Jean-Louis Sous pour son livre Don Quichotte. Chevalier\u2026","rel":"","context":"Dans &quot;Des livres - des \u00e9crits&quot;","block_context":{"text":"Des livres - des \u00e9crits","link":"https:\/\/ferbos-jeanfrancois.legtux.org\/?cat=49"},"img":{"alt_text":"","src":"https:\/\/i0.wp.com\/ferbos-jeanfrancois.legtux.org\/wp-content\/uploads\/2022\/02\/Don-Quichotte-1.jpg?fit=640%2C480&ssl=1&resize=350%2C200","width":350,"height":200,"srcset":"https:\/\/i0.wp.com\/ferbos-jeanfrancois.legtux.org\/wp-content\/uploads\/2022\/02\/Don-Quichotte-1.jpg?fit=640%2C480&ssl=1&resize=350%2C200 1x, https:\/\/i0.wp.com\/ferbos-jeanfrancois.legtux.org\/wp-content\/uploads\/2022\/02\/Don-Quichotte-1.jpg?fit=640%2C480&ssl=1&resize=525%2C300 1.5x"},"classes":[]},{"id":3117,"url":"https:\/\/ferbos-jeanfrancois.legtux.org\/?p=3117","url_meta":{"origin":1767,"position":3},"title":"Une pand\u00e9mie troublante Des psychanalyses techno-dig\u00e9r\u00e9es","author":"Cravan","date":"29 novembre 2025","format":false,"excerpt":"Clinic Zones Paris 13 et 14 d\u00e9cembre 2025 Inscriptions sur place \u00e0 9h. \u00c0 L'AGORA 64 rue du P\u00e8re Corentin 75014 Paris Samedi de 9h \u00e0 18h - Dimanche de 9h \u00e0 16h M\u00e9tro Ligne 4 Porte d'Orl\u00e9ans Bus 38 et 92 Tram T3a Participation aux frais : pour le\u2026","rel":"","context":"Dans &quot;CLINICS ZONES&quot;","block_context":{"text":"CLINICS ZONES","link":"https:\/\/ferbos-jeanfrancois.legtux.org\/?cat=55"},"img":{"alt_text":"","src":"https:\/\/i0.wp.com\/ferbos-jeanfrancois.legtux.org\/wp-content\/uploads\/2025\/11\/LOGO-CZ-Paris-decembre-2025-1.jpg?fit=1200%2C741&ssl=1&resize=350%2C200","width":350,"height":200,"srcset":"https:\/\/i0.wp.com\/ferbos-jeanfrancois.legtux.org\/wp-content\/uploads\/2025\/11\/LOGO-CZ-Paris-decembre-2025-1.jpg?fit=1200%2C741&ssl=1&resize=350%2C200 1x, https:\/\/i0.wp.com\/ferbos-jeanfrancois.legtux.org\/wp-content\/uploads\/2025\/11\/LOGO-CZ-Paris-decembre-2025-1.jpg?fit=1200%2C741&ssl=1&resize=525%2C300 1.5x, https:\/\/i0.wp.com\/ferbos-jeanfrancois.legtux.org\/wp-content\/uploads\/2025\/11\/LOGO-CZ-Paris-decembre-2025-1.jpg?fit=1200%2C741&ssl=1&resize=700%2C400 2x, https:\/\/i0.wp.com\/ferbos-jeanfrancois.legtux.org\/wp-content\/uploads\/2025\/11\/LOGO-CZ-Paris-decembre-2025-1.jpg?fit=1200%2C741&ssl=1&resize=1050%2C600 3x"},"classes":[]},{"id":2751,"url":"https:\/\/ferbos-jeanfrancois.legtux.org\/?p=2751","url_meta":{"origin":1767,"position":4},"title":"Le paradigme R.S.I","author":"Cravan","date":"24 mai 2024","format":false,"excerpt":"Variantes et tribulations Un ouvrage de Jean-Louis Sous Collection\u00a0 EssaisDate de parution\u00a0 Mai 2024Nombre de pages\u00a0 284 pagesISBN\u00a0 978-2-35427-522-8Format\u00a0 14 x 20,5 x 2,2 cmPoids\u00a0 0,345 kg Pour Commander le livre De 1953 \u00e0 1980, Jacques Lacan n\u2019aura cess\u00e9 de soutenir les trois dimensions avec lesquelles il entendait rendre compte\u2026","rel":"","context":"Dans &quot;Des livres - des \u00e9crits&quot;","block_context":{"text":"Des livres - des \u00e9crits","link":"https:\/\/ferbos-jeanfrancois.legtux.org\/?cat=49"},"img":{"alt_text":"","src":"https:\/\/i0.wp.com\/ferbos-jeanfrancois.legtux.org\/wp-content\/uploads\/2024\/05\/RSI.DIVAN_.png?fit=908%2C598&ssl=1&resize=350%2C200","width":350,"height":200,"srcset":"https:\/\/i0.wp.com\/ferbos-jeanfrancois.legtux.org\/wp-content\/uploads\/2024\/05\/RSI.DIVAN_.png?fit=908%2C598&ssl=1&resize=350%2C200 1x, https:\/\/i0.wp.com\/ferbos-jeanfrancois.legtux.org\/wp-content\/uploads\/2024\/05\/RSI.DIVAN_.png?fit=908%2C598&ssl=1&resize=525%2C300 1.5x, https:\/\/i0.wp.com\/ferbos-jeanfrancois.legtux.org\/wp-content\/uploads\/2024\/05\/RSI.DIVAN_.png?fit=908%2C598&ssl=1&resize=700%2C400 2x"},"classes":[]},{"id":2342,"url":"https:\/\/ferbos-jeanfrancois.legtux.org\/?p=2342","url_meta":{"origin":1767,"position":5},"title":"Transma\u00eetre &#8211; Jean Allouch","author":"Cravan","date":"10 mai 2023","format":false,"excerpt":"Jacques Lacan et son \u00e9l\u00e8ve h\u00e9risson Un ouvrage de Jean Allouch 23\u20ac Pour acheter l'ouvrage, \"clic ici\" Certains psychanalystes sont reconnus des ma\u00eetres dans leur domaine, d\u2019autres sont des \u00e9l\u00e8ves. Ce lien entre eux, diff\u00e9rent de la relation analytique, pousse d\u00e9j\u00e0 \u00e0 lui seul la psychanalyse dans les bras de\u2026","rel":"","context":"Dans &quot;Des livres - des \u00e9crits&quot;","block_context":{"text":"Des livres - des \u00e9crits","link":"https:\/\/ferbos-jeanfrancois.legtux.org\/?cat=49"},"img":{"alt_text":"","src":"https:\/\/i0.wp.com\/ferbos-jeanfrancois.legtux.org\/wp-content\/uploads\/2023\/05\/transmaitre.png?fit=500%2C500&ssl=1&resize=350%2C200","width":350,"height":200},"classes":[]}],"jetpack_likes_enabled":true,"jetpack_sharing_enabled":true,"_links":{"self":[{"href":"https:\/\/ferbos-jeanfrancois.legtux.org\/index.php?rest_route=\/wp\/v2\/posts\/1767","targetHints":{"allow":["GET"]}}],"collection":[{"href":"https:\/\/ferbos-jeanfrancois.legtux.org\/index.php?rest_route=\/wp\/v2\/posts"}],"about":[{"href":"https:\/\/ferbos-jeanfrancois.legtux.org\/index.php?rest_route=\/wp\/v2\/types\/post"}],"author":[{"embeddable":true,"href":"https:\/\/ferbos-jeanfrancois.legtux.org\/index.php?rest_route=\/wp\/v2\/users\/1"}],"replies":[{"embeddable":true,"href":"https:\/\/ferbos-jeanfrancois.legtux.org\/index.php?rest_route=%2Fwp%2Fv2%2Fcomments&post=1767"}],"version-history":[{"count":4,"href":"https:\/\/ferbos-jeanfrancois.legtux.org\/index.php?rest_route=\/wp\/v2\/posts\/1767\/revisions"}],"predecessor-version":[{"id":2421,"href":"https:\/\/ferbos-jeanfrancois.legtux.org\/index.php?rest_route=\/wp\/v2\/posts\/1767\/revisions\/2421"}],"wp:featuredmedia":[{"embeddable":true,"href":"https:\/\/ferbos-jeanfrancois.legtux.org\/index.php?rest_route=\/wp\/v2\/media\/1772"}],"wp:attachment":[{"href":"https:\/\/ferbos-jeanfrancois.legtux.org\/index.php?rest_route=%2Fwp%2Fv2%2Fmedia&parent=1767"}],"wp:term":[{"taxonomy":"category","embeddable":true,"href":"https:\/\/ferbos-jeanfrancois.legtux.org\/index.php?rest_route=%2Fwp%2Fv2%2Fcategories&post=1767"},{"taxonomy":"post_tag","embeddable":true,"href":"https:\/\/ferbos-jeanfrancois.legtux.org\/index.php?rest_route=%2Fwp%2Fv2%2Ftags&post=1767"}],"curies":[{"name":"wp","href":"https:\/\/api.w.org\/{rel}","templated":true}]}}