{"id":1776,"date":"2022-05-12T17:04:44","date_gmt":"2022-05-12T15:04:44","guid":{"rendered":"https:\/\/ferbos-jeanfrancois.legtux.org\/?p=1776"},"modified":"2023-05-10T20:22:17","modified_gmt":"2023-05-10T18:22:17","slug":"ecrits-sur-lart","status":"publish","type":"post","link":"https:\/\/ferbos-jeanfrancois.legtux.org\/?p=1776","title":{"rendered":"\u00c9crits sur l&rsquo;art &#8211; Philippe Lacoue-Labarthe"},"content":{"rendered":"\n<h3 class=\"wp-block-heading\">Philippe Lacoue-Labarthe<\/h3>\n\n\n\n<h4 class=\"wp-block-heading\">Les presses du r\u00e9el &#8211; MAMCO &#8211; Histoire \u00e0 l&rsquo;essai &amp; archives contemporaines<\/h4>\n\n\n<div class=\"wp-block-image is-style-rounded\">\n<figure class=\"aligncenter size-full is-resized\"><img data-recalc-dims=\"1\" loading=\"lazy\" decoding=\"async\" data-attachment-id=\"1777\" data-permalink=\"https:\/\/ferbos-jeanfrancois.legtux.org\/?attachment_id=1777\" data-orig-file=\"https:\/\/i0.wp.com\/ferbos-jeanfrancois.legtux.org\/wp-content\/uploads\/2022\/05\/Lacoue-Labarthe.jpg?fit=400%2C400&amp;ssl=1\" data-orig-size=\"400,400\" data-comments-opened=\"1\" data-image-meta=\"{&quot;aperture&quot;:&quot;0&quot;,&quot;credit&quot;:&quot;&quot;,&quot;camera&quot;:&quot;&quot;,&quot;caption&quot;:&quot;&quot;,&quot;created_timestamp&quot;:&quot;0&quot;,&quot;copyright&quot;:&quot;&quot;,&quot;focal_length&quot;:&quot;0&quot;,&quot;iso&quot;:&quot;0&quot;,&quot;shutter_speed&quot;:&quot;0&quot;,&quot;title&quot;:&quot;&quot;,&quot;orientation&quot;:&quot;0&quot;}\" data-image-title=\"Lacoue-Labarthe\" data-image-description=\"\" data-image-caption=\"\" data-large-file=\"https:\/\/i0.wp.com\/ferbos-jeanfrancois.legtux.org\/wp-content\/uploads\/2022\/05\/Lacoue-Labarthe.jpg?fit=400%2C400&amp;ssl=1\" src=\"https:\/\/i0.wp.com\/ferbos-jeanfrancois.legtux.org\/wp-content\/uploads\/2022\/05\/Lacoue-Labarthe.jpg?resize=121%2C121&#038;ssl=1\" alt=\"\" class=\"wp-image-1777\" width=\"121\" height=\"121\" srcset=\"https:\/\/i0.wp.com\/ferbos-jeanfrancois.legtux.org\/wp-content\/uploads\/2022\/05\/Lacoue-Labarthe.jpg?w=400&amp;ssl=1 400w, https:\/\/i0.wp.com\/ferbos-jeanfrancois.legtux.org\/wp-content\/uploads\/2022\/05\/Lacoue-Labarthe.jpg?resize=300%2C300&amp;ssl=1 300w, https:\/\/i0.wp.com\/ferbos-jeanfrancois.legtux.org\/wp-content\/uploads\/2022\/05\/Lacoue-Labarthe.jpg?resize=200%2C200&amp;ssl=1 200w\" sizes=\"auto, (max-width: 121px) 100vw, 121px\" \/><figcaption class=\"wp-element-caption\">Philippe Lacoue-Labarthe<\/figcaption><\/figure>\n<\/div>\n\n\n<p class=\"has-small-font-size wp-block-paragraph\">Philosophe, professeur d&rsquo;esth\u00e9tique \u00e0 l&rsquo;universit\u00e9 de Strasbourg, o\u00f9 il a enseign\u00e9 avec Jean-Luc Nancy (avec qui il a publi\u00e9 plusieurs ouvrages), homme de th\u00e9\u00e2tre, critique et germaniste fran\u00e7ais, Philippe Lacoue-Labarthe (1940-2007) \u00e9tait un sp\u00e9cialiste de la pens\u00e9e de Martin Heidegger, de <a href=\"https:\/\/www.lespressesdureel.com\/auteur.php?id=1422\">J<\/a>acques Derrida ou encore de Jacques Lacan, mais aussi du romantisme allemand et de Paul Celan.<\/p>\n\n\n\n<div class=\"wp-block-media-text alignfull is-stacked-on-mobile is-vertically-aligned-center\"><figure class=\"wp-block-media-text__media\"><img data-recalc-dims=\"1\" loading=\"lazy\" decoding=\"async\" width=\"358\" height=\"500\" data-attachment-id=\"1778\" data-permalink=\"https:\/\/ferbos-jeanfrancois.legtux.org\/?attachment_id=1778\" data-orig-file=\"https:\/\/i0.wp.com\/ferbos-jeanfrancois.legtux.org\/wp-content\/uploads\/2022\/05\/LACOUE-LABARTHE-ECRITS-SUR-L-ART.jpg?fit=358%2C500&amp;ssl=1\" data-orig-size=\"358,500\" data-comments-opened=\"1\" data-image-meta=\"{&quot;aperture&quot;:&quot;0&quot;,&quot;credit&quot;:&quot;&quot;,&quot;camera&quot;:&quot;&quot;,&quot;caption&quot;:&quot;&quot;,&quot;created_timestamp&quot;:&quot;0&quot;,&quot;copyright&quot;:&quot;&quot;,&quot;focal_length&quot;:&quot;0&quot;,&quot;iso&quot;:&quot;0&quot;,&quot;shutter_speed&quot;:&quot;0&quot;,&quot;title&quot;:&quot;&quot;,&quot;orientation&quot;:&quot;0&quot;}\" data-image-title=\"LACOUE-LABARTHE-ECRITS-SUR-L-ART\" data-image-description=\"\" data-image-caption=\"\" data-large-file=\"https:\/\/i0.wp.com\/ferbos-jeanfrancois.legtux.org\/wp-content\/uploads\/2022\/05\/LACOUE-LABARTHE-ECRITS-SUR-L-ART.jpg?fit=358%2C500&amp;ssl=1\" src=\"https:\/\/i0.wp.com\/ferbos-jeanfrancois.legtux.org\/wp-content\/uploads\/2022\/05\/LACOUE-LABARTHE-ECRITS-SUR-L-ART.jpg?resize=358%2C500&#038;ssl=1\" alt=\"\" class=\"wp-image-1778 size-full\" srcset=\"https:\/\/i0.wp.com\/ferbos-jeanfrancois.legtux.org\/wp-content\/uploads\/2022\/05\/LACOUE-LABARTHE-ECRITS-SUR-L-ART.jpg?w=358&amp;ssl=1 358w, https:\/\/i0.wp.com\/ferbos-jeanfrancois.legtux.org\/wp-content\/uploads\/2022\/05\/LACOUE-LABARTHE-ECRITS-SUR-L-ART.jpg?resize=215%2C300&amp;ssl=1 215w\" sizes=\"auto, (max-width: 358px) 100vw, 358px\" \/><\/figure><div class=\"wp-block-media-text__content\">\n<h3 class=\"wp-block-heading has-text-align-center has-text-color\" style=\"color:#000000\"><strong><a href=\"https:\/\/www.lespressesdureel.com\/ouvrage.php?id=1551&amp;menu=0\" target=\"_blank\" rel=\"noreferrer noopener\">Se procurer l&rsquo;ouvrage<\/a><\/strong><\/h3>\n\n\n\n<p class=\"wp-block-paragraph\">La quasi totalit\u00e9 des textes sur l&rsquo;art du philosophe, r\u00e9unis pour la premi\u00e8re fois (nouvelle \u00e9dition revue et corrig\u00e9e).<\/p>\n\n\n\n<p class=\"wp-block-paragraph\">Ce recueil posthume voit pour la premi\u00e8re fois rassembl\u00e9e la quasi totalit\u00e9 des textes de Philippe Lacoue-Labarthe directement attach\u00e9s aux \u00ab\u2009arts du silence\u2009\u00bb \u2013 ceux que l&rsquo;on nomme souvent \u00ab\u2009visuels\u2009\u00bb ou \u00ab\u2009plastiques\u2009\u00bb. Textes de plaquette, de catalogue ou de monographie, textes parus en revue, in\u00e9dits ou livres \u00e0 part enti\u00e8re, chacun de ces \u00e9crits creuse \u00e0 sa mani\u00e8re la distance qui s\u00e9pare et relie le discours et les \u0153uvres. Mais si au fil de la chronologie (1976-2005) le registre ne cesse de varier, allant de l&rsquo;expos\u00e9 au dialogue en faisant un d\u00e9tour par la chronique de Salon, une ligne s&rsquo;y poursuit dans la fid\u00e9lit\u00e9 \u00e0 une id\u00e9e de l&rsquo;art command\u00e9e par la question de l&rsquo;abandon du sacr\u00e9. Jean-Christophe Bailly le pointe dans sa pr\u00e9face : c&rsquo;est dans un rapport chaque fois particulier aux \u0153uvres \u2013 \u00ab\u2009\u00e9motion\u2009\u00bb ou \u00ab\u2009\u00e9trangement\u2009\u00bb m\u00eal\u00e9s de m\u00e9fiance et de fascination \u2013 que se d\u00e9cide cette fid\u00e9lit\u00e9 ouverte d\u00e8s la premi\u00e8re phrase du livre, \u00e0 la fois question initiale et leitmotiv : l&rsquo;art peut-il s&rsquo;identifier ?<\/p>\n<\/div><\/div>\n","protected":false},"excerpt":{"rendered":"<p>Philippe Lacoue-Labarthe Les presses du r\u00e9el &#8211; MAMCO &#8211; Histoire \u00e0 l&rsquo;essai &amp; archives contemporaines Philosophe, professeur d&rsquo;esth\u00e9tique \u00e0 l&rsquo;universit\u00e9 de Strasbourg,<\/p>\n<p class=\"link-more\"><a class=\"myButt \" href=\"https:\/\/ferbos-jeanfrancois.legtux.org\/?p=1776\">Read More<\/a><\/p>\n","protected":false},"author":1,"featured_media":1778,"comment_status":"closed","ping_status":"closed","sticky":false,"template":"","format":"standard","meta":{"_crdt_document":"","jetpack_post_was_ever_published":false,"_jetpack_newsletter_access":"","_jetpack_dont_email_post_to_subs":false,"_jetpack_newsletter_tier_id":0,"_jetpack_memberships_contains_paywalled_content":false,"_jetpack_memberships_contains_paid_content":false,"footnotes":"","jetpack_publicize_message":"","jetpack_publicize_feature_enabled":true,"jetpack_social_post_already_shared":true,"jetpack_social_options":{"image_generator_settings":{"template":"highway","default_image_id":0,"font":"","enabled":false},"version":2}},"categories":[30,49,54],"tags":[],"class_list":["post-1776","post","type-post","status-publish","format-standard","has-post-thumbnail","hentry","category-a-penser","category-des-livres","category-des-livres-a-penser"],"jetpack_publicize_connections":[],"jetpack_featured_media_url":"https:\/\/i0.wp.com\/ferbos-jeanfrancois.legtux.org\/wp-content\/uploads\/2022\/05\/LACOUE-LABARTHE-ECRITS-SUR-L-ART.jpg?fit=358%2C500&ssl=1","jetpack-related-posts":[{"id":3104,"url":"https:\/\/ferbos-jeanfrancois.legtux.org\/?p=3104","url_meta":{"origin":1776,"position":0},"title":"Rencontre avec Philippe Lacad\u00e9e &#8211; Le Dit po\u00e9tique d&rsquo;un ange en exil : Rimbaud avec Lacan","author":"Cravan","date":"2 novembre 2025","format":false,"excerpt":"Philippe Lacad\u00e9e vous pr\u00e9sente son ouvrage \"Le Dit po\u00e9tique d'un ange en exil : Rimbaud avec Lacan\" aux \u00e9ditions Lettre vol\u00e9e. Entretien avec Mich\u00e8le Elbaz. Lectures : \u00c9tienne Germe. En partenariat avec l'ACF. Retrouvez le livre : https:\/\/www.mollat.com\/livres\/3296022... https:\/\/youtu.be\/R_D_hH4N9Ss?si=IneBorD5JdDOCPtp","rel":"","context":"Dans &quot;Des livres - des \u00e9crits&quot;","block_context":{"text":"Des livres - des \u00e9crits","link":"https:\/\/ferbos-jeanfrancois.legtux.org\/?cat=49"},"img":{"alt_text":"","src":"https:\/\/i0.wp.com\/ferbos-jeanfrancois.legtux.org\/wp-content\/uploads\/2025\/11\/LKD.jpg?fit=851%2C1200&ssl=1&resize=350%2C200","width":350,"height":200,"srcset":"https:\/\/i0.wp.com\/ferbos-jeanfrancois.legtux.org\/wp-content\/uploads\/2025\/11\/LKD.jpg?fit=851%2C1200&ssl=1&resize=350%2C200 1x, https:\/\/i0.wp.com\/ferbos-jeanfrancois.legtux.org\/wp-content\/uploads\/2025\/11\/LKD.jpg?fit=851%2C1200&ssl=1&resize=525%2C300 1.5x, https:\/\/i0.wp.com\/ferbos-jeanfrancois.legtux.org\/wp-content\/uploads\/2025\/11\/LKD.jpg?fit=851%2C1200&ssl=1&resize=700%2C400 2x"},"classes":[]},{"id":970,"url":"https:\/\/ferbos-jeanfrancois.legtux.org\/?p=970","url_meta":{"origin":1776,"position":1},"title":"Entretien avec Philippe Lacad\u00e9e","author":"Cravan","date":"4 f\u00e9vrier 2022","format":false,"excerpt":"Un entretien de Philippe Lacad\u00e9e, psychanalyste bordelais, coordinateur europ\u00e9en du CIEN, men\u00e9 par Joseph Rossetto principal du coll\u00e8ge Pierre S\u00e9mard \u00e0 Bobigny et r\u00e9alis\u00e9 par Philippe Troyon : Philippe Lacad\u00e9e est l\u2019auteur de deux ouvrages, \u00ab Le malentendu de l\u2019enfant \u00bb, \u00e9ditions Payot Lausanne et de \u00ab L\u2019\u00e9veil et l\u2019exil,\u2026","rel":"","context":"Dans &quot;Activit\u00e9s&quot;","block_context":{"text":"Activit\u00e9s","link":"https:\/\/ferbos-jeanfrancois.legtux.org\/?cat=39"},"img":{"alt_text":"","src":"https:\/\/i0.wp.com\/ferbos-jeanfrancois.legtux.org\/wp-content\/uploads\/2022\/02\/2000003486035.webp?fit=489%2C438&ssl=1&resize=350%2C200","width":350,"height":200},"classes":[]},{"id":2349,"url":"https:\/\/ferbos-jeanfrancois.legtux.org\/?p=2349","url_meta":{"origin":1776,"position":2},"title":"Erotique du deuil au temps de la mort s\u00e8che &#8211; Jean Allouch","author":"Cravan","date":"10 mai 2023","format":false,"excerpt":"(3\u00b0 \u00e9d. revue et augment\u00e9e) Un ouvrage de Jean Allouch 35\u20ac Pour commander l'ouvrage, \"clic ici\" Le \u00ab travail du deuil \u00bb est devenu une banalit\u00e9. L\u2019objet du deuil, pr\u00e9tend-on, est substituable. Voil\u00e0 le credo qu\u2019il s\u2019agit d\u2019interroger. D\u2019abord avec Philippe Ari\u00e8s, en repla\u00e7ant cette version psychanalytique dans son contexte\u2026","rel":"","context":"Dans &quot;Des livres - des \u00e9crits&quot;","block_context":{"text":"Des livres - des \u00e9crits","link":"https:\/\/ferbos-jeanfrancois.legtux.org\/?cat=49"},"img":{"alt_text":"","src":"https:\/\/i0.wp.com\/ferbos-jeanfrancois.legtux.org\/wp-content\/uploads\/2023\/05\/ALLOUCH.jpg?resize=350%2C200&ssl=1","width":350,"height":200},"classes":[]},{"id":1767,"url":"https:\/\/ferbos-jeanfrancois.legtux.org\/?p=1767","url_meta":{"origin":1776,"position":3},"title":"Rencontre &#8211; Jean-Luc Nancy et Caroline Meister","author":"Cravan","date":"12 mai 2022","format":false,"excerpt":"Jean-Luc Nancy et Caroline Meister Les presses du r\u00e9el - Diaphane Jean-Luc Nancy Caroline Meister Jean-Luc Nancy (1940-2021) est l'une des grandes figures de la philosophie post-moderne. Professeur de philosophie \u00e0 l'universit\u00e9 de Strasbourg de 1968 jusqu'\u00e0 son \u00e9m\u00e9ritat en 2004, o\u00f9 il a enseign\u00e9 avec Philippe Lacoue-Labarthe (avec qui\u2026","rel":"","context":"Dans &quot;\u00c0 penser&quot;","block_context":{"text":"\u00c0 penser","link":"https:\/\/ferbos-jeanfrancois.legtux.org\/?cat=30"},"img":{"alt_text":"","src":"https:\/\/i0.wp.com\/ferbos-jeanfrancois.legtux.org\/wp-content\/uploads\/2022\/05\/rencontre-Nancy-Meister.jpg?fit=773%2C1200&ssl=1&resize=350%2C200","width":350,"height":200,"srcset":"https:\/\/i0.wp.com\/ferbos-jeanfrancois.legtux.org\/wp-content\/uploads\/2022\/05\/rencontre-Nancy-Meister.jpg?fit=773%2C1200&ssl=1&resize=350%2C200 1x, https:\/\/i0.wp.com\/ferbos-jeanfrancois.legtux.org\/wp-content\/uploads\/2022\/05\/rencontre-Nancy-Meister.jpg?fit=773%2C1200&ssl=1&resize=525%2C300 1.5x, https:\/\/i0.wp.com\/ferbos-jeanfrancois.legtux.org\/wp-content\/uploads\/2022\/05\/rencontre-Nancy-Meister.jpg?fit=773%2C1200&ssl=1&resize=700%2C400 2x"},"classes":[]},{"id":2764,"url":"https:\/\/ferbos-jeanfrancois.legtux.org\/?p=2764","url_meta":{"origin":1776,"position":4},"title":"Hi\u00e9rarchie et institution","author":"Cravan","date":"21 juin 2024","format":false,"excerpt":"Un ouvrage de Pierre Delion Pierre Delion est professeur \u00e9m\u00e9rite de p\u00e9dopsychiatrie, universit\u00e9 de Lille, psychanalyste. Pour commander l'ouvrage Remarques ci-dessous absolument valables pour l'ensemble des institutions des \"m\u00e9tiers de la relation et du front\" (M. Cifali) comme l'\u00c9ducation Nationale. JFF Pr\u00e9face de Philippe MEIRIEU Une hi\u00e9rarchie statutaire ne suffit\u2026","rel":"","context":"Dans &quot;\u00c0 penser&quot;","block_context":{"text":"\u00c0 penser","link":"https:\/\/ferbos-jeanfrancois.legtux.org\/?cat=30"},"img":{"alt_text":"","src":"https:\/\/i0.wp.com\/ferbos-jeanfrancois.legtux.org\/wp-content\/uploads\/2024\/06\/202301231056pierre-delion-sur-site-ombres-blanches.png?fit=400%2C300&ssl=1&resize=350%2C200","width":350,"height":200},"classes":[]},{"id":2925,"url":"https:\/\/ferbos-jeanfrancois.legtux.org\/?p=2925","url_meta":{"origin":1776,"position":5},"title":"Psychanalyse et \u00e9ducation, questions \u00e0 Mireille Cifali","author":"Cravan","date":"6 f\u00e9vrier 2025","format":false,"excerpt":"Sous la direction de Fr\u00e9d\u00e9rique-Marie Prot 18,00\u20ac \u00c0 partir du 20 mars 2025 FLYER-PRESENTATIONT\u00e9l\u00e9charger COUV-PSY-EDUCATION-20250128T\u00e9l\u00e9charger https:\/\/www.purh-ed.fr\/book\/?gcoi=28777100251620 https:\/\/www.cultura.com\/p-psychanalyse-et-education-questions-a-mireille-cifali-9791024018706.html https:\/\/www.mollat.com\/livres\/3303720\/psychanalyse-et-education-questions-a-mireille-cifali Pr\u00e9sentation - Mireille Cifali professeure, \u00c9tiennette Velas - Mireille Cifali : une oeuvre, Henri Louis Go Histoire, psychanalyse, \u00e9ducation - L'\u00e2me enfantine et la psychanalyse, entre pr\u00e9sent et pass\u00e9, Mireille CIfali, (Re)lire\u2026","rel":"","context":"Dans &quot;\u00c0 penser&quot;","block_context":{"text":"\u00c0 penser","link":"https:\/\/ferbos-jeanfrancois.legtux.org\/?cat=30"},"img":{"alt_text":"","src":"https:\/\/i0.wp.com\/ferbos-jeanfrancois.legtux.org\/wp-content\/uploads\/2022\/03\/mireille-cifali.jpg?fit=450%2C338&ssl=1&resize=350%2C200","width":350,"height":200},"classes":[]}],"jetpack_likes_enabled":true,"jetpack_sharing_enabled":true,"_links":{"self":[{"href":"https:\/\/ferbos-jeanfrancois.legtux.org\/index.php?rest_route=\/wp\/v2\/posts\/1776","targetHints":{"allow":["GET"]}}],"collection":[{"href":"https:\/\/ferbos-jeanfrancois.legtux.org\/index.php?rest_route=\/wp\/v2\/posts"}],"about":[{"href":"https:\/\/ferbos-jeanfrancois.legtux.org\/index.php?rest_route=\/wp\/v2\/types\/post"}],"author":[{"embeddable":true,"href":"https:\/\/ferbos-jeanfrancois.legtux.org\/index.php?rest_route=\/wp\/v2\/users\/1"}],"replies":[{"embeddable":true,"href":"https:\/\/ferbos-jeanfrancois.legtux.org\/index.php?rest_route=%2Fwp%2Fv2%2Fcomments&post=1776"}],"version-history":[{"count":4,"href":"https:\/\/ferbos-jeanfrancois.legtux.org\/index.php?rest_route=\/wp\/v2\/posts\/1776\/revisions"}],"predecessor-version":[{"id":2420,"href":"https:\/\/ferbos-jeanfrancois.legtux.org\/index.php?rest_route=\/wp\/v2\/posts\/1776\/revisions\/2420"}],"wp:featuredmedia":[{"embeddable":true,"href":"https:\/\/ferbos-jeanfrancois.legtux.org\/index.php?rest_route=\/wp\/v2\/media\/1778"}],"wp:attachment":[{"href":"https:\/\/ferbos-jeanfrancois.legtux.org\/index.php?rest_route=%2Fwp%2Fv2%2Fmedia&parent=1776"}],"wp:term":[{"taxonomy":"category","embeddable":true,"href":"https:\/\/ferbos-jeanfrancois.legtux.org\/index.php?rest_route=%2Fwp%2Fv2%2Fcategories&post=1776"},{"taxonomy":"post_tag","embeddable":true,"href":"https:\/\/ferbos-jeanfrancois.legtux.org\/index.php?rest_route=%2Fwp%2Fv2%2Ftags&post=1776"}],"curies":[{"name":"wp","href":"https:\/\/api.w.org\/{rel}","templated":true}]}}