{"id":1794,"date":"2022-05-23T19:29:44","date_gmt":"2022-05-23T17:29:44","guid":{"rendered":"https:\/\/ferbos-jeanfrancois.legtux.org\/?p=1794"},"modified":"2022-05-23T19:29:50","modified_gmt":"2022-05-23T17:29:50","slug":"diffracter-les-heritages-pollues-de-la-psychanalyse","status":"publish","type":"post","link":"https:\/\/ferbos-jeanfrancois.legtux.org\/?p=1794","title":{"rendered":"Diffracter les h\u00e9ritages pollu\u00e9s de la psychanalyse"},"content":{"rendered":"\n<h3 class=\"has-text-align-center has-black-color has-text-color wp-block-heading\">Clinic Zones \u00e0 Marseille &#8211; Une activit\u00e9 de Mayette Viltard<\/h3>\n\n\n<div class=\"wp-block-image\">\n<figure class=\"aligncenter size-full is-resized\"><img data-recalc-dims=\"1\" loading=\"lazy\" decoding=\"async\" data-attachment-id=\"1798\" data-permalink=\"https:\/\/ferbos-jeanfrancois.legtux.org\/?attachment_id=1798\" data-orig-file=\"https:\/\/i0.wp.com\/ferbos-jeanfrancois.legtux.org\/wp-content\/uploads\/2022\/05\/CZ-MARSEILLE.jpg?fit=870%2C526&amp;ssl=1\" data-orig-size=\"870,526\" data-comments-opened=\"1\" data-image-meta=\"{&quot;aperture&quot;:&quot;0&quot;,&quot;credit&quot;:&quot;&quot;,&quot;camera&quot;:&quot;&quot;,&quot;caption&quot;:&quot;&quot;,&quot;created_timestamp&quot;:&quot;0&quot;,&quot;copyright&quot;:&quot;&quot;,&quot;focal_length&quot;:&quot;0&quot;,&quot;iso&quot;:&quot;0&quot;,&quot;shutter_speed&quot;:&quot;0&quot;,&quot;title&quot;:&quot;&quot;,&quot;orientation&quot;:&quot;1&quot;}\" data-image-title=\"CZ-MARSEILLE\" data-image-description=\"\" data-image-caption=\"\" data-large-file=\"https:\/\/i0.wp.com\/ferbos-jeanfrancois.legtux.org\/wp-content\/uploads\/2022\/05\/CZ-MARSEILLE.jpg?fit=640%2C387&amp;ssl=1\" src=\"https:\/\/i0.wp.com\/ferbos-jeanfrancois.legtux.org\/wp-content\/uploads\/2022\/05\/CZ-MARSEILLE.jpg?resize=640%2C386&#038;ssl=1\" alt=\"\" class=\"wp-image-1798\" width=\"640\" height=\"386\" srcset=\"https:\/\/i0.wp.com\/ferbos-jeanfrancois.legtux.org\/wp-content\/uploads\/2022\/05\/CZ-MARSEILLE.jpg?w=870&amp;ssl=1 870w, https:\/\/i0.wp.com\/ferbos-jeanfrancois.legtux.org\/wp-content\/uploads\/2022\/05\/CZ-MARSEILLE.jpg?resize=300%2C181&amp;ssl=1 300w, https:\/\/i0.wp.com\/ferbos-jeanfrancois.legtux.org\/wp-content\/uploads\/2022\/05\/CZ-MARSEILLE.jpg?resize=768%2C464&amp;ssl=1 768w\" sizes=\"auto, (max-width: 640px) 100vw, 640px\" \/><\/figure>\n<\/div>\n\n\n<h3 class=\"has-text-align-center has-black-color has-white-background-color has-text-color has-background wp-block-heading\">Les 4 et juin 2022<\/h3>\n\n\n\n<h3 class=\"has-text-align-center has-black-color has-white-background-color has-text-color has-background wp-block-heading\">Maison de la Suisse &#8211; 7 rue d&rsquo;Arcole &#8211; 1306 Marseille<\/h3>\n\n\n\n<h3 class=\"has-text-align-center has-black-color has-white-background-color has-text-color has-background wp-block-heading\">Samedi de 9h \u00e0 18h &#8211; Dimanche de 9h30 \u00e0 16h<\/h3>\n\n\n\n<div data-wp-interactive=\"core\/file\" class=\"wp-block-file aligncenter\"><object data-wp-bind--hidden=\"!state.hasPdfPreview\" hidden class=\"wp-block-file__embed\" data=\"https:\/\/ferbos-jeanfrancois.legtux.org\/wp-content\/uploads\/2022\/05\/CZ-1-Marseille-2022.pdf\" type=\"application\/pdf\" style=\"width:100%;height:600px\" aria-label=\"Contenu embarqu\u00e9 Embed of CZ 1 Marseille..\"><\/object><a id=\"wp-block-file--media-29bbb8c6-a198-4204-9af9-2fbb47b912db\" href=\"https:\/\/ferbos-jeanfrancois.legtux.org\/wp-content\/uploads\/2022\/05\/CZ-1-Marseille-2022.pdf\">CZ 1 Marseille<\/a><a href=\"https:\/\/ferbos-jeanfrancois.legtux.org\/wp-content\/uploads\/2022\/05\/CZ-1-Marseille-2022.pdf\" class=\"wp-block-file__button\" download aria-describedby=\"wp-block-file--media-29bbb8c6-a198-4204-9af9-2fbb47b912db\">T\u00e9l\u00e9charger<\/a><\/div>\n\n\n\n<div style=\"height:100px\" aria-hidden=\"true\" class=\"wp-block-spacer\"><\/div>\n\n\n\n<div data-wp-interactive=\"core\/file\" class=\"wp-block-file\"><object data-wp-bind--hidden=\"!state.hasPdfPreview\" hidden class=\"wp-block-file__embed\" data=\"https:\/\/ferbos-jeanfrancois.legtux.org\/wp-content\/uploads\/2022\/05\/CZ-2-Marseille-2022.pdf\" type=\"application\/pdf\" style=\"width:100%;height:600px\" aria-label=\"Contenu embarqu\u00e9 Embed of CZ 2 Marseille 2022..\"><\/object><a id=\"wp-block-file--media-011a5099-ef8b-4e68-8fff-e106d5d18107\" href=\"https:\/\/ferbos-jeanfrancois.legtux.org\/wp-content\/uploads\/2022\/05\/CZ-2-Marseille-2022.pdf\">CZ 2 Marseille 2022<\/a><a href=\"https:\/\/ferbos-jeanfrancois.legtux.org\/wp-content\/uploads\/2022\/05\/CZ-2-Marseille-2022.pdf\" class=\"wp-block-file__button\" download aria-describedby=\"wp-block-file--media-011a5099-ef8b-4e68-8fff-e106d5d18107\">T\u00e9l\u00e9charger<\/a><\/div>\n\n\n\n<div style=\"height:100px\" aria-hidden=\"true\" class=\"wp-block-spacer\"><\/div>\n\n\n\n<div data-wp-interactive=\"core\/file\" class=\"wp-block-file\"><object data-wp-bind--hidden=\"!state.hasPdfPreview\" hidden class=\"wp-block-file__embed\" data=\"https:\/\/ferbos-jeanfrancois.legtux.org\/wp-content\/uploads\/2022\/05\/pour-Clinic-zones-a\u0300-Marseille.pdf\" type=\"application\/pdf\" style=\"width:100%;height:600px\" aria-label=\"Contenu embarqu\u00e9 Embed of Clinic zones a\u0300 Marseille..\"><\/object><a id=\"wp-block-file--media-493fd2d3-fe44-46b0-9f7f-784a308bd863\" href=\"https:\/\/ferbos-jeanfrancois.legtux.org\/wp-content\/uploads\/2022\/05\/pour-Clinic-zones-a\u0300-Marseille.pdf\">Clinic zones a\u0300 Marseille<\/a><a href=\"https:\/\/ferbos-jeanfrancois.legtux.org\/wp-content\/uploads\/2022\/05\/pour-Clinic-zones-a\u0300-Marseille.pdf\" class=\"wp-block-file__button\" download aria-describedby=\"wp-block-file--media-493fd2d3-fe44-46b0-9f7f-784a308bd863\">T\u00e9l\u00e9charger<\/a><\/div>\n\n\n\n<p class=\"wp-block-paragraph\"><\/p>\n","protected":false},"excerpt":{"rendered":"<p>Clinic Zones \u00e0 Marseille &#8211; Une activit\u00e9 de Mayette Viltard Les 4 et juin 2022 Maison de la Suisse &#8211; 7 rue<\/p>\n<p class=\"link-more\"><a class=\"myButt \" href=\"https:\/\/ferbos-jeanfrancois.legtux.org\/?p=1794\">Read More<\/a><\/p>\n","protected":false},"author":1,"featured_media":1798,"comment_status":"closed","ping_status":"closed","sticky":false,"template":"","format":"standard","meta":{"_crdt_document":"","jetpack_post_was_ever_published":false,"_jetpack_newsletter_access":"","_jetpack_dont_email_post_to_subs":false,"_jetpack_newsletter_tier_id":0,"_jetpack_memberships_contains_paywalled_content":false,"_jetpack_memberships_contains_paid_content":false,"footnotes":"","jetpack_publicize_message":"Annonce de Clinc Zones \u00e0 Marseille, Une activit\u00e9 de Mayette Viltard, membre de l'\u00c9cole lacanienne de psychanalyse","jetpack_publicize_feature_enabled":true,"jetpack_social_post_already_shared":true,"jetpack_social_options":{"image_generator_settings":{"template":"highway","default_image_id":0,"font":"","enabled":false},"version":2}},"categories":[39,29],"tags":[],"class_list":["post-1794","post","type-post","status-publish","format-standard","has-post-thumbnail","hentry","category-activites","category-psychanalyse"],"jetpack_publicize_connections":[],"jetpack_featured_media_url":"https:\/\/i0.wp.com\/ferbos-jeanfrancois.legtux.org\/wp-content\/uploads\/2022\/05\/CZ-MARSEILLE.jpg?fit=870%2C526&ssl=1","jetpack-related-posts":[{"id":2974,"url":"https:\/\/ferbos-jeanfrancois.legtux.org\/?p=2974","url_meta":{"origin":1794,"position":0},"title":"PLACE PUBLIQUE 2025","author":"Cravan","date":"26 mars 2025","format":false,"excerpt":"Mayette VILTARD La question de la sensation dans l'exercice de la psychanalyse parMARCELO REAL SAMEDI 5 AVRIL \u00e0 L\u2019AGORA64 rue du p\u00e8re Corentin Paris 14eM\u00e9tro Ligne 4 Porte d\u2019Orl\u00e9ans, Bus 38 et 92; Tram T3a Place publique avril 25 T\u00e9l\u00e9charger","rel":"","context":"Dans &quot;Activit\u00e9s&quot;","block_context":{"text":"Activit\u00e9s","link":"https:\/\/ferbos-jeanfrancois.legtux.org\/?cat=39"},"img":{"alt_text":"","src":"https:\/\/i0.wp.com\/ferbos-jeanfrancois.legtux.org\/wp-content\/uploads\/2025\/03\/Place-publique-avril-25-copie-1-1.jpg?fit=846%2C720&ssl=1&resize=350%2C200","width":350,"height":200,"srcset":"https:\/\/i0.wp.com\/ferbos-jeanfrancois.legtux.org\/wp-content\/uploads\/2025\/03\/Place-publique-avril-25-copie-1-1.jpg?fit=846%2C720&ssl=1&resize=350%2C200 1x, https:\/\/i0.wp.com\/ferbos-jeanfrancois.legtux.org\/wp-content\/uploads\/2025\/03\/Place-publique-avril-25-copie-1-1.jpg?fit=846%2C720&ssl=1&resize=525%2C300 1.5x, https:\/\/i0.wp.com\/ferbos-jeanfrancois.legtux.org\/wp-content\/uploads\/2025\/03\/Place-publique-avril-25-copie-1-1.jpg?fit=846%2C720&ssl=1&resize=700%2C400 2x"},"classes":[]},{"id":2894,"url":"https:\/\/ferbos-jeanfrancois.legtux.org\/?p=2894","url_meta":{"origin":1794,"position":1},"title":"CLINIC ZONES PARIS","author":"Cravan","date":"8 d\u00e9cembre 2024","format":false,"excerpt":"PSYCHANALYSTES \u00c0 LA SAUCE PIQUANTE Une activit\u00e9 sous la responsabilit\u00e9 de Mayette Viltard CZ Paris de\u0301cembre 2024T\u00e9l\u00e9charger","rel":"","context":"Dans &quot;Activit\u00e9s&quot;","block_context":{"text":"Activit\u00e9s","link":"https:\/\/ferbos-jeanfrancois.legtux.org\/?cat=39"},"img":{"alt_text":"","src":"https:\/\/i0.wp.com\/ferbos-jeanfrancois.legtux.org\/wp-content\/uploads\/2024\/12\/CZ-DEC-24-LOGO.png?fit=1200%2C918&ssl=1&resize=350%2C200","width":350,"height":200,"srcset":"https:\/\/i0.wp.com\/ferbos-jeanfrancois.legtux.org\/wp-content\/uploads\/2024\/12\/CZ-DEC-24-LOGO.png?fit=1200%2C918&ssl=1&resize=350%2C200 1x, https:\/\/i0.wp.com\/ferbos-jeanfrancois.legtux.org\/wp-content\/uploads\/2024\/12\/CZ-DEC-24-LOGO.png?fit=1200%2C918&ssl=1&resize=525%2C300 1.5x, https:\/\/i0.wp.com\/ferbos-jeanfrancois.legtux.org\/wp-content\/uploads\/2024\/12\/CZ-DEC-24-LOGO.png?fit=1200%2C918&ssl=1&resize=700%2C400 2x, https:\/\/i0.wp.com\/ferbos-jeanfrancois.legtux.org\/wp-content\/uploads\/2024\/12\/CZ-DEC-24-LOGO.png?fit=1200%2C918&ssl=1&resize=1050%2C600 3x"},"classes":[]},{"id":2315,"url":"https:\/\/ferbos-jeanfrancois.legtux.org\/?p=2315","url_meta":{"origin":1794,"position":2},"title":"CLINIC ZONES \u00c0 MARSEILLE &#8211; CONFUSION  DE  R\u00c9V","author":"Cravan","date":"9 mai 2023","format":false,"excerpt":"Une activit\u00e9 sous la responsabilit\u00e9 de Mayette Viltard Malaise dans la civilisation trouble dans le monde CLINIC ZONES Marseille 2023T\u00e9l\u00e9charger","rel":"","context":"Dans &quot;Activit\u00e9s&quot;","block_context":{"text":"Activit\u00e9s","link":"https:\/\/ferbos-jeanfrancois.legtux.org\/?cat=39"},"img":{"alt_text":"","src":"https:\/\/i0.wp.com\/ferbos-jeanfrancois.legtux.org\/wp-content\/uploads\/2023\/05\/CZ-marseille-2023-1.jpg?fit=1200%2C777&ssl=1&resize=350%2C200","width":350,"height":200,"srcset":"https:\/\/i0.wp.com\/ferbos-jeanfrancois.legtux.org\/wp-content\/uploads\/2023\/05\/CZ-marseille-2023-1.jpg?fit=1200%2C777&ssl=1&resize=350%2C200 1x, https:\/\/i0.wp.com\/ferbos-jeanfrancois.legtux.org\/wp-content\/uploads\/2023\/05\/CZ-marseille-2023-1.jpg?fit=1200%2C777&ssl=1&resize=525%2C300 1.5x, https:\/\/i0.wp.com\/ferbos-jeanfrancois.legtux.org\/wp-content\/uploads\/2023\/05\/CZ-marseille-2023-1.jpg?fit=1200%2C777&ssl=1&resize=700%2C400 2x, https:\/\/i0.wp.com\/ferbos-jeanfrancois.legtux.org\/wp-content\/uploads\/2023\/05\/CZ-marseille-2023-1.jpg?fit=1200%2C777&ssl=1&resize=1050%2C600 3x"},"classes":[]},{"id":2744,"url":"https:\/\/ferbos-jeanfrancois.legtux.org\/?p=2744","url_meta":{"origin":1794,"position":3},"title":"Clinic Zones Marseille","author":"Cravan","date":"12 mai 2024","format":false,"excerpt":"25 et 26 mai 2024 - Maison de la Suisse, \u00a07 rue d'Arcole, 13006, \u00a0le samedi de 9h \u00e0 18h et le dimanche de 9h30 \u00e0 16h. Une activit\u00e9 sous la responsable de Mayette Viltard Clinic Zones Marseille 2024T\u00e9l\u00e9charger","rel":"","context":"Dans &quot;Activit\u00e9s&quot;","block_context":{"text":"Activit\u00e9s","link":"https:\/\/ferbos-jeanfrancois.legtux.org\/?cat=39"},"img":{"alt_text":"","src":"https:\/\/i0.wp.com\/ferbos-jeanfrancois.legtux.org\/wp-content\/uploads\/2024\/05\/CZ-MARSEILLE-24-LOGO.jpg?fit=789%2C664&ssl=1&resize=350%2C200","width":350,"height":200,"srcset":"https:\/\/i0.wp.com\/ferbos-jeanfrancois.legtux.org\/wp-content\/uploads\/2024\/05\/CZ-MARSEILLE-24-LOGO.jpg?fit=789%2C664&ssl=1&resize=350%2C200 1x, https:\/\/i0.wp.com\/ferbos-jeanfrancois.legtux.org\/wp-content\/uploads\/2024\/05\/CZ-MARSEILLE-24-LOGO.jpg?fit=789%2C664&ssl=1&resize=525%2C300 1.5x, https:\/\/i0.wp.com\/ferbos-jeanfrancois.legtux.org\/wp-content\/uploads\/2024\/05\/CZ-MARSEILLE-24-LOGO.jpg?fit=789%2C664&ssl=1&resize=700%2C400 2x"},"classes":[]},{"id":3131,"url":"https:\/\/ferbos-jeanfrancois.legtux.org\/?p=3131","url_meta":{"origin":1794,"position":4},"title":"PLACE PUBLIQUE 2026","author":"Cravan","date":"8 f\u00e9vrier 2026","format":false,"excerpt":"SPINOZA ET NOUS Que peut un corps? Par Xavier Leconte Pr\u00e9sentation et programmeT\u00e9l\u00e9charger","rel":"","context":"Dans &quot;Activit\u00e9s&quot;","block_context":{"text":"Activit\u00e9s","link":"https:\/\/ferbos-jeanfrancois.legtux.org\/?cat=39"},"img":{"alt_text":"","src":"https:\/\/i0.wp.com\/ferbos-jeanfrancois.legtux.org\/wp-content\/uploads\/2026\/02\/Capture-decran-2026-02-08-a-12.27.23.png?fit=1200%2C708&ssl=1&resize=350%2C200","width":350,"height":200,"srcset":"https:\/\/i0.wp.com\/ferbos-jeanfrancois.legtux.org\/wp-content\/uploads\/2026\/02\/Capture-decran-2026-02-08-a-12.27.23.png?fit=1200%2C708&ssl=1&resize=350%2C200 1x, https:\/\/i0.wp.com\/ferbos-jeanfrancois.legtux.org\/wp-content\/uploads\/2026\/02\/Capture-decran-2026-02-08-a-12.27.23.png?fit=1200%2C708&ssl=1&resize=525%2C300 1.5x, https:\/\/i0.wp.com\/ferbos-jeanfrancois.legtux.org\/wp-content\/uploads\/2026\/02\/Capture-decran-2026-02-08-a-12.27.23.png?fit=1200%2C708&ssl=1&resize=700%2C400 2x, https:\/\/i0.wp.com\/ferbos-jeanfrancois.legtux.org\/wp-content\/uploads\/2026\/02\/Capture-decran-2026-02-08-a-12.27.23.png?fit=1200%2C708&ssl=1&resize=1050%2C600 3x"},"classes":[]},{"id":2313,"url":"https:\/\/ferbos-jeanfrancois.legtux.org\/?p=2313","url_meta":{"origin":1794,"position":5},"title":"Pr\u00e9sentation \u00e0 \u00c9chafaudages lacaniens nomades","author":"Cravan","date":"9 mai 2023","format":false,"excerpt":"Charles Souli\u00e9 Professeur \u00e0 Paris 8. Seine saint Denis. https:\/\/youtu.be\/-tn7ax-lWOU","rel":"","context":"Dans &quot;Activit\u00e9s&quot;","block_context":{"text":"Activit\u00e9s","link":"https:\/\/ferbos-jeanfrancois.legtux.org\/?cat=39"},"img":{"alt_text":"","src":"https:\/\/i0.wp.com\/ferbos-jeanfrancois.legtux.org\/wp-content\/uploads\/2022\/11\/MAZZOCCHIO-DETAIL-11-scaled.jpg?fit=1200%2C798&ssl=1&resize=350%2C200","width":350,"height":200,"srcset":"https:\/\/i0.wp.com\/ferbos-jeanfrancois.legtux.org\/wp-content\/uploads\/2022\/11\/MAZZOCCHIO-DETAIL-11-scaled.jpg?fit=1200%2C798&ssl=1&resize=350%2C200 1x, https:\/\/i0.wp.com\/ferbos-jeanfrancois.legtux.org\/wp-content\/uploads\/2022\/11\/MAZZOCCHIO-DETAIL-11-scaled.jpg?fit=1200%2C798&ssl=1&resize=525%2C300 1.5x, https:\/\/i0.wp.com\/ferbos-jeanfrancois.legtux.org\/wp-content\/uploads\/2022\/11\/MAZZOCCHIO-DETAIL-11-scaled.jpg?fit=1200%2C798&ssl=1&resize=700%2C400 2x, https:\/\/i0.wp.com\/ferbos-jeanfrancois.legtux.org\/wp-content\/uploads\/2022\/11\/MAZZOCCHIO-DETAIL-11-scaled.jpg?fit=1200%2C798&ssl=1&resize=1050%2C600 3x"},"classes":[]}],"jetpack_likes_enabled":true,"jetpack_sharing_enabled":true,"_links":{"self":[{"href":"https:\/\/ferbos-jeanfrancois.legtux.org\/index.php?rest_route=\/wp\/v2\/posts\/1794","targetHints":{"allow":["GET"]}}],"collection":[{"href":"https:\/\/ferbos-jeanfrancois.legtux.org\/index.php?rest_route=\/wp\/v2\/posts"}],"about":[{"href":"https:\/\/ferbos-jeanfrancois.legtux.org\/index.php?rest_route=\/wp\/v2\/types\/post"}],"author":[{"embeddable":true,"href":"https:\/\/ferbos-jeanfrancois.legtux.org\/index.php?rest_route=\/wp\/v2\/users\/1"}],"replies":[{"embeddable":true,"href":"https:\/\/ferbos-jeanfrancois.legtux.org\/index.php?rest_route=%2Fwp%2Fv2%2Fcomments&post=1794"}],"version-history":[{"count":1,"href":"https:\/\/ferbos-jeanfrancois.legtux.org\/index.php?rest_route=\/wp\/v2\/posts\/1794\/revisions"}],"predecessor-version":[{"id":1799,"href":"https:\/\/ferbos-jeanfrancois.legtux.org\/index.php?rest_route=\/wp\/v2\/posts\/1794\/revisions\/1799"}],"wp:featuredmedia":[{"embeddable":true,"href":"https:\/\/ferbos-jeanfrancois.legtux.org\/index.php?rest_route=\/wp\/v2\/media\/1798"}],"wp:attachment":[{"href":"https:\/\/ferbos-jeanfrancois.legtux.org\/index.php?rest_route=%2Fwp%2Fv2%2Fmedia&parent=1794"}],"wp:term":[{"taxonomy":"category","embeddable":true,"href":"https:\/\/ferbos-jeanfrancois.legtux.org\/index.php?rest_route=%2Fwp%2Fv2%2Fcategories&post=1794"},{"taxonomy":"post_tag","embeddable":true,"href":"https:\/\/ferbos-jeanfrancois.legtux.org\/index.php?rest_route=%2Fwp%2Fv2%2Ftags&post=1794"}],"curies":[{"name":"wp","href":"https:\/\/api.w.org\/{rel}","templated":true}]}}