{"id":2236,"date":"2023-03-24T11:55:27","date_gmt":"2023-03-24T10:55:27","guid":{"rendered":"https:\/\/ferbos-jeanfrancois.legtux.org\/?p=2236"},"modified":"2024-02-22T11:45:44","modified_gmt":"2024-02-22T10:45:44","slug":"ce-quon-ne-voit-pas-exposition-jean-sabrier-au-capc-a-bordeaux","status":"publish","type":"post","link":"https:\/\/ferbos-jeanfrancois.legtux.org\/?p=2236","title":{"rendered":"Jean Sabrier, Ce qu\u2019on ne voit pas"},"content":{"rendered":"\n<h2 class=\"wp-block-heading\">Exposition Jean Sabrier au CAPC \u00e0 Bordeaux<\/h2>\n\n\n\n<h2 class=\"wp-block-heading\"><strong>Commissaire de l&rsquo;exposition : Alice Cavender<\/strong><\/h2>\n\n\n\n<p class=\"has-small-font-size wp-block-paragraph\">Au CAPC \u00e0 Bordeaux. \u00c0 ne pas rater! Avec notamment, \u00ab\u00a0Le cristal liquide\u00a0\u00bb, une belle approche de la sublimation par Jean Sabrier, tant dans sa dimension chimique que celle du processus pulsionnel en jeu dans un acte de cr\u00e9ation. La pulsion scopique, qui engage l\u2019\u0153il, m\u00e9taphoris\u00e9 ici de mani\u00e8re elliptique (dans les deux sens du terme, avec l&rsquo;ellipse comme forme g\u00e9om\u00e9trique et l&rsquo;ellipse comme disparition &#8211; ce qu&rsquo;on ne voit pas) par le mazzocchio est \u00e9galement questionn\u00e9e, entre le voir du \u00ab\u00a0regardeur\u00a0\u00bb et \u00eatre vu. Quel est donc ce mouvement de transformation qui op\u00e8re par le truchement d&rsquo;une \u00e9vanescence gazeuse, celle d&rsquo;un cristal liquide? C&rsquo;est un mouvement qui confine aux fronti\u00e8res de \u00ab\u00a0l&rsquo;inframince\u00a0\u00bb, \u00e0 tel point qu&rsquo;on ne le voit pas et qu&rsquo;il nous \u00e9chappe. Nous pouvons aussi approcher, avec cette \u0153uvre magistrale, une illustration artistique de la question de l&rsquo;aphanisis du sujet.<\/p>\n\n\n<div class=\"wp-block-image\">\n<figure class=\"aligncenter size-full is-resized\"><a href=\"https:\/\/i0.wp.com\/ferbos-jeanfrancois.legtux.org\/wp-content\/uploads\/2022\/02\/jeansabrier_09-expococteau.jpg?ssl=1\" target=\"_blank\" rel=\"noreferrer noopener\"><img data-recalc-dims=\"1\" loading=\"lazy\" decoding=\"async\" width=\"452\" height=\"600\" data-attachment-id=\"1005\" data-permalink=\"https:\/\/ferbos-jeanfrancois.legtux.org\/?attachment_id=1005\" data-orig-file=\"https:\/\/i0.wp.com\/ferbos-jeanfrancois.legtux.org\/wp-content\/uploads\/2022\/02\/jeansabrier_09-expococteau.jpg?fit=452%2C600&amp;ssl=1\" data-orig-size=\"452,600\" data-comments-opened=\"1\" data-image-meta=\"{&quot;aperture&quot;:&quot;0&quot;,&quot;credit&quot;:&quot;&quot;,&quot;camera&quot;:&quot;&quot;,&quot;caption&quot;:&quot;&quot;,&quot;created_timestamp&quot;:&quot;0&quot;,&quot;copyright&quot;:&quot;&quot;,&quot;focal_length&quot;:&quot;0&quot;,&quot;iso&quot;:&quot;0&quot;,&quot;shutter_speed&quot;:&quot;0&quot;,&quot;title&quot;:&quot;&quot;,&quot;orientation&quot;:&quot;1&quot;}\" data-image-title=\"jeansabrier_09-expococteau\" data-image-description=\"\" data-image-caption=\"\" data-large-file=\"https:\/\/i0.wp.com\/ferbos-jeanfrancois.legtux.org\/wp-content\/uploads\/2022\/02\/jeansabrier_09-expococteau.jpg?fit=452%2C600&amp;ssl=1\" src=\"https:\/\/i0.wp.com\/ferbos-jeanfrancois.legtux.org\/wp-content\/uploads\/2022\/02\/jeansabrier_09-expococteau.jpg?resize=452%2C600&#038;ssl=1\" alt=\"\" class=\"wp-image-1005\" style=\"aspect-ratio:0.7539267015706806;width:294px;height:auto\" srcset=\"https:\/\/i0.wp.com\/ferbos-jeanfrancois.legtux.org\/wp-content\/uploads\/2022\/02\/jeansabrier_09-expococteau.jpg?w=452&amp;ssl=1 452w, https:\/\/i0.wp.com\/ferbos-jeanfrancois.legtux.org\/wp-content\/uploads\/2022\/02\/jeansabrier_09-expococteau.jpg?resize=226%2C300&amp;ssl=1 226w\" sizes=\"auto, (max-width: 452px) 100vw, 452px\" \/><\/a><\/figure>\n<\/div>\n\n\n<p class=\"has-small-font-size wp-block-paragraph\">PS : Le mazzocchio est une coiffe de la renaissance que portaient les seigneurs Florentins. Il fut repr\u00e9sent\u00e9 \u00e0 plusieurs reprises par P. Uccello (\u00ab Bataille de San Romano \u00bb et \u00ab Sc\u00e8nes de la vie de No\u00e9 \u00bb). L\u2019artiste contemporain Jean Sabrier s\u2019est \u00e9galement pench\u00e9 sur la singularit\u00e9 de cet objet \u00e0 la g\u00e9om\u00e9trie parfaite et \u00e9nigmatique. Le mazzocchio est un tore qui rassemble en sa forme elliptique un espace vide, une vacuit\u00e9, soit un seuil, un lieu qui pourrait \u00eatre celui de la m\u00e9tamorphose. Ce n\u2019est en r\u00e9alit\u00e9 pas seulement un lieu car il pr\u00e9figure un mouvement de disparition qui op\u00e8re pr\u00e9cis\u00e9ment en cet espace bord\u00e9 de figures parall\u00e9l\u00e9pip\u00e9diques, des carr\u00e9s agenc\u00e9s dans l\u2019espace. Ce trou bord\u00e9 est donc le lieu m\u00eame de la pr\u00e9sence \u00e9vanescente, celui du mouvement constitutif de la sublimation.<\/p>\n\n\n\n<p class=\"wp-block-paragraph\"><strong>Pour ses 50 ans d&rsquo;existence, le Mus\u00e9e d&rsquo;Art contemporain de la ville de Bordeaux rend hommage \u00e0 l&rsquo;artiste bordelais, Jean-Sabrier. <\/strong><\/p>\n\n\n\n<p class=\"has-text-align-center wp-block-paragraph\"><strong>L&rsquo;exposition se tiendra du 07 avril 2023 au 24 avril 2024 au CAPC, mus\u00e9e d&rsquo;art contemporai<\/strong>n<\/p>\n\n\n\n<p class=\"has-text-align-center wp-block-paragraph\"><strong>7 rue Ferrere 33000 Bordeaux<\/strong><\/p>\n\n\n\n<p class=\"has-text-align-center wp-block-paragraph\"><strong>Horaires : Ouvert du mardi au dimanche de 11h \u00e0 18h, de 11h \u00e0 20h le 2e mercredi du mois Ferm\u00e9 les lundis ou jours f\u00e9ri\u00e9s, sauf 14 juillet et 15 ao\u00fbt.<\/strong><\/p>\n\n\n\n<p class=\"has-text-align-center wp-block-paragraph\"><strong>Vernissage : Jeudi 6 avril \u2013 19h<\/strong><\/p>\n\n\n<div class=\"wp-block-image\">\n<figure class=\"aligncenter size-full is-resized\"><img data-recalc-dims=\"1\" loading=\"lazy\" decoding=\"async\" width=\"640\" height=\"778\" data-attachment-id=\"2237\" data-permalink=\"https:\/\/ferbos-jeanfrancois.legtux.org\/?attachment_id=2237\" data-orig-file=\"https:\/\/i0.wp.com\/ferbos-jeanfrancois.legtux.org\/wp-content\/uploads\/2023\/03\/21_Richard-Hamilton_Jean-Sabrier-3-8-98_1998_Web.jpg?fit=765%2C930&amp;ssl=1\" data-orig-size=\"765,930\" data-comments-opened=\"1\" data-image-meta=\"{&quot;aperture&quot;:&quot;0&quot;,&quot;credit&quot;:&quot;&quot;,&quot;camera&quot;:&quot;&quot;,&quot;caption&quot;:&quot;&quot;,&quot;created_timestamp&quot;:&quot;0&quot;,&quot;copyright&quot;:&quot;&quot;,&quot;focal_length&quot;:&quot;0&quot;,&quot;iso&quot;:&quot;0&quot;,&quot;shutter_speed&quot;:&quot;0&quot;,&quot;title&quot;:&quot;&quot;,&quot;orientation&quot;:&quot;0&quot;}\" data-image-title=\"21_Richard-Hamilton_Jean-Sabrier-3-8-98_1998_Web\" data-image-description=\"\" data-image-caption=\"\" data-large-file=\"https:\/\/i0.wp.com\/ferbos-jeanfrancois.legtux.org\/wp-content\/uploads\/2023\/03\/21_Richard-Hamilton_Jean-Sabrier-3-8-98_1998_Web.jpg?fit=640%2C778&amp;ssl=1\" src=\"https:\/\/i0.wp.com\/ferbos-jeanfrancois.legtux.org\/wp-content\/uploads\/2023\/03\/21_Richard-Hamilton_Jean-Sabrier-3-8-98_1998_Web.jpg?resize=640%2C778&#038;ssl=1\" alt=\"\" class=\"wp-image-2237\" style=\"width:457px;height:556px\" srcset=\"https:\/\/i0.wp.com\/ferbos-jeanfrancois.legtux.org\/wp-content\/uploads\/2023\/03\/21_Richard-Hamilton_Jean-Sabrier-3-8-98_1998_Web.jpg?w=765&amp;ssl=1 765w, https:\/\/i0.wp.com\/ferbos-jeanfrancois.legtux.org\/wp-content\/uploads\/2023\/03\/21_Richard-Hamilton_Jean-Sabrier-3-8-98_1998_Web.jpg?resize=247%2C300&amp;ssl=1 247w\" sizes=\"auto, (max-width: 640px) 100vw, 640px\" \/><\/figure>\n<\/div>\n\n\n<p class=\"has-text-align-center wp-block-paragraph\">Portrait de Jean Sabrier par Richard Hamilton : \u00ab\u00a0Jean Sabrier 3.8.98\u00a0\u00bb, 1998. Photo polaro\u00efd. <\/p>\n\n\n\n<div style=\"height:100px\" aria-hidden=\"true\" class=\"wp-block-spacer\"><\/div>\n\n\n\n<p class=\"wp-block-paragraph\"><strong>Artiste autodidacte et touche-\u00e0-tout, Jean Sabrier (1951-2020) a d\u00e9velopp\u00e9 en quatre d\u00e9cennies une \u0153uvre polymorphe. Son travail subtil et po\u00e9tique m\u00eale exigence et humour, offrant \u00e0 celle ou celui qui le regarde une exp\u00e9rience perceptive \u00e0 la fois jouissive et d\u00e9stabilisante.<\/strong><\/p>\n\n\n\n<p class=\"wp-block-paragraph\">Entour\u00e9 de ses figures tut\u00e9laires avec lesquels il maintient un dialogue constant \u2013 les grands ma\u00eetres de la perspective de la Renaissance, Piero Della Francesca ou Paolo Uccello, l\u2019inclassable Marcel Duchamp et son alter-ego britannique Richard Hamilton \u2013 il exp\u00e9rimente avec les limites de notre champ de vision, dans un d\u00e9tournement constant de notre regard.<\/p>\n\n\n\n<p class=\"wp-block-paragraph\">Le temps et le mouvement sont au c\u0153ur de son travail de sculpture, d\u2019installation, de photographie, d\u2019\u00e9dition et de peinture. Sa fa\u00e7on d\u2019envisager l\u2019\u0153uvre d\u2019art comme une exp\u00e9rience \u00ab&nbsp;totale&nbsp;\u00bb et connect\u00e9e trouve son aboutissement dans ses films d\u2019animation, d\u00e9velopp\u00e9s sur les vingt derni\u00e8res ann\u00e9es de sa vie et v\u00e9ritables mises en abyme de l\u2019ensemble de ses recherches et pr\u00e9occupations artistiques.<\/p>\n\n\n\n<p class=\"wp-block-paragraph\">C\u2019est \u00e0 travers cette production prot\u00e9iforme que Jean Sabrier s\u2019escrime \u00e0 nous encourager \u00e0 questionner notre vision et \u00e0 d\u00e9centrer notre regard. Dans son laboratoire de repr\u00e9sentation des formes, ce bricoleur-scientifique-artisan-\u00e9rudit-po\u00e8te-artiste livre au monde une \u0153uvre malicieuse et s\u00e9duisante, confirmant les mots si justes de son ami Bernard No\u00ebl&nbsp;\u00e0 son \u00e9gard :&nbsp;<em>\u00ab&nbsp;quand elle est bien dirig\u00e9e, la perception peut aller plus loin que ne va la vue, et l\u00e0, dans un fr\u00e9missement extr\u00eame, s\u2019\u00e9panouit un sentir qui voit&nbsp;\u00bb<\/em>.<\/p>\n\n\n\n<div class=\"wp-block-media-text alignfull is-stacked-on-mobile is-vertically-aligned-center\" style=\"grid-template-columns:32% auto\"><figure class=\"wp-block-media-text__media\"><img data-recalc-dims=\"1\" loading=\"lazy\" decoding=\"async\" width=\"640\" height=\"640\" data-attachment-id=\"2238\" data-permalink=\"https:\/\/ferbos-jeanfrancois.legtux.org\/?attachment_id=2238\" data-orig-file=\"https:\/\/i0.wp.com\/ferbos-jeanfrancois.legtux.org\/wp-content\/uploads\/2023\/03\/51.jpg?fit=874%2C874&amp;ssl=1\" data-orig-size=\"874,874\" data-comments-opened=\"1\" data-image-meta=\"{&quot;aperture&quot;:&quot;0&quot;,&quot;credit&quot;:&quot;&quot;,&quot;camera&quot;:&quot;&quot;,&quot;caption&quot;:&quot;&quot;,&quot;created_timestamp&quot;:&quot;0&quot;,&quot;copyright&quot;:&quot;&quot;,&quot;focal_length&quot;:&quot;0&quot;,&quot;iso&quot;:&quot;0&quot;,&quot;shutter_speed&quot;:&quot;0&quot;,&quot;title&quot;:&quot;&quot;,&quot;orientation&quot;:&quot;1&quot;}\" data-image-title=\"51\" data-image-description=\"\" data-image-caption=\"\" data-large-file=\"https:\/\/i0.wp.com\/ferbos-jeanfrancois.legtux.org\/wp-content\/uploads\/2023\/03\/51.jpg?fit=640%2C640&amp;ssl=1\" src=\"https:\/\/i0.wp.com\/ferbos-jeanfrancois.legtux.org\/wp-content\/uploads\/2023\/03\/51.jpg?resize=640%2C640&#038;ssl=1\" alt=\"\" class=\"wp-image-2238 size-full\" srcset=\"https:\/\/i0.wp.com\/ferbos-jeanfrancois.legtux.org\/wp-content\/uploads\/2023\/03\/51.jpg?w=874&amp;ssl=1 874w, https:\/\/i0.wp.com\/ferbos-jeanfrancois.legtux.org\/wp-content\/uploads\/2023\/03\/51.jpg?resize=300%2C300&amp;ssl=1 300w, https:\/\/i0.wp.com\/ferbos-jeanfrancois.legtux.org\/wp-content\/uploads\/2023\/03\/51.jpg?resize=200%2C200&amp;ssl=1 200w, https:\/\/i0.wp.com\/ferbos-jeanfrancois.legtux.org\/wp-content\/uploads\/2023\/03\/51.jpg?resize=768%2C768&amp;ssl=1 768w\" sizes=\"auto, (max-width: 640px) 100vw, 640px\" \/><\/figure><div class=\"wp-block-media-text__content\">\n<h3 class=\"wp-block-heading has-text-align-center has-text-color\" style=\"color:#000000\"><a rel=\"noreferrer noopener\" href=\"https:\/\/www.culture.gouv.fr\/Regions\/DRAC-Nouvelle-Aquitaine\/Creation-Industries-culturelles\/Les-arts-plastiques-a-la-DRAC-Nouvelle-Aquitaine\/Centres-d-art-contemporain-en-Nouvelle-Aquitaine\/Ce-qu-on-ne-voit-pas-une-exposition-d-interet-national-en-hommage-a-Jean-Sabrier-au-CAPC-de-Bordeaux\" target=\"_blank\">https:\/\/www.culture.gouv.fr\/Regions\/DRAC-Nouvelle-Aquitaine\/Creation-Industries-culturelles\/Les-arts-plastiques-a-la-DRAC-Nouvelle-Aquitaine\/Centres-d-art-contemporain-en-Nouvelle-Aquitaine\/Ce-qu-on-ne-voit-pas-une-exposition-d-interet-national-en-hommage-a-Jean-Sabrier-au-CAPC-de-Bordeaux<\/a><\/h3>\n<\/div><\/div>\n\n\n\n<div style=\"height:100px\" aria-hidden=\"true\" class=\"wp-block-spacer\"><\/div>\n\n\n\n<div data-wp-interactive=\"core\/file\" class=\"wp-block-file\"><object data-wp-bind--hidden=\"!state.hasPdfPreview\" hidden class=\"wp-block-file__embed\" data=\"https:\/\/ferbos-jeanfrancois.legtux.org\/wp-content\/uploads\/2023\/04\/Jean-Sabrier-presentation-CAPC-Bordeaux.pdf\" type=\"application\/pdf\" style=\"width:100%;height:1145px\" aria-label=\"Contenu embarqu\u00e9 Jean Sabrier pr\u00e9sentation exposition CAPC Bordeaux- 2023-2024.\"><\/object><a id=\"wp-block-file--media-9365aeb2-7b63-4655-ae44-7dbfcca44229\" href=\"https:\/\/ferbos-jeanfrancois.legtux.org\/wp-content\/uploads\/2023\/04\/Jean-Sabrier-presentation-CAPC-Bordeaux.pdf\">Jean Sabrier pr\u00e9sentation exposition CAPC Bordeaux- 2023-2024<\/a><a href=\"https:\/\/ferbos-jeanfrancois.legtux.org\/wp-content\/uploads\/2023\/04\/Jean-Sabrier-presentation-CAPC-Bordeaux.pdf\" class=\"wp-block-file__button wp-element-button\" download aria-describedby=\"wp-block-file--media-9365aeb2-7b63-4655-ae44-7dbfcca44229\">T\u00e9l\u00e9charger<\/a><\/div>\n\n\n\n<figure class=\"wp-block-gallery has-nested-images columns-default is-cropped wp-block-gallery-1 is-layout-flex wp-block-gallery-is-layout-flex\">\n<figure class=\"wp-block-image size-large\"><a href=\"https:\/\/i0.wp.com\/ferbos-jeanfrancois.legtux.org\/wp-content\/uploads\/2024\/02\/IMG_8012-768x1024.jpg?ssl=1\" target=\"_blank\" rel=\"noreferrer noopener\"><img data-recalc-dims=\"1\" loading=\"lazy\" decoding=\"async\" width=\"640\" height=\"853\" data-attachment-id=\"2710\" data-permalink=\"https:\/\/ferbos-jeanfrancois.legtux.org\/?attachment_id=2710\" data-orig-file=\"https:\/\/i0.wp.com\/ferbos-jeanfrancois.legtux.org\/wp-content\/uploads\/2024\/02\/IMG_8012-scaled.jpg?fit=1920%2C2560&amp;ssl=1\" data-orig-size=\"1920,2560\" data-comments-opened=\"1\" data-image-meta=\"{&quot;aperture&quot;:&quot;1.8&quot;,&quot;credit&quot;:&quot;&quot;,&quot;camera&quot;:&quot;iPhone X&quot;,&quot;caption&quot;:&quot;&quot;,&quot;created_timestamp&quot;:&quot;1698257433&quot;,&quot;copyright&quot;:&quot;&quot;,&quot;focal_length&quot;:&quot;4&quot;,&quot;iso&quot;:&quot;40&quot;,&quot;shutter_speed&quot;:&quot;0.04&quot;,&quot;title&quot;:&quot;&quot;,&quot;orientation&quot;:&quot;1&quot;}\" data-image-title=\"IMG_8012\" data-image-description=\"\" data-image-caption=\"\" data-large-file=\"https:\/\/i0.wp.com\/ferbos-jeanfrancois.legtux.org\/wp-content\/uploads\/2024\/02\/IMG_8012-scaled.jpg?fit=640%2C853&amp;ssl=1\" data-id=\"2710\" src=\"https:\/\/i0.wp.com\/ferbos-jeanfrancois.legtux.org\/wp-content\/uploads\/2024\/02\/IMG_8012.jpg?resize=640%2C853&#038;ssl=1\" alt=\"\" class=\"wp-image-2710\" srcset=\"https:\/\/i0.wp.com\/ferbos-jeanfrancois.legtux.org\/wp-content\/uploads\/2024\/02\/IMG_8012-scaled.jpg?resize=768%2C1024&amp;ssl=1 768w, https:\/\/i0.wp.com\/ferbos-jeanfrancois.legtux.org\/wp-content\/uploads\/2024\/02\/IMG_8012-scaled.jpg?resize=225%2C300&amp;ssl=1 225w, https:\/\/i0.wp.com\/ferbos-jeanfrancois.legtux.org\/wp-content\/uploads\/2024\/02\/IMG_8012-scaled.jpg?resize=1152%2C1536&amp;ssl=1 1152w, https:\/\/i0.wp.com\/ferbos-jeanfrancois.legtux.org\/wp-content\/uploads\/2024\/02\/IMG_8012-scaled.jpg?resize=1536%2C2048&amp;ssl=1 1536w, https:\/\/i0.wp.com\/ferbos-jeanfrancois.legtux.org\/wp-content\/uploads\/2024\/02\/IMG_8012-scaled.jpg?w=1920&amp;ssl=1 1920w, https:\/\/i0.wp.com\/ferbos-jeanfrancois.legtux.org\/wp-content\/uploads\/2024\/02\/IMG_8012-scaled.jpg?w=1280&amp;ssl=1 1280w\" sizes=\"auto, (max-width: 640px) 100vw, 640px\" \/><\/a><\/figure>\n\n\n\n<figure class=\"wp-block-image size-large\"><a href=\"https:\/\/i0.wp.com\/ferbos-jeanfrancois.legtux.org\/wp-content\/uploads\/2024\/02\/IMG_8013-768x1024.jpg?ssl=1\" target=\"_blank\" rel=\"noreferrer noopener\"><img data-recalc-dims=\"1\" loading=\"lazy\" decoding=\"async\" width=\"640\" height=\"853\" data-attachment-id=\"2712\" data-permalink=\"https:\/\/ferbos-jeanfrancois.legtux.org\/?attachment_id=2712\" data-orig-file=\"https:\/\/i0.wp.com\/ferbos-jeanfrancois.legtux.org\/wp-content\/uploads\/2024\/02\/IMG_8013-scaled.jpg?fit=1920%2C2560&amp;ssl=1\" data-orig-size=\"1920,2560\" data-comments-opened=\"1\" data-image-meta=\"{&quot;aperture&quot;:&quot;1.8&quot;,&quot;credit&quot;:&quot;&quot;,&quot;camera&quot;:&quot;iPhone X&quot;,&quot;caption&quot;:&quot;&quot;,&quot;created_timestamp&quot;:&quot;1698258305&quot;,&quot;copyright&quot;:&quot;&quot;,&quot;focal_length&quot;:&quot;4&quot;,&quot;iso&quot;:&quot;40&quot;,&quot;shutter_speed&quot;:&quot;0.04&quot;,&quot;title&quot;:&quot;&quot;,&quot;orientation&quot;:&quot;1&quot;}\" data-image-title=\"IMG_8013\" data-image-description=\"\" data-image-caption=\"\" data-large-file=\"https:\/\/i0.wp.com\/ferbos-jeanfrancois.legtux.org\/wp-content\/uploads\/2024\/02\/IMG_8013-scaled.jpg?fit=640%2C853&amp;ssl=1\" data-id=\"2712\" src=\"https:\/\/i0.wp.com\/ferbos-jeanfrancois.legtux.org\/wp-content\/uploads\/2024\/02\/IMG_8013.jpg?resize=640%2C853&#038;ssl=1\" alt=\"\" class=\"wp-image-2712\" srcset=\"https:\/\/i0.wp.com\/ferbos-jeanfrancois.legtux.org\/wp-content\/uploads\/2024\/02\/IMG_8013-scaled.jpg?resize=768%2C1024&amp;ssl=1 768w, https:\/\/i0.wp.com\/ferbos-jeanfrancois.legtux.org\/wp-content\/uploads\/2024\/02\/IMG_8013-scaled.jpg?resize=225%2C300&amp;ssl=1 225w, https:\/\/i0.wp.com\/ferbos-jeanfrancois.legtux.org\/wp-content\/uploads\/2024\/02\/IMG_8013-scaled.jpg?resize=1152%2C1536&amp;ssl=1 1152w, https:\/\/i0.wp.com\/ferbos-jeanfrancois.legtux.org\/wp-content\/uploads\/2024\/02\/IMG_8013-scaled.jpg?resize=1536%2C2048&amp;ssl=1 1536w, https:\/\/i0.wp.com\/ferbos-jeanfrancois.legtux.org\/wp-content\/uploads\/2024\/02\/IMG_8013-scaled.jpg?w=1920&amp;ssl=1 1920w, https:\/\/i0.wp.com\/ferbos-jeanfrancois.legtux.org\/wp-content\/uploads\/2024\/02\/IMG_8013-scaled.jpg?w=1280&amp;ssl=1 1280w\" sizes=\"auto, (max-width: 640px) 100vw, 640px\" \/><\/a><\/figure>\n\n\n\n<figure class=\"wp-block-image size-large\"><a href=\"https:\/\/i0.wp.com\/ferbos-jeanfrancois.legtux.org\/wp-content\/uploads\/2024\/02\/IMG_8014-1024x768.jpg?ssl=1\" target=\"_blank\" rel=\"noreferrer noopener\"><img data-recalc-dims=\"1\" loading=\"lazy\" decoding=\"async\" width=\"640\" height=\"480\" data-attachment-id=\"2711\" data-permalink=\"https:\/\/ferbos-jeanfrancois.legtux.org\/?attachment_id=2711\" data-orig-file=\"https:\/\/i0.wp.com\/ferbos-jeanfrancois.legtux.org\/wp-content\/uploads\/2024\/02\/IMG_8014-scaled.jpg?fit=2560%2C1920&amp;ssl=1\" data-orig-size=\"2560,1920\" data-comments-opened=\"1\" data-image-meta=\"{&quot;aperture&quot;:&quot;1.8&quot;,&quot;credit&quot;:&quot;&quot;,&quot;camera&quot;:&quot;iPhone X&quot;,&quot;caption&quot;:&quot;&quot;,&quot;created_timestamp&quot;:&quot;1698258658&quot;,&quot;copyright&quot;:&quot;&quot;,&quot;focal_length&quot;:&quot;4&quot;,&quot;iso&quot;:&quot;40&quot;,&quot;shutter_speed&quot;:&quot;0.03030303030303&quot;,&quot;title&quot;:&quot;&quot;,&quot;orientation&quot;:&quot;1&quot;}\" data-image-title=\"IMG_8014\" data-image-description=\"\" data-image-caption=\"\" data-large-file=\"https:\/\/i0.wp.com\/ferbos-jeanfrancois.legtux.org\/wp-content\/uploads\/2024\/02\/IMG_8014-scaled.jpg?fit=640%2C480&amp;ssl=1\" data-id=\"2711\" src=\"https:\/\/i0.wp.com\/ferbos-jeanfrancois.legtux.org\/wp-content\/uploads\/2024\/02\/IMG_8014.jpg?resize=640%2C480&#038;ssl=1\" alt=\"\" class=\"wp-image-2711\" srcset=\"https:\/\/i0.wp.com\/ferbos-jeanfrancois.legtux.org\/wp-content\/uploads\/2024\/02\/IMG_8014-scaled.jpg?resize=1024%2C768&amp;ssl=1 1024w, https:\/\/i0.wp.com\/ferbos-jeanfrancois.legtux.org\/wp-content\/uploads\/2024\/02\/IMG_8014-scaled.jpg?resize=300%2C225&amp;ssl=1 300w, https:\/\/i0.wp.com\/ferbos-jeanfrancois.legtux.org\/wp-content\/uploads\/2024\/02\/IMG_8014-scaled.jpg?resize=768%2C576&amp;ssl=1 768w, https:\/\/i0.wp.com\/ferbos-jeanfrancois.legtux.org\/wp-content\/uploads\/2024\/02\/IMG_8014-scaled.jpg?resize=1536%2C1152&amp;ssl=1 1536w, https:\/\/i0.wp.com\/ferbos-jeanfrancois.legtux.org\/wp-content\/uploads\/2024\/02\/IMG_8014-scaled.jpg?resize=2048%2C1536&amp;ssl=1 2048w, https:\/\/i0.wp.com\/ferbos-jeanfrancois.legtux.org\/wp-content\/uploads\/2024\/02\/IMG_8014-scaled.jpg?w=1280&amp;ssl=1 1280w, https:\/\/i0.wp.com\/ferbos-jeanfrancois.legtux.org\/wp-content\/uploads\/2024\/02\/IMG_8014-scaled.jpg?w=1920&amp;ssl=1 1920w\" sizes=\"auto, (max-width: 640px) 100vw, 640px\" \/><\/a><\/figure>\n<\/figure>\n","protected":false},"excerpt":{"rendered":"<p>Exposition Jean Sabrier au CAPC \u00e0 Bordeaux Commissaire de l&rsquo;exposition : Alice Cavender Au CAPC \u00e0 Bordeaux. \u00c0 ne pas rater! Avec<\/p>\n<p class=\"link-more\"><a class=\"myButt \" href=\"https:\/\/ferbos-jeanfrancois.legtux.org\/?p=2236\">Read More<\/a><\/p>\n","protected":false},"author":1,"featured_media":2238,"comment_status":"closed","ping_status":"closed","sticky":false,"template":"","format":"standard","meta":{"_crdt_document":"","jetpack_post_was_ever_published":false,"_jetpack_newsletter_access":"","_jetpack_dont_email_post_to_subs":false,"_jetpack_newsletter_tier_id":0,"_jetpack_memberships_contains_paywalled_content":false,"_jetpack_memberships_contains_paid_content":false,"footnotes":"","jetpack_publicize_message":"","jetpack_publicize_feature_enabled":true,"jetpack_social_post_already_shared":true,"jetpack_social_options":{"image_generator_settings":{"template":"highway","default_image_id":0,"font":"","enabled":false},"version":2}},"categories":[28,17,48],"tags":[],"class_list":["post-2236","post","type-post","status-publish","format-standard","has-post-thumbnail","hentry","category-creations","category-des-artistes","category-jean-sabrier"],"jetpack_publicize_connections":[],"jetpack_featured_media_url":"https:\/\/i0.wp.com\/ferbos-jeanfrancois.legtux.org\/wp-content\/uploads\/2023\/03\/51.jpg?fit=874%2C874&ssl=1","jetpack-related-posts":[{"id":996,"url":"https:\/\/ferbos-jeanfrancois.legtux.org\/?p=996","url_meta":{"origin":2236,"position":0},"title":"Jean Sabrier  : exposition au mus\u00e9e Jean Cocteau","author":"Cravan","date":"5 f\u00e9vrier 2022","format":false,"excerpt":"Du 6 novembre 2011 au 7 mai 2012 Mazzocchio sublime L\u2019exposition inaugurale du mus\u00e9e Jean Cocteau collection S\u00e9verin Wunderman est consacr\u00e9e \u00e0 Jean Sabrier, artiste fran\u00e7ais n\u00e9 en 1951 et vivant \u00e0 Bordeaux. Elle pr\u00e9sente pr\u00e8s de soixante peintures, dessins, photographies, objets et animations vid\u00e9o r\u00e9alis\u00e9s par l\u2019artiste entre 1975\u2026","rel":"","context":"Dans &quot;Des artistes&quot;","block_context":{"text":"Des artistes","link":"https:\/\/ferbos-jeanfrancois.legtux.org\/?cat=17"},"img":{"alt_text":"","src":"https:\/\/i0.wp.com\/ferbos-jeanfrancois.legtux.org\/wp-content\/uploads\/2022\/02\/baniere.jpg?fit=1013%2C1200&ssl=1&resize=350%2C200","width":350,"height":200,"srcset":"https:\/\/i0.wp.com\/ferbos-jeanfrancois.legtux.org\/wp-content\/uploads\/2022\/02\/baniere.jpg?fit=1013%2C1200&ssl=1&resize=350%2C200 1x, https:\/\/i0.wp.com\/ferbos-jeanfrancois.legtux.org\/wp-content\/uploads\/2022\/02\/baniere.jpg?fit=1013%2C1200&ssl=1&resize=525%2C300 1.5x, https:\/\/i0.wp.com\/ferbos-jeanfrancois.legtux.org\/wp-content\/uploads\/2022\/02\/baniere.jpg?fit=1013%2C1200&ssl=1&resize=700%2C400 2x"},"classes":[]},{"id":1984,"url":"https:\/\/ferbos-jeanfrancois.legtux.org\/?p=1984","url_meta":{"origin":2236,"position":1},"title":"Seuil n\u00b06 : l&rsquo;ellipse ou le Mazzocchio","author":"Cravan","date":"5 novembre 2022","format":false,"excerpt":"Huile sur toile (coton mixte) 130x162 cm Pour toute information sur l\u2019\u0153uvre, prix, livraison etc. merci de vous adresser \u00e0 : jf.ferbos@wanadoo.fr Seuil n\u00b06 : L'ellipse ou le Mazzocchio https:\/\/youtu.be\/J8TqWD4CnFI En mouvement - Musique : Lo\u00efc Cavadore Le mazzocchio est une coiffe de la renaissance que portaient les seigneurs Florentins.\u2026","rel":"","context":"Dans &quot;Jean-Fran\u00e7ois Ferbos&quot;","block_context":{"text":"Jean-Fran\u00e7ois Ferbos","link":"https:\/\/ferbos-jeanfrancois.legtux.org\/?cat=27"},"img":{"alt_text":"","src":"https:\/\/i0.wp.com\/ferbos-jeanfrancois.legtux.org\/wp-content\/uploads\/2022\/11\/MAZZOCCHIO-DETAIL-1-scaled.jpg?fit=798%2C1200&ssl=1&resize=350%2C200","width":350,"height":200,"srcset":"https:\/\/i0.wp.com\/ferbos-jeanfrancois.legtux.org\/wp-content\/uploads\/2022\/11\/MAZZOCCHIO-DETAIL-1-scaled.jpg?fit=798%2C1200&ssl=1&resize=350%2C200 1x, https:\/\/i0.wp.com\/ferbos-jeanfrancois.legtux.org\/wp-content\/uploads\/2022\/11\/MAZZOCCHIO-DETAIL-1-scaled.jpg?fit=798%2C1200&ssl=1&resize=525%2C300 1.5x, https:\/\/i0.wp.com\/ferbos-jeanfrancois.legtux.org\/wp-content\/uploads\/2022\/11\/MAZZOCCHIO-DETAIL-1-scaled.jpg?fit=798%2C1200&ssl=1&resize=700%2C400 2x"},"classes":[]},{"id":1602,"url":"https:\/\/ferbos-jeanfrancois.legtux.org\/?p=1602","url_meta":{"origin":2236,"position":2},"title":"Disputatio Vid\u00e9o-sonore &#8211; Po\u00e9sie et art contemporain &#8211; 2012","author":"Cravan","date":"20 mars 2022","format":false,"excerpt":"Samedi 10 mars, \u00e0 Bordeaux dans la halle des Chartrons, lors d'une soir\u00e9e \"po\u00e9sie et art contemporain\", improvisant sur leurs instruments, Mathias Pontevia, \u00e0 la batterie horizontale, et Yann Saboya aux guitares \u00e9lectriques,sont entr\u00e9s en discussion avec une animation de l'artiste bordelais Jean Sabrier. https:\/\/youtu.be\/c7PiHZ_KjaU Version YTB https:\/\/www.dailymotion.com\/video\/xpdxqr","rel":"","context":"Dans &quot;Cr\u00e9ations&quot;","block_context":{"text":"Cr\u00e9ations","link":"https:\/\/ferbos-jeanfrancois.legtux.org\/?cat=28"},"img":{"alt_text":"","src":"https:\/\/i0.wp.com\/ferbos-jeanfrancois.legtux.org\/wp-content\/uploads\/2022\/03\/poesie-art-chartrons-sabrier-pontevia-saboya.jpg?fit=960%2C720&ssl=1&resize=350%2C200","width":350,"height":200,"srcset":"https:\/\/i0.wp.com\/ferbos-jeanfrancois.legtux.org\/wp-content\/uploads\/2022\/03\/poesie-art-chartrons-sabrier-pontevia-saboya.jpg?fit=960%2C720&ssl=1&resize=350%2C200 1x, https:\/\/i0.wp.com\/ferbos-jeanfrancois.legtux.org\/wp-content\/uploads\/2022\/03\/poesie-art-chartrons-sabrier-pontevia-saboya.jpg?fit=960%2C720&ssl=1&resize=525%2C300 1.5x, https:\/\/i0.wp.com\/ferbos-jeanfrancois.legtux.org\/wp-content\/uploads\/2022\/03\/poesie-art-chartrons-sabrier-pontevia-saboya.jpg?fit=960%2C720&ssl=1&resize=700%2C400 2x"},"classes":[]},{"id":984,"url":"https:\/\/ferbos-jeanfrancois.legtux.org\/?p=984","url_meta":{"origin":2236,"position":3},"title":"Jean Sabrier par Jean Suquet","author":"Cravan","date":"5 f\u00e9vrier 2022","format":false,"excerpt":"A vue de nez Jean Suquet, 1992 Chaque fois que l\u2019homme ouvre les yeux, quel que soit le spectacle qui s\u2019offre \u00e0 ses regards, ce qu\u2019il voit d\u2019abord c\u2019est le bout de son nez. L\u2019\u0153il droit per\u00e7oit le flanc de la narine droite, le gauche de la gauche, deux nez\u2026","rel":"","context":"Dans &quot;Des artistes&quot;","block_context":{"text":"Des artistes","link":"https:\/\/ferbos-jeanfrancois.legtux.org\/?cat=17"},"img":{"alt_text":"","src":"https:\/\/i0.wp.com\/ferbos-jeanfrancois.legtux.org\/wp-content\/uploads\/2022\/02\/jean3.jpg?fit=465%2C440&ssl=1&resize=350%2C200","width":350,"height":200},"classes":[]},{"id":2178,"url":"https:\/\/ferbos-jeanfrancois.legtux.org\/?p=2178","url_meta":{"origin":2236,"position":4},"title":"Seuil n\u00b07 : L&rsquo;Alliance","author":"Cravan","date":"22 f\u00e9vrier 2023","format":false,"excerpt":"Huile sur toile - 80x100 cm Ann\u00e9e 2023 - \u00a9FerbosJF La beaut\u00e9 scintillante et lumineuse du pav\u00e9 des ponts et voies saille quand la goutte, tintinnabulante, y luit d\u00e9licatement. Cette huile sur toile repr\u00e9sente un couple ins\u00e9r\u00e9 \u00e0 l'int\u00e9rieur d'un Mazzocchio, coiffe de la renaissance repr\u00e9sent\u00e9e par Uccello (Bataille de\u2026","rel":"","context":"Dans &quot;Jean-Fran\u00e7ois Ferbos&quot;","block_context":{"text":"Jean-Fran\u00e7ois Ferbos","link":"https:\/\/ferbos-jeanfrancois.legtux.org\/?cat=27"},"img":{"alt_text":"","src":"https:\/\/i0.wp.com\/ferbos-jeanfrancois.legtux.org\/wp-content\/uploads\/2023\/02\/DETAIL-7-scaled.jpg?fit=1200%2C798&ssl=1&resize=350%2C200","width":350,"height":200,"srcset":"https:\/\/i0.wp.com\/ferbos-jeanfrancois.legtux.org\/wp-content\/uploads\/2023\/02\/DETAIL-7-scaled.jpg?fit=1200%2C798&ssl=1&resize=350%2C200 1x, https:\/\/i0.wp.com\/ferbos-jeanfrancois.legtux.org\/wp-content\/uploads\/2023\/02\/DETAIL-7-scaled.jpg?fit=1200%2C798&ssl=1&resize=525%2C300 1.5x, https:\/\/i0.wp.com\/ferbos-jeanfrancois.legtux.org\/wp-content\/uploads\/2023\/02\/DETAIL-7-scaled.jpg?fit=1200%2C798&ssl=1&resize=700%2C400 2x, https:\/\/i0.wp.com\/ferbos-jeanfrancois.legtux.org\/wp-content\/uploads\/2023\/02\/DETAIL-7-scaled.jpg?fit=1200%2C798&ssl=1&resize=1050%2C600 3x"},"classes":[]},{"id":730,"url":"https:\/\/ferbos-jeanfrancois.legtux.org\/?p=730","url_meta":{"origin":2236,"position":5},"title":"Pr\u00e9sentation","author":"Cravan","date":"12 novembre 2022","format":false,"excerpt":"DOSSIER-ARTISTE-JF-FERBOST\u00e9l\u00e9charger J\u2019ai commenc\u00e9 \u00e0 peindre en 1988, \u00e0 l\u2019\u00e2ge de 15 ans, en utilisant la peinture \u00e0 l\u2019huile comme m\u00e9dium. Depuis, je n\u2019ai jamais abandonn\u00e9 ce mat\u00e9riau dont les caract\u00e9ristiques techniques ouvrent d\u2019immenses perspectives esth\u00e9tiques. L\u2019artiste Jean Sabrier, chez qui j'ai v\u00e9cu de nombreuses ann\u00e9es, auteur notamment du \"cristal liquide\",\u2026","rel":"","context":"Dans &quot;Jean-Fran\u00e7ois Ferbos&quot;","block_context":{"text":"Jean-Fran\u00e7ois Ferbos","link":"https:\/\/ferbos-jeanfrancois.legtux.org\/?cat=27"},"img":{"alt_text":"","src":"https:\/\/i0.wp.com\/ferbos-jeanfrancois.legtux.org\/wp-content\/uploads\/2022\/01\/cropped-UCELLO-1.jpg?fit=913%2C1200&ssl=1&resize=350%2C200","width":350,"height":200,"srcset":"https:\/\/i0.wp.com\/ferbos-jeanfrancois.legtux.org\/wp-content\/uploads\/2022\/01\/cropped-UCELLO-1.jpg?fit=913%2C1200&ssl=1&resize=350%2C200 1x, https:\/\/i0.wp.com\/ferbos-jeanfrancois.legtux.org\/wp-content\/uploads\/2022\/01\/cropped-UCELLO-1.jpg?fit=913%2C1200&ssl=1&resize=525%2C300 1.5x, https:\/\/i0.wp.com\/ferbos-jeanfrancois.legtux.org\/wp-content\/uploads\/2022\/01\/cropped-UCELLO-1.jpg?fit=913%2C1200&ssl=1&resize=700%2C400 2x"},"classes":[]}],"jetpack_likes_enabled":true,"jetpack_sharing_enabled":true,"_links":{"self":[{"href":"https:\/\/ferbos-jeanfrancois.legtux.org\/index.php?rest_route=\/wp\/v2\/posts\/2236","targetHints":{"allow":["GET"]}}],"collection":[{"href":"https:\/\/ferbos-jeanfrancois.legtux.org\/index.php?rest_route=\/wp\/v2\/posts"}],"about":[{"href":"https:\/\/ferbos-jeanfrancois.legtux.org\/index.php?rest_route=\/wp\/v2\/types\/post"}],"author":[{"embeddable":true,"href":"https:\/\/ferbos-jeanfrancois.legtux.org\/index.php?rest_route=\/wp\/v2\/users\/1"}],"replies":[{"embeddable":true,"href":"https:\/\/ferbos-jeanfrancois.legtux.org\/index.php?rest_route=%2Fwp%2Fv2%2Fcomments&post=2236"}],"version-history":[{"count":14,"href":"https:\/\/ferbos-jeanfrancois.legtux.org\/index.php?rest_route=\/wp\/v2\/posts\/2236\/revisions"}],"predecessor-version":[{"id":2714,"href":"https:\/\/ferbos-jeanfrancois.legtux.org\/index.php?rest_route=\/wp\/v2\/posts\/2236\/revisions\/2714"}],"wp:featuredmedia":[{"embeddable":true,"href":"https:\/\/ferbos-jeanfrancois.legtux.org\/index.php?rest_route=\/wp\/v2\/media\/2238"}],"wp:attachment":[{"href":"https:\/\/ferbos-jeanfrancois.legtux.org\/index.php?rest_route=%2Fwp%2Fv2%2Fmedia&parent=2236"}],"wp:term":[{"taxonomy":"category","embeddable":true,"href":"https:\/\/ferbos-jeanfrancois.legtux.org\/index.php?rest_route=%2Fwp%2Fv2%2Fcategories&post=2236"},{"taxonomy":"post_tag","embeddable":true,"href":"https:\/\/ferbos-jeanfrancois.legtux.org\/index.php?rest_route=%2Fwp%2Fv2%2Ftags&post=2236"}],"curies":[{"name":"wp","href":"https:\/\/api.w.org\/{rel}","templated":true}]}}