{"id":2251,"date":"2023-04-03T11:11:16","date_gmt":"2023-04-03T09:11:16","guid":{"rendered":"https:\/\/ferbos-jeanfrancois.legtux.org\/?p=2251"},"modified":"2023-04-03T19:30:40","modified_gmt":"2023-04-03T17:30:40","slug":"place-publique-ca-trouble-tout","status":"publish","type":"post","link":"https:\/\/ferbos-jeanfrancois.legtux.org\/?p=2251","title":{"rendered":"PLACE PUBLIQUE  : \u00c7A TROUBLE TOUT"},"content":{"rendered":"\n<h2 class=\"wp-block-heading\">Samedi 15 avril \u00e0 l&rsquo;Agora, 64 rue du p\u00e8re Corentin 75014 Paris<\/h2>\n\n\n\n<p class=\"wp-block-paragraph\"><strong>Metro Ligne 4 Porte d\u2019Orl\u00e9ans Bus 38 et 92 Tram T3a<\/strong><\/p>\n\n\n\n<h2 class=\"wp-block-heading\">Une activit\u00e9 sous la responsabilit\u00e9 de Mayette Viltard (ELP)<\/h2>\n\n\n\n<div class=\"wp-block-media-text alignwide is-stacked-on-mobile is-vertically-aligned-center\" style=\"grid-template-columns:23% auto\"><figure class=\"wp-block-media-text__media\"><img data-recalc-dims=\"1\" loading=\"lazy\" decoding=\"async\" width=\"284\" height=\"906\" data-attachment-id=\"2252\" data-permalink=\"https:\/\/ferbos-jeanfrancois.legtux.org\/?attachment_id=2252\" data-orig-file=\"https:\/\/i0.wp.com\/ferbos-jeanfrancois.legtux.org\/wp-content\/uploads\/2023\/04\/PPU-avril.jpg?fit=284%2C906&amp;ssl=1\" data-orig-size=\"284,906\" data-comments-opened=\"1\" data-image-meta=\"{&quot;aperture&quot;:&quot;0&quot;,&quot;credit&quot;:&quot;cpe1&quot;,&quot;camera&quot;:&quot;&quot;,&quot;caption&quot;:&quot;&quot;,&quot;created_timestamp&quot;:&quot;1680519331&quot;,&quot;copyright&quot;:&quot;&quot;,&quot;focal_length&quot;:&quot;0&quot;,&quot;iso&quot;:&quot;0&quot;,&quot;shutter_speed&quot;:&quot;0&quot;,&quot;title&quot;:&quot;&quot;,&quot;orientation&quot;:&quot;0&quot;}\" data-image-title=\"PPU-avril\" data-image-description=\"\" data-image-caption=\"\" data-large-file=\"https:\/\/i0.wp.com\/ferbos-jeanfrancois.legtux.org\/wp-content\/uploads\/2023\/04\/PPU-avril.jpg?fit=284%2C906&amp;ssl=1\" src=\"https:\/\/i0.wp.com\/ferbos-jeanfrancois.legtux.org\/wp-content\/uploads\/2023\/04\/PPU-avril.jpg?resize=284%2C906&#038;ssl=1\" alt=\"\" class=\"wp-image-2252 size-full\" srcset=\"https:\/\/i0.wp.com\/ferbos-jeanfrancois.legtux.org\/wp-content\/uploads\/2023\/04\/PPU-avril.jpg?w=284&amp;ssl=1 284w, https:\/\/i0.wp.com\/ferbos-jeanfrancois.legtux.org\/wp-content\/uploads\/2023\/04\/PPU-avril.jpg?resize=94%2C300&amp;ssl=1 94w\" sizes=\"auto, (max-width: 284px) 100vw, 284px\" \/><\/figure><div class=\"wp-block-media-text__content\">\n<p class=\"wp-block-paragraph\">Tout part d\u2019une petite histoire de vacances. \u00c7a se passe dans une voiture, dans une famille. \u00c7a concerne la Une du Monde. \u00c7a concerne la na\u00efvet\u00e9 : comment des exclues peuvent exclure ? C\u2019est l\u2019id\u00e9e m\u00eame d\u2019exclusion qui ne convient pas. Exclure qui ? De quoi ? Dans quels contextes ?<\/p>\n\n\n\n<p class=\"wp-block-paragraph\">De retour \u00e0 Paris, je me retrouve \u00e0 chercher des psy*spy disponibles pour rencontrer quelques personnes queer en exil. Queer \u2013 personne \u2013 exil. Aucun mot ne va pour dire ce dont il s\u2019agit parce qu\u2019il n\u2019y a rien de sp\u00e9cial et tout \u00e0 la fois, comme toujours quand de l\u2019analytique s\u2019enclenche.<\/p>\n\n\n\n<p class=\"wp-block-paragraph\">Rien de sp\u00e9cial : la Pr\u00e9fecture, l\u2019Office Fran\u00e7ais de Protection des R\u00e9fugi\u00e9s et Apatrides, la Cour Nationale du Droit d\u2019Asile, le r\u00e9cit, la libert\u00e9, le Comit\u00e9 pour la Sant\u00e9 des Exil\u00e9-e-s, les psychologues, les docteurs, l\u2019avocat-e, la M\u00e9diterran\u00e9e, la Libye, Lesbos, le corps, l\u2019esprit, l\u2019\u00e2me, la psych\u00e9, la vie psychique, le conscient, l\u2019inconscient, le sujet, l\u2019\u0153dipe, la triangulation, le phallus, les matraques, du p\u00e2t\u00e9 pour s\u2019int\u00e9grer.<\/p>\n\n\n\n<p class=\"wp-block-paragraph\">Trouble.<\/p>\n\n\n\n<p class=\"wp-block-paragraph\">\u00ab Percevoir, ressentir et nommer autrement. Conna\u00eetre diff\u00e9remment. Aimer diff\u00e9remment. Il ne suffit pas d\u2019analyser la condition n\u00e9olib\u00e9rale, il faut changer les noms de toutes les choses. [\u2026] Je propose ici de d\u00e9placer la notion de sujet politique, fiction dominante de la modernit\u00e9 patriarcale et coloniale, qui pr\u00e9suppose une th\u00e9orie de la souverainet\u00e9, une repr\u00e9sentation verticale du pouvoir, un r\u00e9cit individualiste de la suj\u00e9tion et de l\u2019autonomie, et de commencer \u00e0 r\u00e9fl\u00e9chir aux diff\u00e9rents processus par lesquels un corps vivant peut devenir un <em>symbiote politique<\/em> \u00bb. Paul B. Preciado, <em>Dysphoria Mundi<\/em>, p. 58.<\/p>\n\n\n\n<p class=\"wp-block-paragraph\"><strong>Quelques r\u00e9f\u00e9rences:<\/strong><\/p>\n\n\n\n<p class=\"wp-block-paragraph\">Butler J., <em>Le pouvoir des mots &#8211; discours de haine et politique du performatif<\/em>, traduit de l\u2019anglais<\/p>\n\n\n\n<p class=\"wp-block-paragraph\">par Charlotte Nordmann, Paris, Amsterdam, 2017.&nbsp;&nbsp;&nbsp;&nbsp;&nbsp;&nbsp;&nbsp;&nbsp;&nbsp;&nbsp; <em><sub>Vacarme<\/sub><\/em><\/p>\n\n\n\n<p class=\"wp-block-paragraph\">Ch\u00e9mery V et al., \u00ab La race n\u2019existe pas, mais elle tue \u00bb, , n\u00b071, printemps 2015. Cleto F., <em>Camp. Queer Aesthetics and the Performing Subject : a Reader<\/em>, University of Michigan Press, 1999.<\/p>\n\n\n\n<p class=\"wp-block-paragraph\">Guattari F., <em>De Leros \u00e0 La Borde,<\/em> Nouvelles Editions Lignes, 2012.<\/p>\n\n\n\n<p class=\"wp-block-paragraph\">Hart L., <em>La performance sadomasochiste. Entre corps et chair.<\/em> Traduit par Annie L\u00e9vy-Leneveu, Paris, EPEL, 2003.<\/p>\n\n\n\n<p class=\"wp-block-paragraph\">Preciado P.B., <em>Dysphoria Mundi<\/em>, Paris, Grasset, 2022.<\/p>\n\n\n\n<p class=\"has-text-align-center wp-block-paragraph\"><strong>Inscriptions sur place \u00e0 9h.<\/strong><\/p>\n\n\n\n<p class=\"has-text-align-center has-vivid-purple-color has-text-color wp-block-paragraph\"><strong>participation aux&nbsp; frais:<\/strong><\/p>\n\n\n\n<p class=\"has-text-align-center has-vivid-purple-color has-text-color wp-block-paragraph\"><strong>la journ\u00e9e&nbsp;&nbsp;20 \u20ac&nbsp;&#8211;&nbsp; tarif&nbsp; r\u00e9duit&nbsp; 10\u20ac<\/strong><\/p>\n<\/div><\/div>\n\n\n\n<div style=\"height:100px\" aria-hidden=\"true\" class=\"wp-block-spacer\"><\/div>\n\n\n\n<div data-wp-interactive=\"core\/file\" class=\"wp-block-file\"><object data-wp-bind--hidden=\"!state.hasPdfPreview\" hidden class=\"wp-block-file__embed\" data=\"https:\/\/ferbos-jeanfrancois.legtux.org\/wp-content\/uploads\/2023\/04\/pl-publique-15-avril-2023-base.pdf\" type=\"application\/pdf\" style=\"width:100%;height:628px\" aria-label=\"Contenu embarqu\u00e9 Place publique 15 avril 2023.\"><\/object><a id=\"wp-block-file--media-a89c99be-c376-46a0-8d2e-84e78b5f268b\" href=\"https:\/\/ferbos-jeanfrancois.legtux.org\/wp-content\/uploads\/2023\/04\/pl-publique-15-avril-2023-base.pdf\" target=\"_blank\" rel=\"noreferrer noopener\">Place publique 15 avril 2023<\/a><a href=\"https:\/\/ferbos-jeanfrancois.legtux.org\/wp-content\/uploads\/2023\/04\/pl-publique-15-avril-2023-base.pdf\" class=\"wp-block-file__button wp-element-button\" download aria-describedby=\"wp-block-file--media-a89c99be-c376-46a0-8d2e-84e78b5f268b\">T\u00e9l\u00e9charger<\/a><\/div>\n","protected":false},"excerpt":{"rendered":"<p>Samedi 15 avril \u00e0 l&rsquo;Agora, 64 rue du p\u00e8re Corentin 75014 Paris Metro Ligne 4 Porte d\u2019Orl\u00e9ans Bus 38 et 92 Tram<\/p>\n<p class=\"link-more\"><a class=\"myButt \" href=\"https:\/\/ferbos-jeanfrancois.legtux.org\/?p=2251\">Read More<\/a><\/p>\n","protected":false},"author":1,"featured_media":2254,"comment_status":"closed","ping_status":"closed","sticky":false,"template":"","format":"standard","meta":{"_crdt_document":"","jetpack_post_was_ever_published":false,"_jetpack_newsletter_access":"","_jetpack_dont_email_post_to_subs":false,"_jetpack_newsletter_tier_id":0,"_jetpack_memberships_contains_paywalled_content":false,"_jetpack_memberships_contains_paid_content":false,"footnotes":"","jetpack_publicize_message":"","jetpack_publicize_feature_enabled":true,"jetpack_social_post_already_shared":true,"jetpack_social_options":{"image_generator_settings":{"template":"highway","default_image_id":0,"font":"","enabled":false},"version":2}},"categories":[39,40,29],"tags":[],"class_list":["post-2251","post","type-post","status-publish","format-standard","has-post-thumbnail","hentry","category-activites","category-place-publique-et-conferences-de-lunebevue","category-psychanalyse"],"jetpack_publicize_connections":[],"jetpack_featured_media_url":"https:\/\/i0.wp.com\/ferbos-jeanfrancois.legtux.org\/wp-content\/uploads\/2023\/04\/LOGO-PPU-avril-23.jpg?fit=179%2C183&ssl=1","jetpack-related-posts":[{"id":2954,"url":"https:\/\/ferbos-jeanfrancois.legtux.org\/?p=2954","url_meta":{"origin":2251,"position":0},"title":"Place Publique 2025","author":"Cravan","date":"7 mars 2025","format":false,"excerpt":"Encore une fois\u2026 la po\u00e9sieLes ann\u00e9es trente seraient-elles devant nous?parXAVIER LECONTEPr\u00e9sentation par Mayette Viltard Place publique janvier 25T\u00e9l\u00e9charger","rel":"","context":"Dans &quot;Activit\u00e9s&quot;","block_context":{"text":"Activit\u00e9s","link":"https:\/\/ferbos-jeanfrancois.legtux.org\/?cat=39"},"img":{"alt_text":"","src":"https:\/\/i0.wp.com\/ferbos-jeanfrancois.legtux.org\/wp-content\/uploads\/2025\/03\/Place-publique-janvier-25-1-copie.jpg?resize=350%2C200&ssl=1","width":350,"height":200,"srcset":"https:\/\/i0.wp.com\/ferbos-jeanfrancois.legtux.org\/wp-content\/uploads\/2025\/03\/Place-publique-janvier-25-1-copie.jpg?resize=350%2C200&ssl=1 1x, https:\/\/i0.wp.com\/ferbos-jeanfrancois.legtux.org\/wp-content\/uploads\/2025\/03\/Place-publique-janvier-25-1-copie.jpg?resize=525%2C300&ssl=1 1.5x, https:\/\/i0.wp.com\/ferbos-jeanfrancois.legtux.org\/wp-content\/uploads\/2025\/03\/Place-publique-janvier-25-1-copie.jpg?resize=700%2C400&ssl=1 2x, https:\/\/i0.wp.com\/ferbos-jeanfrancois.legtux.org\/wp-content\/uploads\/2025\/03\/Place-publique-janvier-25-1-copie.jpg?resize=1050%2C600&ssl=1 3x, https:\/\/i0.wp.com\/ferbos-jeanfrancois.legtux.org\/wp-content\/uploads\/2025\/03\/Place-publique-janvier-25-1-copie.jpg?resize=1400%2C800&ssl=1 4x"},"classes":[]},{"id":3026,"url":"https:\/\/ferbos-jeanfrancois.legtux.org\/?p=3026","url_meta":{"origin":2251,"position":1},"title":"PLACE PUBLIQUE 2025","author":"Cravan","date":"28 mai 2025","format":false,"excerpt":"Se d\u00e9faire de la pens\u00e9e straight. L\u2019effet transformatif de la pens\u00e9e de Monique Wittig Par Natacha Chetcuti-Osorovitz SAMEDI 14 JUIN \u00e0 L'AGORA 64 rue du P\u00e8re Corentin Paris 14 de 9h30 \u00e0 12h et de 14h \u00e0 16h30 Place publique 14 juin 2025 3T\u00e9l\u00e9charger Place publique 14 juin texteT\u00e9l\u00e9charger","rel":"","context":"Dans &quot;Activit\u00e9s&quot;","block_context":{"text":"Activit\u00e9s","link":"https:\/\/ferbos-jeanfrancois.legtux.org\/?cat=39"},"img":{"alt_text":"","src":"https:\/\/i0.wp.com\/ferbos-jeanfrancois.legtux.org\/wp-content\/uploads\/2025\/05\/PPU-JUIN-25.png?resize=350%2C200&ssl=1","width":350,"height":200,"srcset":"https:\/\/i0.wp.com\/ferbos-jeanfrancois.legtux.org\/wp-content\/uploads\/2025\/05\/PPU-JUIN-25.png?resize=350%2C200&ssl=1 1x, https:\/\/i0.wp.com\/ferbos-jeanfrancois.legtux.org\/wp-content\/uploads\/2025\/05\/PPU-JUIN-25.png?resize=525%2C300&ssl=1 1.5x"},"classes":[]},{"id":3149,"url":"https:\/\/ferbos-jeanfrancois.legtux.org\/?p=3149","url_meta":{"origin":2251,"position":2},"title":"Place Publique","author":"Cravan","date":"28 mars 2026","format":false,"excerpt":"Se d\u00e9faire de la culture du trauma Blocs d\u2019enfance et devenirs Par Mayette Viltard Place publique mars 2026T\u00e9l\u00e9charger SAMEDI 4 AVRIL\u00e0 L\u2019AGORA64 rue du p\u00e8re Corentin Paris 14de 9h30 \u00e0 12h et de 14h \u00e0 16h30","rel":"","context":"Dans &quot;Activit\u00e9s&quot;","block_context":{"text":"Activit\u00e9s","link":"https:\/\/ferbos-jeanfrancois.legtux.org\/?cat=39"},"img":{"alt_text":"","src":"https:\/\/i0.wp.com\/ferbos-jeanfrancois.legtux.org\/wp-content\/uploads\/2026\/03\/image-Place-publique-mars-2026.jpg?fit=855%2C450&ssl=1&resize=350%2C200","width":350,"height":200,"srcset":"https:\/\/i0.wp.com\/ferbos-jeanfrancois.legtux.org\/wp-content\/uploads\/2026\/03\/image-Place-publique-mars-2026.jpg?fit=855%2C450&ssl=1&resize=350%2C200 1x, https:\/\/i0.wp.com\/ferbos-jeanfrancois.legtux.org\/wp-content\/uploads\/2026\/03\/image-Place-publique-mars-2026.jpg?fit=855%2C450&ssl=1&resize=525%2C300 1.5x, https:\/\/i0.wp.com\/ferbos-jeanfrancois.legtux.org\/wp-content\/uploads\/2026\/03\/image-Place-publique-mars-2026.jpg?fit=855%2C450&ssl=1&resize=700%2C400 2x"},"classes":[]},{"id":3131,"url":"https:\/\/ferbos-jeanfrancois.legtux.org\/?p=3131","url_meta":{"origin":2251,"position":3},"title":"PLACE PUBLIQUE 2026","author":"Cravan","date":"8 f\u00e9vrier 2026","format":false,"excerpt":"SPINOZA ET NOUS Que peut un corps? Par Xavier Leconte Pr\u00e9sentation et programmeT\u00e9l\u00e9charger","rel":"","context":"Dans &quot;Activit\u00e9s&quot;","block_context":{"text":"Activit\u00e9s","link":"https:\/\/ferbos-jeanfrancois.legtux.org\/?cat=39"},"img":{"alt_text":"","src":"https:\/\/i0.wp.com\/ferbos-jeanfrancois.legtux.org\/wp-content\/uploads\/2026\/02\/Capture-decran-2026-02-08-a-12.27.23.png?fit=1200%2C708&ssl=1&resize=350%2C200","width":350,"height":200,"srcset":"https:\/\/i0.wp.com\/ferbos-jeanfrancois.legtux.org\/wp-content\/uploads\/2026\/02\/Capture-decran-2026-02-08-a-12.27.23.png?fit=1200%2C708&ssl=1&resize=350%2C200 1x, https:\/\/i0.wp.com\/ferbos-jeanfrancois.legtux.org\/wp-content\/uploads\/2026\/02\/Capture-decran-2026-02-08-a-12.27.23.png?fit=1200%2C708&ssl=1&resize=525%2C300 1.5x, https:\/\/i0.wp.com\/ferbos-jeanfrancois.legtux.org\/wp-content\/uploads\/2026\/02\/Capture-decran-2026-02-08-a-12.27.23.png?fit=1200%2C708&ssl=1&resize=700%2C400 2x, https:\/\/i0.wp.com\/ferbos-jeanfrancois.legtux.org\/wp-content\/uploads\/2026\/02\/Capture-decran-2026-02-08-a-12.27.23.png?fit=1200%2C708&ssl=1&resize=1050%2C600 3x"},"classes":[]},{"id":2974,"url":"https:\/\/ferbos-jeanfrancois.legtux.org\/?p=2974","url_meta":{"origin":2251,"position":4},"title":"PLACE PUBLIQUE 2025","author":"Cravan","date":"26 mars 2025","format":false,"excerpt":"Mayette VILTARD La question de la sensation dans l'exercice de la psychanalyse parMARCELO REAL SAMEDI 5 AVRIL \u00e0 L\u2019AGORA64 rue du p\u00e8re Corentin Paris 14eM\u00e9tro Ligne 4 Porte d\u2019Orl\u00e9ans, Bus 38 et 92; Tram T3a Place publique avril 25 T\u00e9l\u00e9charger","rel":"","context":"Dans &quot;Activit\u00e9s&quot;","block_context":{"text":"Activit\u00e9s","link":"https:\/\/ferbos-jeanfrancois.legtux.org\/?cat=39"},"img":{"alt_text":"","src":"https:\/\/i0.wp.com\/ferbos-jeanfrancois.legtux.org\/wp-content\/uploads\/2025\/03\/Place-publique-avril-25-copie-1-1.jpg?fit=846%2C720&ssl=1&resize=350%2C200","width":350,"height":200,"srcset":"https:\/\/i0.wp.com\/ferbos-jeanfrancois.legtux.org\/wp-content\/uploads\/2025\/03\/Place-publique-avril-25-copie-1-1.jpg?fit=846%2C720&ssl=1&resize=350%2C200 1x, https:\/\/i0.wp.com\/ferbos-jeanfrancois.legtux.org\/wp-content\/uploads\/2025\/03\/Place-publique-avril-25-copie-1-1.jpg?fit=846%2C720&ssl=1&resize=525%2C300 1.5x, https:\/\/i0.wp.com\/ferbos-jeanfrancois.legtux.org\/wp-content\/uploads\/2025\/03\/Place-publique-avril-25-copie-1-1.jpg?fit=846%2C720&ssl=1&resize=700%2C400 2x"},"classes":[]},{"id":2917,"url":"https:\/\/ferbos-jeanfrancois.legtux.org\/?p=2917","url_meta":{"origin":2251,"position":5},"title":"Le travail du r\u00eave freudien comme production transindividuelle","author":"Cravan","date":"22 janvier 2025","format":false,"excerpt":"Place Publique Par Isis\u00a0Casta\u00f1eda\u00a0Capriroli 64 rue du p\u00e8re Corentin Paris 14, de 9h \u00e0 16h30. Les prochaines Place publique auront lieu les 15 mars, 5 avril et 14 juin. Les Clinic zones auront lieu \u00e0 Marseille les 24 et 25 mai, \u00e0 la Maison de la Suisse, 7 rue d'Arcole,\u2026","rel":"","context":"Dans &quot;Activit\u00e9s&quot;","block_context":{"text":"Activit\u00e9s","link":"https:\/\/ferbos-jeanfrancois.legtux.org\/?cat=39"},"img":{"alt_text":"","src":"https:\/\/i0.wp.com\/ferbos-jeanfrancois.legtux.org\/wp-content\/uploads\/2025\/01\/PPU-02-2025.jpg?fit=645%2C497&ssl=1&resize=350%2C200","width":350,"height":200,"srcset":"https:\/\/i0.wp.com\/ferbos-jeanfrancois.legtux.org\/wp-content\/uploads\/2025\/01\/PPU-02-2025.jpg?fit=645%2C497&ssl=1&resize=350%2C200 1x, https:\/\/i0.wp.com\/ferbos-jeanfrancois.legtux.org\/wp-content\/uploads\/2025\/01\/PPU-02-2025.jpg?fit=645%2C497&ssl=1&resize=525%2C300 1.5x"},"classes":[]}],"jetpack_likes_enabled":true,"jetpack_sharing_enabled":true,"_links":{"self":[{"href":"https:\/\/ferbos-jeanfrancois.legtux.org\/index.php?rest_route=\/wp\/v2\/posts\/2251","targetHints":{"allow":["GET"]}}],"collection":[{"href":"https:\/\/ferbos-jeanfrancois.legtux.org\/index.php?rest_route=\/wp\/v2\/posts"}],"about":[{"href":"https:\/\/ferbos-jeanfrancois.legtux.org\/index.php?rest_route=\/wp\/v2\/types\/post"}],"author":[{"embeddable":true,"href":"https:\/\/ferbos-jeanfrancois.legtux.org\/index.php?rest_route=\/wp\/v2\/users\/1"}],"replies":[{"embeddable":true,"href":"https:\/\/ferbos-jeanfrancois.legtux.org\/index.php?rest_route=%2Fwp%2Fv2%2Fcomments&post=2251"}],"version-history":[{"count":2,"href":"https:\/\/ferbos-jeanfrancois.legtux.org\/index.php?rest_route=\/wp\/v2\/posts\/2251\/revisions"}],"predecessor-version":[{"id":2260,"href":"https:\/\/ferbos-jeanfrancois.legtux.org\/index.php?rest_route=\/wp\/v2\/posts\/2251\/revisions\/2260"}],"wp:featuredmedia":[{"embeddable":true,"href":"https:\/\/ferbos-jeanfrancois.legtux.org\/index.php?rest_route=\/wp\/v2\/media\/2254"}],"wp:attachment":[{"href":"https:\/\/ferbos-jeanfrancois.legtux.org\/index.php?rest_route=%2Fwp%2Fv2%2Fmedia&parent=2251"}],"wp:term":[{"taxonomy":"category","embeddable":true,"href":"https:\/\/ferbos-jeanfrancois.legtux.org\/index.php?rest_route=%2Fwp%2Fv2%2Fcategories&post=2251"},{"taxonomy":"post_tag","embeddable":true,"href":"https:\/\/ferbos-jeanfrancois.legtux.org\/index.php?rest_route=%2Fwp%2Fv2%2Ftags&post=2251"}],"curies":[{"name":"wp","href":"https:\/\/api.w.org\/{rel}","templated":true}]}}