{"id":2280,"date":"2023-04-09T23:06:37","date_gmt":"2023-04-09T21:06:37","guid":{"rendered":"https:\/\/ferbos-jeanfrancois.legtux.org\/?p=2280"},"modified":"2023-04-11T12:43:47","modified_gmt":"2023-04-11T10:43:47","slug":"echafaudages-nomades-lacaniens-andamiajes-lacanianos-nomades-en-ligne","status":"publish","type":"post","link":"https:\/\/ferbos-jeanfrancois.legtux.org\/?p=2280","title":{"rendered":"\u00c9chafaudages nomades lacaniens \/ Andamiajes lacanianos n\u00f3mades (en ligne)"},"content":{"rendered":"\n<h3 class=\"wp-block-heading\">Une activit\u00e9 sous la responsabilit\u00e9 d&rsquo; Eduardo Bernasconi et Stella Ocampo<\/h3>\n\n\n<div class=\"wp-block-image\">\n<figure class=\"aligncenter size-full\"><img data-recalc-dims=\"1\" loading=\"lazy\" decoding=\"async\" width=\"452\" height=\"679\" data-attachment-id=\"2281\" data-permalink=\"https:\/\/ferbos-jeanfrancois.legtux.org\/?attachment_id=2281\" data-orig-file=\"https:\/\/i0.wp.com\/ferbos-jeanfrancois.legtux.org\/wp-content\/uploads\/2023\/04\/DURER.jpg?fit=452%2C679&amp;ssl=1\" data-orig-size=\"452,679\" data-comments-opened=\"1\" data-image-meta=\"{&quot;aperture&quot;:&quot;0&quot;,&quot;credit&quot;:&quot;&quot;,&quot;camera&quot;:&quot;&quot;,&quot;caption&quot;:&quot;&quot;,&quot;created_timestamp&quot;:&quot;0&quot;,&quot;copyright&quot;:&quot;&quot;,&quot;focal_length&quot;:&quot;0&quot;,&quot;iso&quot;:&quot;0&quot;,&quot;shutter_speed&quot;:&quot;0&quot;,&quot;title&quot;:&quot;&quot;,&quot;orientation&quot;:&quot;0&quot;}\" data-image-title=\"DURER\" data-image-description=\"\" data-image-caption=\"\" data-large-file=\"https:\/\/i0.wp.com\/ferbos-jeanfrancois.legtux.org\/wp-content\/uploads\/2023\/04\/DURER.jpg?fit=452%2C679&amp;ssl=1\" src=\"https:\/\/i0.wp.com\/ferbos-jeanfrancois.legtux.org\/wp-content\/uploads\/2023\/04\/DURER.jpg?resize=452%2C679&#038;ssl=1\" alt=\"\" class=\"wp-image-2281\" srcset=\"https:\/\/i0.wp.com\/ferbos-jeanfrancois.legtux.org\/wp-content\/uploads\/2023\/04\/DURER.jpg?w=452&amp;ssl=1 452w, https:\/\/i0.wp.com\/ferbos-jeanfrancois.legtux.org\/wp-content\/uploads\/2023\/04\/DURER.jpg?resize=200%2C300&amp;ssl=1 200w\" sizes=\"auto, (max-width: 452px) 100vw, 452px\" \/><\/figure>\n<\/div>\n\n\n<p class=\"wp-block-paragraph\"><strong>Samedi 6 mai<\/strong> <\/p>\n\n\n\n<p class=\"wp-block-paragraph\">Charles Souli\u00e9 (Universit\u00e9 Paris 8. Vincennes-Saint Denis)<\/p>\n\n\n\n<p class=\"wp-block-paragraph\">\u00ab Familles et religions chez les \u00e9tudiants de l\u2019universit\u00e9 Paris 8 Vincennes-Saint-Denis \u00bb<\/p>\n\n\n\n<p class=\"wp-block-paragraph\">(\u00abFamilles et religions parmi les \u00e9tudiants de l&rsquo;Universit\u00e9 Paris 8 Vincennes-Saint-Denis\u00bb)<\/p>\n\n\n\n<p class=\"wp-block-paragraph\">Lien pour lire l&rsquo;argument : <a href=\"https:\/\/ecole-lacanienne.net\/event\/familles-et-religions-chez-les-etudiants-de-luniversite-paris-8-vincennes-saint-denis\/?fbclid=IwAR2Eck77oroLDLqyNRK-XjhjQX3aLt3vPVH9mun4CJi934wx1uVxA764RuA\" rel=\"noreferrer noopener\" target=\"_blank\">https:\/\/ecole-lacanienne.net\/&#8230;\/familles-et-religions&#8230;\/<\/a><\/p>\n\n\n\n<p class=\"wp-block-paragraph\">13h Argentine, Uruguay, Chili, Br\u00e9sil et Paraguay<\/p>\n\n\n\n<p class=\"wp-block-paragraph\">10h Mexique et Costa Rica<\/p>\n\n\n\n<p class=\"wp-block-paragraph\">18h France<\/p>\n\n\n\n<p class=\"wp-block-paragraph\">Rejoignez la r\u00e9union Zoom :<\/p>\n\n\n\n<p class=\"wp-block-paragraph\"><a href=\"https:\/\/us02web.zoom.us\/j\/6416703269\">https:\/\/us02web.zoom.us\/j\/6416703269<\/a><\/p>\n\n\n\n<p class=\"wp-block-paragraph\">(activit\u00e9 gratuite et gratuite)<\/p>\n\n\n\n<h3 class=\"wp-block-heading has-text-align-center\">Pr\u00e9sentation de Dimitri kijek &#8211;  Fran\u00e7ais \/ Espagnol<\/h3>\n\n\n\n<figure class=\"wp-block-embed aligncenter is-type-video is-provider-youtube wp-block-embed-youtube wp-embed-aspect-16-9 wp-has-aspect-ratio\"><div class=\"wp-block-embed__wrapper\">\n<iframe loading=\"lazy\" title=\"\u00c9chafaudages nomades lacaniens \/ Andamiajes lacanianos n\u00f3mades (en ligne) -\" width=\"640\" height=\"360\" src=\"https:\/\/www.youtube.com\/embed\/4w9EhoRxWt0?feature=oembed\" frameborder=\"0\" allow=\"accelerometer; autoplay; clipboard-write; encrypted-media; gyroscope; picture-in-picture; web-share\" referrerpolicy=\"strict-origin-when-cross-origin\" allowfullscreen><\/iframe>\n<\/div><\/figure>\n","protected":false},"excerpt":{"rendered":"<p>Une activit\u00e9 sous la responsabilit\u00e9 d&rsquo; Eduardo Bernasconi et Stella Ocampo Samedi 6 mai Charles Souli\u00e9 (Universit\u00e9 Paris 8. Vincennes-Saint Denis) \u00ab<\/p>\n<p class=\"link-more\"><a class=\"myButt \" href=\"https:\/\/ferbos-jeanfrancois.legtux.org\/?p=2280\">Read More<\/a><\/p>\n","protected":false},"author":1,"featured_media":2281,"comment_status":"closed","ping_status":"closed","sticky":false,"template":"","format":"standard","meta":{"_jetpack_newsletter_access":"","_jetpack_dont_email_post_to_subs":false,"_jetpack_newsletter_tier_id":0,"_jetpack_memberships_contains_paywalled_content":false,"_jetpack_feature_clip_id":0,"_jetpack_memberships_contains_paid_content":false,"footnotes":"","jetpack_publicize_message":"","jetpack_publicize_feature_enabled":true,"jetpack_social_post_already_shared":true,"jetpack_social_options":{"image_generator_settings":{"template":"highway","default_image_id":0,"font":"","enabled":false},"version":2},"jetpack_post_was_ever_published":false},"categories":[39,29],"tags":[],"class_list":["post-2280","post","type-post","status-publish","format-standard","has-post-thumbnail","hentry","category-activites","category-psychanalyse"],"jetpack_publicize_connections":[],"jetpack-related-posts":[{"id":2313,"url":"https:\/\/ferbos-jeanfrancois.legtux.org\/?p=2313","url_meta":{"origin":2280,"position":0},"title":"Pr\u00e9sentation \u00e0 \u00c9chafaudages lacaniens nomades","author":"Cravan","date":"9 mai 2023","format":false,"excerpt":"Charles Souli\u00e9 Professeur \u00e0 Paris 8. Seine saint Denis. https:\/\/youtu.be\/-tn7ax-lWOU","rel":"","context":"Dans &quot;Activit\u00e9s&quot;","block_context":{"text":"Activit\u00e9s","link":"https:\/\/ferbos-jeanfrancois.legtux.org\/?cat=39"},"img":{"alt_text":"","src":"https:\/\/i0.wp.com\/ferbos-jeanfrancois.legtux.org\/wp-content\/uploads\/2022\/11\/MAZZOCCHIO-DETAIL-11-scaled.jpg?fit=1200%2C798&ssl=1&resize=350%2C200","width":350,"height":200,"srcset":"https:\/\/i0.wp.com\/ferbos-jeanfrancois.legtux.org\/wp-content\/uploads\/2022\/11\/MAZZOCCHIO-DETAIL-11-scaled.jpg?fit=1200%2C798&ssl=1&resize=350%2C200 1x, https:\/\/i0.wp.com\/ferbos-jeanfrancois.legtux.org\/wp-content\/uploads\/2022\/11\/MAZZOCCHIO-DETAIL-11-scaled.jpg?fit=1200%2C798&ssl=1&resize=525%2C300 1.5x, https:\/\/i0.wp.com\/ferbos-jeanfrancois.legtux.org\/wp-content\/uploads\/2022\/11\/MAZZOCCHIO-DETAIL-11-scaled.jpg?fit=1200%2C798&ssl=1&resize=700%2C400 2x, https:\/\/i0.wp.com\/ferbos-jeanfrancois.legtux.org\/wp-content\/uploads\/2022\/11\/MAZZOCCHIO-DETAIL-11-scaled.jpg?fit=1200%2C798&ssl=1&resize=1050%2C600 3x"},"classes":[]},{"id":2210,"url":"https:\/\/ferbos-jeanfrancois.legtux.org\/?p=2210","url_meta":{"origin":2280,"position":1},"title":"Autour de la pens\u00e9e de Felix Guattari","author":"Cravan","date":"16 mars 2023","format":false,"excerpt":"Andamiajes lacanianos n\u00f3mades Prochaine date 29 Juin 2023 - Paris Intervenants\u00a0:Valentin SchaepelynckEduardo BernasconiMahoro Murasawa DATES 29 juin 2023 D\u00c9TAILS \u00c9cole lacanienne de psychanalyse \u00c9chafaudages lacaniens nomades Rencontre \u00e0 Paris Autour de la pens\u00e9e de Felix Guattari \u00ab Retour au singulier. \u00c0 chacun sa folie \u00bb. Revue Chim\u00e8res. Intervenants\u00a0: Valentin Schaepelynck\u2026","rel":"","context":"Dans &quot;Activit\u00e9s&quot;","block_context":{"text":"Activit\u00e9s","link":"https:\/\/ferbos-jeanfrancois.legtux.org\/?cat=39"},"img":{"alt_text":"","src":"https:\/\/i0.wp.com\/ferbos-jeanfrancois.legtux.org\/wp-content\/uploads\/2023\/03\/Chimera-1.jpg?fit=1200%2C849&ssl=1&resize=350%2C200","width":350,"height":200,"srcset":"https:\/\/i0.wp.com\/ferbos-jeanfrancois.legtux.org\/wp-content\/uploads\/2023\/03\/Chimera-1.jpg?fit=1200%2C849&ssl=1&resize=350%2C200 1x, https:\/\/i0.wp.com\/ferbos-jeanfrancois.legtux.org\/wp-content\/uploads\/2023\/03\/Chimera-1.jpg?fit=1200%2C849&ssl=1&resize=525%2C300 1.5x, https:\/\/i0.wp.com\/ferbos-jeanfrancois.legtux.org\/wp-content\/uploads\/2023\/03\/Chimera-1.jpg?fit=1200%2C849&ssl=1&resize=700%2C400 2x, https:\/\/i0.wp.com\/ferbos-jeanfrancois.legtux.org\/wp-content\/uploads\/2023\/03\/Chimera-1.jpg?fit=1200%2C849&ssl=1&resize=1050%2C600 3x"},"classes":[]},{"id":2679,"url":"https:\/\/ferbos-jeanfrancois.legtux.org\/?p=2679","url_meta":{"origin":2280,"position":2},"title":"Nouvelles perspectives sur F\u00e9lix Guattari","author":"Cravan","date":"10 janvier 2024","format":false,"excerpt":"Andamiajes lacanianos n\u00f3mades Une activit\u00e9 sous la responsabilit\u00e9 d'Eduardo Bernasconi 31 Mai 2024 - Paris Table ronde avec Mahoro Murasawa, St\u00e9phane Nadaud, Carlos Segovia et Eduardo Bernasconi Le 31 Mai 2024 - Paris ARGUMENT \u00c9cole lacanienne de psychanalyse \u00c9chafaudages lacaniens nomades Nouvelles perspectives sur F\u00e9lix Guattari \u00ab \u00c0 la place\u2026","rel":"","context":"Dans &quot;Activit\u00e9s&quot;","block_context":{"text":"Activit\u00e9s","link":"https:\/\/ferbos-jeanfrancois.legtux.org\/?cat=39"},"img":{"alt_text":"","src":"https:\/\/i0.wp.com\/ferbos-jeanfrancois.legtux.org\/wp-content\/uploads\/2024\/01\/italy.png?fit=1200%2C892&ssl=1&resize=350%2C200","width":350,"height":200,"srcset":"https:\/\/i0.wp.com\/ferbos-jeanfrancois.legtux.org\/wp-content\/uploads\/2024\/01\/italy.png?fit=1200%2C892&ssl=1&resize=350%2C200 1x, https:\/\/i0.wp.com\/ferbos-jeanfrancois.legtux.org\/wp-content\/uploads\/2024\/01\/italy.png?fit=1200%2C892&ssl=1&resize=525%2C300 1.5x, https:\/\/i0.wp.com\/ferbos-jeanfrancois.legtux.org\/wp-content\/uploads\/2024\/01\/italy.png?fit=1200%2C892&ssl=1&resize=700%2C400 2x, https:\/\/i0.wp.com\/ferbos-jeanfrancois.legtux.org\/wp-content\/uploads\/2024\/01\/italy.png?fit=1200%2C892&ssl=1&resize=1050%2C600 3x"},"classes":[]},{"id":3013,"url":"https:\/\/ferbos-jeanfrancois.legtux.org\/?p=3013","url_meta":{"origin":2280,"position":3},"title":"Processus de cr\u00e9ation et processus cliniques","author":"Cravan","date":"10 mai 2025","format":false,"excerpt":"Sous la direction de : Mireille Cifali, professeur honoraire de l'universit\u00e9 de Gen\u00e8ve. Florence Giust-Desprairies, professeur, universit\u00e9 de Paris VII Denis-Diderot. Thomas P\u00e9rilleux, professeur, universit\u00e9 catholique de Louvain. Commander Aujourd'hui, plusieurs courants scientifiques prennent l'art comme objet de recherche et \u00e9tablissent des correspondances entre le travail du chercheur et celui\u2026","rel":"","context":"Dans &quot;\u00c0 penser&quot;","block_context":{"text":"\u00c0 penser","link":"https:\/\/ferbos-jeanfrancois.legtux.org\/?cat=30"},"img":{"alt_text":"","src":"https:\/\/i0.wp.com\/ferbos-jeanfrancois.legtux.org\/wp-content\/uploads\/2024\/10\/LAP-STOC-DETAIL-5-scaled.jpg?fit=1200%2C675&ssl=1&resize=350%2C200","width":350,"height":200,"srcset":"https:\/\/i0.wp.com\/ferbos-jeanfrancois.legtux.org\/wp-content\/uploads\/2024\/10\/LAP-STOC-DETAIL-5-scaled.jpg?fit=1200%2C675&ssl=1&resize=350%2C200 1x, https:\/\/i0.wp.com\/ferbos-jeanfrancois.legtux.org\/wp-content\/uploads\/2024\/10\/LAP-STOC-DETAIL-5-scaled.jpg?fit=1200%2C675&ssl=1&resize=525%2C300 1.5x, https:\/\/i0.wp.com\/ferbos-jeanfrancois.legtux.org\/wp-content\/uploads\/2024\/10\/LAP-STOC-DETAIL-5-scaled.jpg?fit=1200%2C675&ssl=1&resize=700%2C400 2x, https:\/\/i0.wp.com\/ferbos-jeanfrancois.legtux.org\/wp-content\/uploads\/2024\/10\/LAP-STOC-DETAIL-5-scaled.jpg?fit=1200%2C675&ssl=1&resize=1050%2C600 3x"},"classes":[]},{"id":2447,"url":"https:\/\/ferbos-jeanfrancois.legtux.org\/?p=2447","url_meta":{"origin":2280,"position":4},"title":"Une p\u00e9dagogie pour le XXIe si\u00e8cle. Pratiquer la p\u00e9dagogie institutionnelle dans l\u2019enseignement sup\u00e9rieur","author":"Cravan","date":"2 juin 2023","format":false,"excerpt":"Un ouvrage de DUBOIS Arnaud, GEFFARD Patrick, SCHLEMMINGER G\u00e9rald 20\u20ac Pour commander l'ouvrage - \"clic ici\" Cet ouvrage s\u2019inscrit dans un mouvement international de renouveau de la p\u00e9dagogie dans l\u2019enseignement sup\u00e9rieur. \u00c0 l\u2019universit\u00e9 comme dans tous les lieux de l\u2019enseignement sup\u00e9rieur, des questions se r\u00e9p\u00e8tent : comment mettre en \u0153uvre\u2026","rel":"","context":"Dans &quot;\u00c0 penser&quot;","block_context":{"text":"\u00c0 penser","link":"https:\/\/ferbos-jeanfrancois.legtux.org\/?cat=30"},"img":{"alt_text":"","src":"https:\/\/i0.wp.com\/ferbos-jeanfrancois.legtux.org\/wp-content\/uploads\/2023\/06\/A-DUBOIS.jpg?resize=350%2C200&ssl=1","width":350,"height":200},"classes":[]},{"id":2832,"url":"https:\/\/ferbos-jeanfrancois.legtux.org\/?p=2832","url_meta":{"origin":2280,"position":5},"title":"\u00c0 la rencontre de l&rsquo;univers &#8211; Tome 4","author":"Cravan","date":"15 septembre 2024","format":false,"excerpt":"La physique quantique et l'enchev\u00eatrement mati\u00e8re-signification Karen Barad Traduit de l'am\u00e9ricain par Denis Petit SSN : 1284-8166 ISBN : 978-2-914596-68-8, 25 \u20ac (Suppl\u00e9ment gratuit pour les abonn\u00e9s au num\u00e9ro 41 de L'uneb\u00e9vue Revue, \u00e0 para\u00eetre.) Si Foucault a raison de dire que le pouvoir op\u00e8re \u00e0 travers la constitution sp\u00e9cifique\u2026","rel":"","context":"Dans &quot;Des livres - des \u00e9crits&quot;","block_context":{"text":"Des livres - des \u00e9crits","link":"https:\/\/ferbos-jeanfrancois.legtux.org\/?cat=49"},"img":{"alt_text":"","src":"https:\/\/i0.wp.com\/ferbos-jeanfrancois.legtux.org\/wp-content\/uploads\/2024\/09\/Karen_Barad_350x235.jpg?fit=350%2C235&ssl=1&resize=350%2C200","width":350,"height":200},"classes":[]}],"jetpack_likes_enabled":true,"jetpack_sharing_enabled":true,"jetpack_featured_media_url":"https:\/\/i0.wp.com\/ferbos-jeanfrancois.legtux.org\/wp-content\/uploads\/2023\/04\/DURER.jpg?fit=452%2C679&ssl=1","_links":{"self":[{"href":"https:\/\/ferbos-jeanfrancois.legtux.org\/index.php?rest_route=\/wp\/v2\/posts\/2280","targetHints":{"allow":["GET"]}}],"collection":[{"href":"https:\/\/ferbos-jeanfrancois.legtux.org\/index.php?rest_route=\/wp\/v2\/posts"}],"about":[{"href":"https:\/\/ferbos-jeanfrancois.legtux.org\/index.php?rest_route=\/wp\/v2\/types\/post"}],"author":[{"embeddable":true,"href":"https:\/\/ferbos-jeanfrancois.legtux.org\/index.php?rest_route=\/wp\/v2\/users\/1"}],"replies":[{"embeddable":true,"href":"https:\/\/ferbos-jeanfrancois.legtux.org\/index.php?rest_route=%2Fwp%2Fv2%2Fcomments&post=2280"}],"version-history":[{"count":8,"href":"https:\/\/ferbos-jeanfrancois.legtux.org\/index.php?rest_route=\/wp\/v2\/posts\/2280\/revisions"}],"predecessor-version":[{"id":2290,"href":"https:\/\/ferbos-jeanfrancois.legtux.org\/index.php?rest_route=\/wp\/v2\/posts\/2280\/revisions\/2290"}],"wp:featuredmedia":[{"embeddable":true,"href":"https:\/\/ferbos-jeanfrancois.legtux.org\/index.php?rest_route=\/wp\/v2\/media\/2281"}],"wp:attachment":[{"href":"https:\/\/ferbos-jeanfrancois.legtux.org\/index.php?rest_route=%2Fwp%2Fv2%2Fmedia&parent=2280"}],"wp:term":[{"taxonomy":"category","embeddable":true,"href":"https:\/\/ferbos-jeanfrancois.legtux.org\/index.php?rest_route=%2Fwp%2Fv2%2Fcategories&post=2280"},{"taxonomy":"post_tag","embeddable":true,"href":"https:\/\/ferbos-jeanfrancois.legtux.org\/index.php?rest_route=%2Fwp%2Fv2%2Ftags&post=2280"}],"curies":[{"name":"wp","href":"https:\/\/api.w.org\/{rel}","templated":true}]}}