{"id":2313,"date":"2023-05-09T20:23:37","date_gmt":"2023-05-09T18:23:37","guid":{"rendered":"https:\/\/ferbos-jeanfrancois.legtux.org\/?p=2313"},"modified":"2023-05-09T20:40:50","modified_gmt":"2023-05-09T18:40:50","slug":"presentation-a-echafaudage-lacaniens-nomades","status":"publish","type":"post","link":"https:\/\/ferbos-jeanfrancois.legtux.org\/?p=2313","title":{"rendered":"Pr\u00e9sentation \u00e0 \u00c9chafaudages lacaniens nomades"},"content":{"rendered":"\n<h3 class=\"wp-block-heading\">Charles Souli\u00e9 Professeur \u00e0 Paris 8. Seine saint Denis.<\/h3>\n\n\n\n<figure class=\"wp-block-embed is-type-video is-provider-youtube wp-block-embed-youtube wp-embed-aspect-16-9 wp-has-aspect-ratio\"><div class=\"wp-block-embed__wrapper\">\n<iframe loading=\"lazy\" title=\"Pr\u00e9sentation \u00e0 \u00c9chafaudage lacaniens nomades\" width=\"640\" height=\"360\" src=\"https:\/\/www.youtube.com\/embed\/-tn7ax-lWOU?feature=oembed\" frameborder=\"0\" allow=\"accelerometer; autoplay; clipboard-write; encrypted-media; gyroscope; picture-in-picture; web-share\" referrerpolicy=\"strict-origin-when-cross-origin\" allowfullscreen><\/iframe>\n<\/div><\/figure>\n","protected":false},"excerpt":{"rendered":"<p>Charles Souli\u00e9 Professeur \u00e0 Paris 8. Seine saint Denis.<\/p>\n","protected":false},"author":1,"featured_media":1985,"comment_status":"closed","ping_status":"open","sticky":false,"template":"","format":"standard","meta":{"_crdt_document":"","jetpack_post_was_ever_published":false,"_jetpack_newsletter_access":"","_jetpack_dont_email_post_to_subs":false,"_jetpack_newsletter_tier_id":0,"_jetpack_memberships_contains_paywalled_content":false,"_jetpack_memberships_contains_paid_content":false,"footnotes":"","jetpack_publicize_message":"","jetpack_publicize_feature_enabled":true,"jetpack_social_post_already_shared":true,"jetpack_social_options":{"image_generator_settings":{"template":"highway","default_image_id":0,"font":"","enabled":false},"version":2}},"categories":[39,29],"tags":[],"class_list":["post-2313","post","type-post","status-publish","format-standard","has-post-thumbnail","hentry","category-activites","category-psychanalyse"],"jetpack_publicize_connections":[],"jetpack_featured_media_url":"https:\/\/i0.wp.com\/ferbos-jeanfrancois.legtux.org\/wp-content\/uploads\/2022\/11\/MAZZOCCHIO-DETAIL-11-scaled.jpg?fit=2560%2C1703&ssl=1","jetpack-related-posts":[{"id":1641,"url":"https:\/\/ferbos-jeanfrancois.legtux.org\/?p=1641","url_meta":{"origin":2313,"position":0},"title":"Place publique, 9 avril 2022","author":"Cravan","date":"29 mars 2022","format":false,"excerpt":"Une activit\u00e9 de Mayette Viltard - \u00e9cole lacanienne de psychanalyse L \u2019 a l t \u00e9 r a t i o n d e s m o n d e sVersions de Philip K. Dick D a v i d L a p o u j a de Chers amis,\u2026","rel":"","context":"Dans &quot;Activit\u00e9s&quot;","block_context":{"text":"Activit\u00e9s","link":"https:\/\/ferbos-jeanfrancois.legtux.org\/?cat=39"},"img":{"alt_text":"","src":"https:\/\/i0.wp.com\/ferbos-jeanfrancois.legtux.org\/wp-content\/uploads\/2022\/03\/PPU.jpg?fit=606%2C418&ssl=1&resize=350%2C200","width":350,"height":200,"srcset":"https:\/\/i0.wp.com\/ferbos-jeanfrancois.legtux.org\/wp-content\/uploads\/2022\/03\/PPU.jpg?fit=606%2C418&ssl=1&resize=350%2C200 1x, https:\/\/i0.wp.com\/ferbos-jeanfrancois.legtux.org\/wp-content\/uploads\/2022\/03\/PPU.jpg?fit=606%2C418&ssl=1&resize=525%2C300 1.5x"},"classes":[]},{"id":927,"url":"https:\/\/ferbos-jeanfrancois.legtux.org\/?p=927","url_meta":{"origin":2313,"position":1},"title":"Jos\u00e9 Attal : La passe, r\u00e9inventer la psychanalyse \u00e0 chaque fois &#8211; Transcription","author":"Cravan","date":"15 juin 2023","format":false,"excerpt":"Conf\u00e9rence \u00e0 Buenos Aires, le samedi 3 novembre 2012 Conf\u00e9rence Attal BA 2012T\u00e9l\u00e9charger Conf\u00e9rence\u00a0\u00e0 Buenos Aires, le samedi 3 novembre 2012, dans la salle de la librairie Hern\u00e1ndez. L\u2019organisation de cette activit\u00e9 \u00e9tait \u00e0 la charge de Stella Ocampo, Eduardo Bern\u00e1sconi, Hugo Cardozo, Claudia Weiner et Alberto Sladogna, membres de\u2026","rel":"","context":"Dans &quot;Activit\u00e9s&quot;","block_context":{"text":"Activit\u00e9s","link":"https:\/\/ferbos-jeanfrancois.legtux.org\/?cat=39"},"img":{"alt_text":"","src":"https:\/\/i0.wp.com\/ferbos-jeanfrancois.legtux.org\/wp-content\/uploads\/2023\/06\/METAMORPHOSE-DETAIL1-LAP-scaled.jpg?fit=1200%2C675&ssl=1&resize=350%2C200","width":350,"height":200,"srcset":"https:\/\/i0.wp.com\/ferbos-jeanfrancois.legtux.org\/wp-content\/uploads\/2023\/06\/METAMORPHOSE-DETAIL1-LAP-scaled.jpg?fit=1200%2C675&ssl=1&resize=350%2C200 1x, https:\/\/i0.wp.com\/ferbos-jeanfrancois.legtux.org\/wp-content\/uploads\/2023\/06\/METAMORPHOSE-DETAIL1-LAP-scaled.jpg?fit=1200%2C675&ssl=1&resize=525%2C300 1.5x, https:\/\/i0.wp.com\/ferbos-jeanfrancois.legtux.org\/wp-content\/uploads\/2023\/06\/METAMORPHOSE-DETAIL1-LAP-scaled.jpg?fit=1200%2C675&ssl=1&resize=700%2C400 2x, https:\/\/i0.wp.com\/ferbos-jeanfrancois.legtux.org\/wp-content\/uploads\/2023\/06\/METAMORPHOSE-DETAIL1-LAP-scaled.jpg?fit=1200%2C675&ssl=1&resize=1050%2C600 3x"},"classes":[]},{"id":2397,"url":"https:\/\/ferbos-jeanfrancois.legtux.org\/?p=2397","url_meta":{"origin":2313,"position":2},"title":"C\u2019est \u00e0 quel sujet ? &#8211; Guy Le Gaufey","author":"Cravan","date":"10 mai 2023","format":false,"excerpt":"Un ouvrage de Guy Le Gaufey 21\u20ac Pour commander l'ouvrage, \"clic ici\" Entre 1959 et 1962, Jacques Lacan a profond\u00e9ment modifi\u00e9 le concept de \u00ab\u00a0sujet \u00bb, qu\u2019il utilisait par ailleurs depuis le d\u00e9but des ann\u00e9es trente, pour aboutir alors \u00e0 une formule selon laquelle \u00ab\u00a0le signifiant repr\u00e9sente le sujet pour\u2026","rel":"","context":"Dans &quot;Des livres - des \u00e9crits&quot;","block_context":{"text":"Des livres - des \u00e9crits","link":"https:\/\/ferbos-jeanfrancois.legtux.org\/?cat=49"},"img":{"alt_text":"","src":"https:\/\/i0.wp.com\/ferbos-jeanfrancois.legtux.org\/wp-content\/uploads\/2023\/05\/Cest-a-quel-sujet.png?fit=400%2C400&ssl=1&resize=350%2C200","width":350,"height":200},"classes":[]},{"id":975,"url":"https:\/\/ferbos-jeanfrancois.legtux.org\/?p=975","url_meta":{"origin":2313,"position":3},"title":"Jean Sabrier par Arturo Schwarz","author":"Cravan","date":"5 f\u00e9vrier 2022","format":false,"excerpt":"Jean Sabrier, un po\u00e8te des profondeurs Je le sais fort bien, \u00e0 chaque g\u00e9n\u00e9ration certains s\u2019exclament \u00ab\u00a0le monde n\u2019est plus ce qu\u2019il \u00e9tait.\u00a0\u00bb Sommes-nous s\u00fbrs que cette fois-ci nous r\u00e9citons une rengaine\u00a0? L\u2019industrie de la viande d\u00e9vore notre plan\u00e8te, la d\u00e9gradation des rapports humains, l\u2019expansion des fondamentalismes, les monopoles industriels\u2026","rel":"","context":"Dans &quot;Des artistes&quot;","block_context":{"text":"Des artistes","link":"https:\/\/ferbos-jeanfrancois.legtux.org\/?cat=17"},"img":{"alt_text":"","src":"https:\/\/i0.wp.com\/ferbos-jeanfrancois.legtux.org\/wp-content\/uploads\/2022\/02\/jean2-scaled.jpg?fit=1200%2C1133&ssl=1&resize=350%2C200","width":350,"height":200,"srcset":"https:\/\/i0.wp.com\/ferbos-jeanfrancois.legtux.org\/wp-content\/uploads\/2022\/02\/jean2-scaled.jpg?fit=1200%2C1133&ssl=1&resize=350%2C200 1x, https:\/\/i0.wp.com\/ferbos-jeanfrancois.legtux.org\/wp-content\/uploads\/2022\/02\/jean2-scaled.jpg?fit=1200%2C1133&ssl=1&resize=525%2C300 1.5x, https:\/\/i0.wp.com\/ferbos-jeanfrancois.legtux.org\/wp-content\/uploads\/2022\/02\/jean2-scaled.jpg?fit=1200%2C1133&ssl=1&resize=700%2C400 2x, https:\/\/i0.wp.com\/ferbos-jeanfrancois.legtux.org\/wp-content\/uploads\/2022\/02\/jean2-scaled.jpg?fit=1200%2C1133&ssl=1&resize=1050%2C600 3x"},"classes":[]},{"id":1948,"url":"https:\/\/ferbos-jeanfrancois.legtux.org\/?p=1948","url_meta":{"origin":2313,"position":4},"title":"GESTE","author":"Cravan","date":"3 octobre 2022","format":false,"excerpt":"Une activit\u00e9 de l\u2019\u00c9cole lacanienne de psychanalyse \u201cLes mouvements du train d\u00e9terminent le trait du crayon tenu \u00e0 main lev\u00e9e.\u201d Dessin de Pascal Battus lors d\u2019un voyage en train.\u00a0\u201cLes mouvements du train d\u00e9terminent le trait du crayon tenu \u00e0 main lev\u00e9e.\u201d\u00a0Nous avons propos\u00e9 \u00e0 Jean-S\u00e9bastien Mariage de nous faire entendre\u2026","rel":"","context":"Dans &quot;Activit\u00e9s&quot;","block_context":{"text":"Activit\u00e9s","link":"https:\/\/ferbos-jeanfrancois.legtux.org\/?cat=39"},"img":{"alt_text":"","src":"https:\/\/i0.wp.com\/ferbos-jeanfrancois.legtux.org\/wp-content\/uploads\/2022\/10\/ELP-LOGO.png?fit=640%2C454&ssl=1&resize=350%2C200","width":350,"height":200,"srcset":"https:\/\/i0.wp.com\/ferbos-jeanfrancois.legtux.org\/wp-content\/uploads\/2022\/10\/ELP-LOGO.png?fit=640%2C454&ssl=1&resize=350%2C200 1x, https:\/\/i0.wp.com\/ferbos-jeanfrancois.legtux.org\/wp-content\/uploads\/2022\/10\/ELP-LOGO.png?fit=640%2C454&ssl=1&resize=525%2C300 1.5x"},"classes":[]},{"id":2066,"url":"https:\/\/ferbos-jeanfrancois.legtux.org\/?p=2066","url_meta":{"origin":2313,"position":5},"title":"CLINIC ZONES","author":"Cravan","date":"23 novembre 2022","format":false,"excerpt":"Le corps fluant de nouvelles po\u00e9tiques PARISles 3 et 4 d\u00e9cembre 2022\u00c0 L\u2019AGORA64 rue du P\u00e8re Corentin 75014S a m e d i \u00a0d e \u00a09 h \u00e0 1 8 h \u2013 D i m a n c h e \u00a0d e \u00a09 h \u00a0\u00e0 \u00a01 6 h 3 0\u2026","rel":"","context":"Dans &quot;Activit\u00e9s&quot;","block_context":{"text":"Activit\u00e9s","link":"https:\/\/ferbos-jeanfrancois.legtux.org\/?cat=39"},"img":{"alt_text":"","src":"https:\/\/i0.wp.com\/ferbos-jeanfrancois.legtux.org\/wp-content\/uploads\/2022\/11\/CZ-Paris-decembre-2022-1.jpg?fit=694%2C648&ssl=1&resize=350%2C200","width":350,"height":200,"srcset":"https:\/\/i0.wp.com\/ferbos-jeanfrancois.legtux.org\/wp-content\/uploads\/2022\/11\/CZ-Paris-decembre-2022-1.jpg?fit=694%2C648&ssl=1&resize=350%2C200 1x, https:\/\/i0.wp.com\/ferbos-jeanfrancois.legtux.org\/wp-content\/uploads\/2022\/11\/CZ-Paris-decembre-2022-1.jpg?fit=694%2C648&ssl=1&resize=525%2C300 1.5x"},"classes":[]}],"jetpack_likes_enabled":true,"jetpack_sharing_enabled":true,"_links":{"self":[{"href":"https:\/\/ferbos-jeanfrancois.legtux.org\/index.php?rest_route=\/wp\/v2\/posts\/2313","targetHints":{"allow":["GET"]}}],"collection":[{"href":"https:\/\/ferbos-jeanfrancois.legtux.org\/index.php?rest_route=\/wp\/v2\/posts"}],"about":[{"href":"https:\/\/ferbos-jeanfrancois.legtux.org\/index.php?rest_route=\/wp\/v2\/types\/post"}],"author":[{"embeddable":true,"href":"https:\/\/ferbos-jeanfrancois.legtux.org\/index.php?rest_route=\/wp\/v2\/users\/1"}],"replies":[{"embeddable":true,"href":"https:\/\/ferbos-jeanfrancois.legtux.org\/index.php?rest_route=%2Fwp%2Fv2%2Fcomments&post=2313"}],"version-history":[{"count":3,"href":"https:\/\/ferbos-jeanfrancois.legtux.org\/index.php?rest_route=\/wp\/v2\/posts\/2313\/revisions"}],"predecessor-version":[{"id":2323,"href":"https:\/\/ferbos-jeanfrancois.legtux.org\/index.php?rest_route=\/wp\/v2\/posts\/2313\/revisions\/2323"}],"wp:featuredmedia":[{"embeddable":true,"href":"https:\/\/ferbos-jeanfrancois.legtux.org\/index.php?rest_route=\/wp\/v2\/media\/1985"}],"wp:attachment":[{"href":"https:\/\/ferbos-jeanfrancois.legtux.org\/index.php?rest_route=%2Fwp%2Fv2%2Fmedia&parent=2313"}],"wp:term":[{"taxonomy":"category","embeddable":true,"href":"https:\/\/ferbos-jeanfrancois.legtux.org\/index.php?rest_route=%2Fwp%2Fv2%2Fcategories&post=2313"},{"taxonomy":"post_tag","embeddable":true,"href":"https:\/\/ferbos-jeanfrancois.legtux.org\/index.php?rest_route=%2Fwp%2Fv2%2Ftags&post=2313"}],"curies":[{"name":"wp","href":"https:\/\/api.w.org\/{rel}","templated":true}]}}