{"id":2679,"date":"2024-01-10T21:13:12","date_gmt":"2024-01-10T20:13:12","guid":{"rendered":"https:\/\/ferbos-jeanfrancois.legtux.org\/?p=2679"},"modified":"2024-01-10T21:13:16","modified_gmt":"2024-01-10T20:13:16","slug":"nouvelles-perspectives-sur-felix-guattari","status":"publish","type":"post","link":"https:\/\/ferbos-jeanfrancois.legtux.org\/?p=2679","title":{"rendered":"Nouvelles perspectives sur F\u00e9lix Guattari"},"content":{"rendered":"\n<h3 class=\"wp-block-heading has-vivid-green-cyan-color has-text-color has-link-color wp-elements-3ad7e88788d93d4b6ac7d45e4c067bf0\">Andamiajes lacanianos n\u00f3mades<\/h3>\n\n\n\n<h3 class=\"wp-block-heading\">Une activit\u00e9 sous la responsabilit\u00e9 d&rsquo;Eduardo Bernasconi<\/h3>\n\n\n\n<figure class=\"wp-block-image size-full is-resized is-style-rounded\"><img data-recalc-dims=\"1\" loading=\"lazy\" decoding=\"async\" width=\"640\" height=\"491\" data-attachment-id=\"2680\" data-permalink=\"https:\/\/ferbos-jeanfrancois.legtux.org\/?attachment_id=2680\" data-orig-file=\"https:\/\/i0.wp.com\/ferbos-jeanfrancois.legtux.org\/wp-content\/uploads\/2024\/01\/FG.jpg?fit=640%2C491&amp;ssl=1\" data-orig-size=\"640,491\" data-comments-opened=\"1\" data-image-meta=\"{&quot;aperture&quot;:&quot;0&quot;,&quot;credit&quot;:&quot;&quot;,&quot;camera&quot;:&quot;&quot;,&quot;caption&quot;:&quot;&quot;,&quot;created_timestamp&quot;:&quot;0&quot;,&quot;copyright&quot;:&quot;&quot;,&quot;focal_length&quot;:&quot;0&quot;,&quot;iso&quot;:&quot;0&quot;,&quot;shutter_speed&quot;:&quot;0&quot;,&quot;title&quot;:&quot;&quot;,&quot;orientation&quot;:&quot;1&quot;}\" data-image-title=\"FG\" data-image-description=\"\" data-image-caption=\"\" data-large-file=\"https:\/\/i0.wp.com\/ferbos-jeanfrancois.legtux.org\/wp-content\/uploads\/2024\/01\/FG.jpg?fit=640%2C491&amp;ssl=1\" src=\"https:\/\/i0.wp.com\/ferbos-jeanfrancois.legtux.org\/wp-content\/uploads\/2024\/01\/FG.jpg?resize=640%2C491&#038;ssl=1\" alt=\"\" class=\"wp-image-2680\" style=\"width:198px;height:auto\" srcset=\"https:\/\/i0.wp.com\/ferbos-jeanfrancois.legtux.org\/wp-content\/uploads\/2024\/01\/FG.jpg?w=640&amp;ssl=1 640w, https:\/\/i0.wp.com\/ferbos-jeanfrancois.legtux.org\/wp-content\/uploads\/2024\/01\/FG.jpg?resize=300%2C230&amp;ssl=1 300w\" sizes=\"auto, (max-width: 640px) 100vw, 640px\" \/><\/figure>\n\n\n\n<h4 class=\"wp-block-heading\">31 Mai 2024 &#8211; Paris<\/h4>\n\n\n\n<p class=\"has-text-align-center wp-block-paragraph\">Table ronde avec Mahoro Murasawa, St\u00e9phane Nadaud, Carlos Segovia et Eduardo Bernasconi<\/p>\n\n\n\n<p class=\"has-text-align-center wp-block-paragraph\">Le 31 Mai 2024 &#8211; Paris<\/p>\n\n\n\n<h3 class=\"wp-block-heading has-text-align-center has-vivid-green-cyan-color has-text-color has-link-color wp-elements-a57dcb893aa6310173c9f24837a28b0e\">ARGUMENT<\/h3>\n\n\n\n<p class=\"wp-block-paragraph\"><strong>\u00c9cole lacanienne de psychanalyse<\/strong><\/p>\n\n\n\n<p class=\"wp-block-paragraph\"><em>\u00c9chafaudages lacaniens nomades<\/em><\/p>\n\n\n\n<p class=\"wp-block-paragraph\"><strong>Nouvelles perspectives sur F\u00e9lix Guattari<\/strong><\/p>\n\n\n\n<blockquote class=\"wp-block-quote is-layout-flow wp-block-quote-is-layout-flow\">\n<p class=\"wp-block-paragraph\">\u00ab \u00c0 la place d\u2019une grosse machinerie \u00e0 deux temps \u2014 syst\u00e8me de refoulement-attraction \u2014 de l\u2019inconscient classique, l\u2019inconscient schizoanalytique fait prolif\u00e9rer tout un ensemble de machines d\u00e9sirantes. On n\u2019a plus affaire ici \u00e0 des \u201cobjets partiels\u201d typifi\u00e9s -le sein, les f\u00e8ces, le p\u00e9nis, etc.-, mais \u00e0 une multitude d\u2019objets singuli\u00e8res, h\u00e9t\u00e9rog\u00e8nes les uns aux les autres, et qui articulent en constellations jamais r\u00e9ductibles en complexes universels. \u00bb F\u00e9lix Guattari<\/p>\n<\/blockquote>\n\n\n\n<p class=\"wp-block-paragraph\"><strong>Table ronde avec Mahoro Murasawa, St\u00e9phane Nadaud, Carlos Segovia et Eduardo Bernasconi<\/strong><br>suivi d\u2019\u00e9changes avec le public<\/p>\n\n\n\n<p class=\"wp-block-paragraph\">\u2013 <strong>Mahoro Murasawa.<\/strong> Japon, Kyoto<br>\u00ab Entre l\u2019\u00e2me et la terre : Repenser la philosophie esth\u00e9tique de Guattari. \u00bb<\/p>\n\n\n\n<p class=\"wp-block-paragraph\">\u2013<strong> St\u00e9phane Nadaud<\/strong>. France, Paris<br>\u00ab Par-del\u00e0 de Deleuze et Guattari \u00bb.<\/p>\n\n\n\n<p class=\"wp-block-paragraph\">\u2013 <strong>Carlos Segovia<\/strong>. Espagne, Madrid<br>\u00ab Entre maison et cosmos : Guattari au-del\u00e0 de Deleuze. \u00bb<\/p>\n\n\n\n<p class=\"wp-block-paragraph\">\u2013 <strong>Eduardo Bernasconi.<\/strong> Argentine, Buenos Aires<br>\u00ab&nbsp;Fragments d\u2019\u00e9cologie mentale. L\u2019inconscient machinique et la r\u00e9volution mol\u00e9culaire&nbsp;\u00bb.<\/p>\n\n\n\n<p class=\"wp-block-paragraph\">Quels paysages peuvent \u00e9merger aujourd\u2019hui \u00e0 l\u2019intersection de l\u2019inconscient machinique, de l\u2019\u00e9cologie mentale et de la r\u00e9volution mol\u00e9culaire ? Comment penser la relation entre l\u2019\u00e2me et la terre, l\u2019esth\u00e9tique et l\u2019\u00e9cologie, propre \u00e0 l\u2019\u00e9cosophie guattarienne, en relation avec les probl\u00e8mes environnementaux actuels du point de vue de l\u2019histoire des id\u00e9es et de l\u2019anthropologie ? Comment r\u00e9-imaginer la dialectique guattarienne entre maison et cosmos, territorialisation et d\u00e9territorialisation, en tenant compte du fait que si le d\u00e9passement des limites de tout territoire (physique ou autre) d\u00e9finit l\u2019homme, le soin des choses, m\u00eame de ce qui ne nous concerne pas en principe, n\u2019est pas moins sp\u00e9cifiquement humain ? Enfin, comment continuer \u00e0 penser avec Guattari et Deleuze en se situant simultan\u00e9ment au-del\u00e0 des deux ? Voici quelques-unes des questions que ce dialogue voudrait aborder\u2026<\/p>\n\n\n\n<p class=\"wp-block-paragraph\">Ces concepts mettent en tension tant la psychanalyse que la philosophie, la sociologie, l\u2019\u00e9cologie, entre autres disciplines. Tension qui vise \u00e0 produire de nouveaux univers de r\u00e9f\u00e9rences, notamment du champ du possible&nbsp;; donc de la cr\u00e9ation.<\/p>\n\n\n\n<p class=\"wp-block-paragraph\"><strong>Mahoro Murasawa<\/strong> est professeur \u00e0 la facult\u00e9 de sociologie \u00e0 l\u2019universit\u00e9 Ryukoku, Japon.<\/p>\n\n\n\n<p class=\"wp-block-paragraph\"><strong>Eduardo Bernasconi<\/strong> pratique la psychanalyse \u00e0 Buenos aires. Membre de l\u2019\u00c9cole lacanienne de psychanalyse.<\/p>\n\n\n\n<p class=\"wp-block-paragraph\"><strong>St\u00e9phane Nadaud<\/strong> est p\u00e9dopsychiatre et philosophe. Il a pratiqu\u00e9 \u00e0 l\u2019h\u00f4pital de Ville-Evrard dans le 93 et exerce maintenant en lib\u00e9ral.<\/p>\n\n\n\n<p class=\"wp-block-paragraph\"><strong>Carlos Segovia<\/strong> est un philosophe espagnol d\u2019origine britannique. Il enseigne actuellement la philosophie \u00e0 l\u2019universit\u00e9 Saint Louis du Missouri, campus de Madrid.<\/p>\n\n\n\n<p class=\"has-text-align-center has-vivid-green-cyan-color has-text-color has-link-color wp-elements-14ff400edc878b169e6be9520faf4e5a wp-block-paragraph\"><strong>Vendredi 31 mai \u00e0 18h30<\/strong><br><strong>au local de l\u2019\u00c9cole lacanienne de psychanalyse,<\/strong><br><strong>212 avenue du Maine, 75014 Paris<\/strong><br><strong>M\u00e9tro Al\u00e9sia, Digicode 926B5, interphone 46, 2\u00e8me \u00e9tage<\/strong><br><strong>Entr\u00e9e libre<\/strong><\/p>\n\n\n<div class=\"wp-block-image\">\n<figure class=\"aligncenter size-full is-resized\"><img data-recalc-dims=\"1\" loading=\"lazy\" decoding=\"async\" width=\"640\" height=\"476\" data-attachment-id=\"2681\" data-permalink=\"https:\/\/ferbos-jeanfrancois.legtux.org\/?attachment_id=2681\" data-orig-file=\"https:\/\/i0.wp.com\/ferbos-jeanfrancois.legtux.org\/wp-content\/uploads\/2024\/01\/italy.png?fit=1537%2C1142&amp;ssl=1\" data-orig-size=\"1537,1142\" data-comments-opened=\"1\" data-image-meta=\"{&quot;aperture&quot;:&quot;0&quot;,&quot;credit&quot;:&quot;&quot;,&quot;camera&quot;:&quot;&quot;,&quot;caption&quot;:&quot;&quot;,&quot;created_timestamp&quot;:&quot;0&quot;,&quot;copyright&quot;:&quot;&quot;,&quot;focal_length&quot;:&quot;0&quot;,&quot;iso&quot;:&quot;0&quot;,&quot;shutter_speed&quot;:&quot;0&quot;,&quot;title&quot;:&quot;&quot;,&quot;orientation&quot;:&quot;0&quot;}\" data-image-title=\"italy\" data-image-description=\"\" data-image-caption=\"\" data-large-file=\"https:\/\/i0.wp.com\/ferbos-jeanfrancois.legtux.org\/wp-content\/uploads\/2024\/01\/italy.png?fit=640%2C476&amp;ssl=1\" src=\"https:\/\/i0.wp.com\/ferbos-jeanfrancois.legtux.org\/wp-content\/uploads\/2024\/01\/italy.png?resize=640%2C476&#038;ssl=1\" alt=\"\" class=\"wp-image-2681\" style=\"width:590px;height:auto\" srcset=\"https:\/\/i0.wp.com\/ferbos-jeanfrancois.legtux.org\/wp-content\/uploads\/2024\/01\/italy.png?w=1537&amp;ssl=1 1537w, https:\/\/i0.wp.com\/ferbos-jeanfrancois.legtux.org\/wp-content\/uploads\/2024\/01\/italy.png?resize=300%2C223&amp;ssl=1 300w, https:\/\/i0.wp.com\/ferbos-jeanfrancois.legtux.org\/wp-content\/uploads\/2024\/01\/italy.png?resize=1024%2C761&amp;ssl=1 1024w, https:\/\/i0.wp.com\/ferbos-jeanfrancois.legtux.org\/wp-content\/uploads\/2024\/01\/italy.png?resize=768%2C571&amp;ssl=1 768w, https:\/\/i0.wp.com\/ferbos-jeanfrancois.legtux.org\/wp-content\/uploads\/2024\/01\/italy.png?w=1280&amp;ssl=1 1280w\" sizes=\"auto, (max-width: 640px) 100vw, 640px\" \/><\/figure>\n<\/div>","protected":false},"excerpt":{"rendered":"<p>Andamiajes lacanianos n\u00f3mades Une activit\u00e9 sous la responsabilit\u00e9 d&rsquo;Eduardo Bernasconi 31 Mai 2024 &#8211; Paris Table ronde avec Mahoro Murasawa, St\u00e9phane Nadaud,<\/p>\n<p class=\"link-more\"><a class=\"myButt \" href=\"https:\/\/ferbos-jeanfrancois.legtux.org\/?p=2679\">Read More<\/a><\/p>\n","protected":false},"author":1,"featured_media":2681,"comment_status":"closed","ping_status":"closed","sticky":false,"template":"","format":"standard","meta":{"_crdt_document":"","jetpack_post_was_ever_published":false,"_jetpack_newsletter_access":"","_jetpack_dont_email_post_to_subs":false,"_jetpack_newsletter_tier_id":0,"_jetpack_memberships_contains_paywalled_content":false,"_jetpack_memberships_contains_paid_content":false,"footnotes":"","jetpack_publicize_message":"","jetpack_publicize_feature_enabled":true,"jetpack_social_post_already_shared":true,"jetpack_social_options":{"image_generator_settings":{"template":"highway","default_image_id":0,"font":"","enabled":false},"version":2}},"categories":[39,29],"tags":[],"class_list":["post-2679","post","type-post","status-publish","format-standard","has-post-thumbnail","hentry","category-activites","category-psychanalyse"],"jetpack_publicize_connections":[],"jetpack_featured_media_url":"https:\/\/i0.wp.com\/ferbos-jeanfrancois.legtux.org\/wp-content\/uploads\/2024\/01\/italy.png?fit=1537%2C1142&ssl=1","jetpack-related-posts":[{"id":2210,"url":"https:\/\/ferbos-jeanfrancois.legtux.org\/?p=2210","url_meta":{"origin":2679,"position":0},"title":"Autour de la pens\u00e9e de Felix Guattari","author":"Cravan","date":"16 mars 2023","format":false,"excerpt":"Andamiajes lacanianos n\u00f3mades Prochaine date 29 Juin 2023 - Paris Intervenants\u00a0:Valentin SchaepelynckEduardo BernasconiMahoro Murasawa DATES 29 juin 2023 D\u00c9TAILS \u00c9cole lacanienne de psychanalyse \u00c9chafaudages lacaniens nomades Rencontre \u00e0 Paris Autour de la pens\u00e9e de Felix Guattari \u00ab Retour au singulier. \u00c0 chacun sa folie \u00bb. Revue Chim\u00e8res. Intervenants\u00a0: Valentin Schaepelynck\u2026","rel":"","context":"Dans &quot;Activit\u00e9s&quot;","block_context":{"text":"Activit\u00e9s","link":"https:\/\/ferbos-jeanfrancois.legtux.org\/?cat=39"},"img":{"alt_text":"","src":"https:\/\/i0.wp.com\/ferbos-jeanfrancois.legtux.org\/wp-content\/uploads\/2023\/03\/Chimera-1.jpg?fit=1200%2C849&ssl=1&resize=350%2C200","width":350,"height":200,"srcset":"https:\/\/i0.wp.com\/ferbos-jeanfrancois.legtux.org\/wp-content\/uploads\/2023\/03\/Chimera-1.jpg?fit=1200%2C849&ssl=1&resize=350%2C200 1x, https:\/\/i0.wp.com\/ferbos-jeanfrancois.legtux.org\/wp-content\/uploads\/2023\/03\/Chimera-1.jpg?fit=1200%2C849&ssl=1&resize=525%2C300 1.5x, https:\/\/i0.wp.com\/ferbos-jeanfrancois.legtux.org\/wp-content\/uploads\/2023\/03\/Chimera-1.jpg?fit=1200%2C849&ssl=1&resize=700%2C400 2x, https:\/\/i0.wp.com\/ferbos-jeanfrancois.legtux.org\/wp-content\/uploads\/2023\/03\/Chimera-1.jpg?fit=1200%2C849&ssl=1&resize=1050%2C600 3x"},"classes":[]},{"id":3034,"url":"https:\/\/ferbos-jeanfrancois.legtux.org\/?p=3034","url_meta":{"origin":2679,"position":1},"title":"Dialogo entre Mahoro Murasawa y Eduardo Bernasconi","author":"Cravan","date":"28 mai 2025","format":false,"excerpt":"Andamiajes lacanianos n\u00f3mades Andamiajes lacanianos n\u00f3mades (on line): Dialogue entre Mahoro Murasawa et Eduardo Bernasconi, par rapport \u00e0 la pens\u00e9 de Felix Guattari. https:\/\/youtu.be\/YUT6vN6_FOw?si=v3fgjYT2PJ4dMaYS","rel":"","context":"Dans &quot;Psychanalyse&quot;","block_context":{"text":"Psychanalyse","link":"https:\/\/ferbos-jeanfrancois.legtux.org\/?cat=29"},"img":{"alt_text":"","src":"https:\/\/i0.wp.com\/ferbos-jeanfrancois.legtux.org\/wp-content\/uploads\/2024\/01\/FG.jpg?fit=640%2C491&ssl=1&resize=350%2C200","width":350,"height":200,"srcset":"https:\/\/i0.wp.com\/ferbos-jeanfrancois.legtux.org\/wp-content\/uploads\/2024\/01\/FG.jpg?fit=640%2C491&ssl=1&resize=350%2C200 1x, https:\/\/i0.wp.com\/ferbos-jeanfrancois.legtux.org\/wp-content\/uploads\/2024\/01\/FG.jpg?fit=640%2C491&ssl=1&resize=525%2C300 1.5x"},"classes":[]},{"id":2280,"url":"https:\/\/ferbos-jeanfrancois.legtux.org\/?p=2280","url_meta":{"origin":2679,"position":2},"title":"\u00c9chafaudages nomades lacaniens \/ Andamiajes lacanianos n\u00f3mades (en ligne)","author":"Cravan","date":"9 avril 2023","format":false,"excerpt":"Une activit\u00e9 sous la responsabilit\u00e9 d' Eduardo Bernasconi et Stella Ocampo Samedi 6 mai Charles Souli\u00e9 (Universit\u00e9 Paris 8. Vincennes-Saint Denis) \u00ab Familles et religions chez les \u00e9tudiants de l\u2019universit\u00e9 Paris 8 Vincennes-Saint-Denis \u00bb (\u00abFamilles et religions parmi les \u00e9tudiants de l'Universit\u00e9 Paris 8 Vincennes-Saint-Denis\u00bb) Lien pour lire l'argument :\u2026","rel":"","context":"Dans &quot;Activit\u00e9s&quot;","block_context":{"text":"Activit\u00e9s","link":"https:\/\/ferbos-jeanfrancois.legtux.org\/?cat=39"},"img":{"alt_text":"","src":"https:\/\/i0.wp.com\/ferbos-jeanfrancois.legtux.org\/wp-content\/uploads\/2023\/04\/DURER.jpg?fit=452%2C679&ssl=1&resize=350%2C200","width":350,"height":200},"classes":[]},{"id":2683,"url":"https:\/\/ferbos-jeanfrancois.legtux.org\/?p=2683","url_meta":{"origin":2679,"position":3},"title":"Place publique 2024","author":"Cravan","date":"11 janvier 2024","format":false,"excerpt":"Une activit\u00e9 sous la responsabilit\u00e9 de Mayette Viltard Bonne ann\u00e9e \u00e0 tous. La Place Publique 2024 \u00a0va commencer\u00a0le 20 janvier\u00a0\u00a0par un workshop sur la question du changement de position de Lacan par rapport \u00e0 la m\u00e9taphore (\u2026 et l'interpr\u00e9tation), ceci \u00e0 partir des ann\u00e9es post-68. Nous prendrons comme r\u00e9f\u00e9rence, outre\u2026","rel":"","context":"Dans &quot;Activit\u00e9s&quot;","block_context":{"text":"Activit\u00e9s","link":"https:\/\/ferbos-jeanfrancois.legtux.org\/?cat=39"},"img":{"alt_text":"","src":"https:\/\/i0.wp.com\/ferbos-jeanfrancois.legtux.org\/wp-content\/uploads\/2024\/01\/PP-METAPHORE-2024.png?fit=860%2C440&ssl=1&resize=350%2C200","width":350,"height":200,"srcset":"https:\/\/i0.wp.com\/ferbos-jeanfrancois.legtux.org\/wp-content\/uploads\/2024\/01\/PP-METAPHORE-2024.png?fit=860%2C440&ssl=1&resize=350%2C200 1x, https:\/\/i0.wp.com\/ferbos-jeanfrancois.legtux.org\/wp-content\/uploads\/2024\/01\/PP-METAPHORE-2024.png?fit=860%2C440&ssl=1&resize=525%2C300 1.5x, https:\/\/i0.wp.com\/ferbos-jeanfrancois.legtux.org\/wp-content\/uploads\/2024\/01\/PP-METAPHORE-2024.png?fit=860%2C440&ssl=1&resize=700%2C400 2x"},"classes":[]},{"id":2723,"url":"https:\/\/ferbos-jeanfrancois.legtux.org\/?p=2723","url_meta":{"origin":2679,"position":4},"title":"Le r\u00e9alisme magique","author":"Cravan","date":"6 mars 2024","format":false,"excerpt":"R\u00eaves freudiens, r\u00eaves indiens, r\u00eaves canins Avec Mayette Viltard, Luc Parisel, Laurent Gillette, Xavier Leconte M\u00e9tro ligne 4 Porte d\u2019Orl\u00e9ans Bus 38 et 92 Tram T3a Inscription sur place \u00e0 9h. Participation aux frais 30 euros - tarif r\u00e9duit possible. adresse mail\u00a0 : unebevue@wanadoo.fr Argument Je ne serai pas cette\u2026","rel":"","context":"Dans &quot;Activit\u00e9s&quot;","block_context":{"text":"Activit\u00e9s","link":"https:\/\/ferbos-jeanfrancois.legtux.org\/?cat=39"},"img":{"alt_text":"","src":"https:\/\/i0.wp.com\/ferbos-jeanfrancois.legtux.org\/wp-content\/uploads\/2024\/03\/PP03_Realisme.png?fit=547%2C781&ssl=1&resize=350%2C200","width":350,"height":200,"srcset":"https:\/\/i0.wp.com\/ferbos-jeanfrancois.legtux.org\/wp-content\/uploads\/2024\/03\/PP03_Realisme.png?fit=547%2C781&ssl=1&resize=350%2C200 1x, https:\/\/i0.wp.com\/ferbos-jeanfrancois.legtux.org\/wp-content\/uploads\/2024\/03\/PP03_Realisme.png?fit=547%2C781&ssl=1&resize=525%2C300 1.5x"},"classes":[]},{"id":2894,"url":"https:\/\/ferbos-jeanfrancois.legtux.org\/?p=2894","url_meta":{"origin":2679,"position":5},"title":"CLINIC ZONES PARIS","author":"Cravan","date":"8 d\u00e9cembre 2024","format":false,"excerpt":"PSYCHANALYSTES \u00c0 LA SAUCE PIQUANTE Une activit\u00e9 sous la responsabilit\u00e9 de Mayette Viltard CZ Paris de\u0301cembre 2024T\u00e9l\u00e9charger","rel":"","context":"Dans &quot;Activit\u00e9s&quot;","block_context":{"text":"Activit\u00e9s","link":"https:\/\/ferbos-jeanfrancois.legtux.org\/?cat=39"},"img":{"alt_text":"","src":"https:\/\/i0.wp.com\/ferbos-jeanfrancois.legtux.org\/wp-content\/uploads\/2024\/12\/CZ-DEC-24-LOGO.png?fit=1200%2C918&ssl=1&resize=350%2C200","width":350,"height":200,"srcset":"https:\/\/i0.wp.com\/ferbos-jeanfrancois.legtux.org\/wp-content\/uploads\/2024\/12\/CZ-DEC-24-LOGO.png?fit=1200%2C918&ssl=1&resize=350%2C200 1x, https:\/\/i0.wp.com\/ferbos-jeanfrancois.legtux.org\/wp-content\/uploads\/2024\/12\/CZ-DEC-24-LOGO.png?fit=1200%2C918&ssl=1&resize=525%2C300 1.5x, https:\/\/i0.wp.com\/ferbos-jeanfrancois.legtux.org\/wp-content\/uploads\/2024\/12\/CZ-DEC-24-LOGO.png?fit=1200%2C918&ssl=1&resize=700%2C400 2x, https:\/\/i0.wp.com\/ferbos-jeanfrancois.legtux.org\/wp-content\/uploads\/2024\/12\/CZ-DEC-24-LOGO.png?fit=1200%2C918&ssl=1&resize=1050%2C600 3x"},"classes":[]}],"jetpack_likes_enabled":true,"jetpack_sharing_enabled":true,"_links":{"self":[{"href":"https:\/\/ferbos-jeanfrancois.legtux.org\/index.php?rest_route=\/wp\/v2\/posts\/2679","targetHints":{"allow":["GET"]}}],"collection":[{"href":"https:\/\/ferbos-jeanfrancois.legtux.org\/index.php?rest_route=\/wp\/v2\/posts"}],"about":[{"href":"https:\/\/ferbos-jeanfrancois.legtux.org\/index.php?rest_route=\/wp\/v2\/types\/post"}],"author":[{"embeddable":true,"href":"https:\/\/ferbos-jeanfrancois.legtux.org\/index.php?rest_route=\/wp\/v2\/users\/1"}],"replies":[{"embeddable":true,"href":"https:\/\/ferbos-jeanfrancois.legtux.org\/index.php?rest_route=%2Fwp%2Fv2%2Fcomments&post=2679"}],"version-history":[{"count":1,"href":"https:\/\/ferbos-jeanfrancois.legtux.org\/index.php?rest_route=\/wp\/v2\/posts\/2679\/revisions"}],"predecessor-version":[{"id":2682,"href":"https:\/\/ferbos-jeanfrancois.legtux.org\/index.php?rest_route=\/wp\/v2\/posts\/2679\/revisions\/2682"}],"wp:featuredmedia":[{"embeddable":true,"href":"https:\/\/ferbos-jeanfrancois.legtux.org\/index.php?rest_route=\/wp\/v2\/media\/2681"}],"wp:attachment":[{"href":"https:\/\/ferbos-jeanfrancois.legtux.org\/index.php?rest_route=%2Fwp%2Fv2%2Fmedia&parent=2679"}],"wp:term":[{"taxonomy":"category","embeddable":true,"href":"https:\/\/ferbos-jeanfrancois.legtux.org\/index.php?rest_route=%2Fwp%2Fv2%2Fcategories&post=2679"},{"taxonomy":"post_tag","embeddable":true,"href":"https:\/\/ferbos-jeanfrancois.legtux.org\/index.php?rest_route=%2Fwp%2Fv2%2Ftags&post=2679"}],"curies":[{"name":"wp","href":"https:\/\/api.w.org\/{rel}","templated":true}]}}