{"id":2797,"date":"2024-07-04T12:19:23","date_gmt":"2024-07-04T10:19:23","guid":{"rendered":"https:\/\/ferbos-jeanfrancois.legtux.org\/?p=2797"},"modified":"2024-07-04T13:23:33","modified_gmt":"2024-07-04T11:23:33","slug":"le-travail-de-la-relation-la-recherche-en-travail-social-sante-dans-les-sciences-de-leducation","status":"publish","type":"post","link":"https:\/\/ferbos-jeanfrancois.legtux.org\/?p=2797","title":{"rendered":"Le travail de la relation. La recherche en travail social &amp; sant\u00e9 dans les sciences de l&rsquo;\u00e9ducation"},"content":{"rendered":"\n<h3 class=\"wp-block-heading\">Un ouvrage se S\u00e9bastion Ponnou et Richard Wittorski<\/h3>\n\n\n\n<p class=\"has-vivid-red-color has-text-color has-link-color has-medium-font-size wp-elements-54b3d984fadd7289713482b7201daa33 wp-block-paragraph\"><strong>\u00c9ditions du champ social<\/strong><\/p>\n\n\n\n<div class=\"wp-block-media-text alignfull is-stacked-on-mobile is-vertically-aligned-center\" style=\"grid-template-columns:15% auto\"><figure class=\"wp-block-media-text__media\"><img data-recalc-dims=\"1\" loading=\"lazy\" decoding=\"async\" width=\"640\" height=\"634\" data-attachment-id=\"2795\" data-permalink=\"https:\/\/ferbos-jeanfrancois.legtux.org\/?attachment_id=2795\" data-orig-file=\"https:\/\/i0.wp.com\/ferbos-jeanfrancois.legtux.org\/wp-content\/uploads\/2024\/07\/SP.jpg?fit=2560%2C2536&amp;ssl=1\" data-orig-size=\"2560,2536\" data-comments-opened=\"1\" data-image-meta=\"{&quot;aperture&quot;:&quot;0&quot;,&quot;credit&quot;:&quot;&quot;,&quot;camera&quot;:&quot;&quot;,&quot;caption&quot;:&quot;&quot;,&quot;created_timestamp&quot;:&quot;0&quot;,&quot;copyright&quot;:&quot;&quot;,&quot;focal_length&quot;:&quot;0&quot;,&quot;iso&quot;:&quot;0&quot;,&quot;shutter_speed&quot;:&quot;0&quot;,&quot;title&quot;:&quot;&quot;,&quot;orientation&quot;:&quot;0&quot;}\" data-image-title=\"SP\" data-image-description=\"\" data-image-caption=\"\" data-large-file=\"https:\/\/i0.wp.com\/ferbos-jeanfrancois.legtux.org\/wp-content\/uploads\/2024\/07\/SP.jpg?fit=640%2C634&amp;ssl=1\" src=\"https:\/\/i0.wp.com\/ferbos-jeanfrancois.legtux.org\/wp-content\/uploads\/2024\/07\/SP.jpg?resize=640%2C634&#038;ssl=1\" alt=\"\" class=\"wp-image-2795 size-full\" srcset=\"https:\/\/i0.wp.com\/ferbos-jeanfrancois.legtux.org\/wp-content\/uploads\/2024\/07\/SP.jpg?resize=1024%2C1014&amp;ssl=1 1024w, https:\/\/i0.wp.com\/ferbos-jeanfrancois.legtux.org\/wp-content\/uploads\/2024\/07\/SP.jpg?resize=300%2C297&amp;ssl=1 300w, https:\/\/i0.wp.com\/ferbos-jeanfrancois.legtux.org\/wp-content\/uploads\/2024\/07\/SP.jpg?resize=768%2C761&amp;ssl=1 768w, https:\/\/i0.wp.com\/ferbos-jeanfrancois.legtux.org\/wp-content\/uploads\/2024\/07\/SP.jpg?resize=1536%2C1522&amp;ssl=1 1536w, https:\/\/i0.wp.com\/ferbos-jeanfrancois.legtux.org\/wp-content\/uploads\/2024\/07\/SP.jpg?resize=2048%2C2029&amp;ssl=1 2048w, https:\/\/i0.wp.com\/ferbos-jeanfrancois.legtux.org\/wp-content\/uploads\/2024\/07\/SP.jpg?w=1280&amp;ssl=1 1280w, https:\/\/i0.wp.com\/ferbos-jeanfrancois.legtux.org\/wp-content\/uploads\/2024\/07\/SP.jpg?w=1920&amp;ssl=1 1920w\" sizes=\"auto, (max-width: 640px) 100vw, 640px\" \/><\/figure><div class=\"wp-block-media-text__content\">\n<h3 class=\"wp-block-heading has-text-align-left has-text-color has-medium-font-size\" style=\"color:#000000\">S\u00e9bastien Ponnou est psychanalyste et professeur en sciences de l\u2019\u00e9ducation \u00e0 l\u2019universit\u00e9 Paris 8 (Centre Interdisciplinaire de Recherche Culture, \u00c9ducation, Formation, Travail &#8211; Clinique de l&rsquo;\u00c9ducation et de la Formation, CIRCEFT &#8211; EA 4384).<\/h3>\n<\/div><\/div>\n\n\n\n<div style=\"height:100px\" aria-hidden=\"true\" class=\"wp-block-spacer\"><\/div>\n\n\n\n<div class=\"wp-block-media-text alignfull is-stacked-on-mobile is-vertically-aligned-center\" style=\"grid-template-columns:15% auto\"><figure class=\"wp-block-media-text__media\"><img data-recalc-dims=\"1\" loading=\"lazy\" decoding=\"async\" width=\"200\" height=\"200\" data-attachment-id=\"2799\" data-permalink=\"https:\/\/ferbos-jeanfrancois.legtux.org\/?attachment_id=2799\" data-orig-file=\"https:\/\/i0.wp.com\/ferbos-jeanfrancois.legtux.org\/wp-content\/uploads\/2024\/07\/WITTORSKI.jpg?fit=200%2C200&amp;ssl=1\" data-orig-size=\"200,200\" data-comments-opened=\"1\" data-image-meta=\"{&quot;aperture&quot;:&quot;0&quot;,&quot;credit&quot;:&quot;&quot;,&quot;camera&quot;:&quot;&quot;,&quot;caption&quot;:&quot;&quot;,&quot;created_timestamp&quot;:&quot;0&quot;,&quot;copyright&quot;:&quot;&quot;,&quot;focal_length&quot;:&quot;0&quot;,&quot;iso&quot;:&quot;0&quot;,&quot;shutter_speed&quot;:&quot;0&quot;,&quot;title&quot;:&quot;&quot;,&quot;orientation&quot;:&quot;0&quot;}\" data-image-title=\"WITTORSKI\" data-image-description=\"\" data-image-caption=\"\" data-large-file=\"https:\/\/i0.wp.com\/ferbos-jeanfrancois.legtux.org\/wp-content\/uploads\/2024\/07\/WITTORSKI.jpg?fit=200%2C200&amp;ssl=1\" src=\"https:\/\/i0.wp.com\/ferbos-jeanfrancois.legtux.org\/wp-content\/uploads\/2024\/07\/WITTORSKI.jpg?resize=200%2C200&#038;ssl=1\" alt=\"\" class=\"wp-image-2799 size-full\"\/><\/figure><div class=\"wp-block-media-text__content\">\n<h3 class=\"wp-block-heading has-text-align-left has-text-color has-medium-font-size\" style=\"color:#000000\">Richard Wittorski est Professeur \u00e0 l&rsquo;Universit\u00e9 de Rouen Normandie, directeur du Centre interdisciplinaire de recherche normand en \u00e9ducation et formation (CIRNEF).<br><\/h3>\n<\/div><\/div>\n\n\n<div class=\"wp-block-image\">\n<figure class=\"aligncenter size-full is-resized\"><a href=\"https:\/\/champsocial.com\/book-le_travail_de_la_relation_la_recherche_en_travail_social_sante_dans_les_sciences_de_l_education,1321.html\" target=\"_blank\" rel=\"noreferrer noopener\"><img data-recalc-dims=\"1\" loading=\"lazy\" decoding=\"async\" width=\"321\" height=\"501\" data-attachment-id=\"2798\" data-permalink=\"https:\/\/ferbos-jeanfrancois.legtux.org\/?attachment_id=2798\" data-orig-file=\"https:\/\/i0.wp.com\/ferbos-jeanfrancois.legtux.org\/wp-content\/uploads\/2024\/07\/TRAVAIL-DE-LA-RELATION.jpg?fit=321%2C501&amp;ssl=1\" data-orig-size=\"321,501\" data-comments-opened=\"1\" data-image-meta=\"{&quot;aperture&quot;:&quot;0&quot;,&quot;credit&quot;:&quot;&quot;,&quot;camera&quot;:&quot;&quot;,&quot;caption&quot;:&quot;&quot;,&quot;created_timestamp&quot;:&quot;0&quot;,&quot;copyright&quot;:&quot;&quot;,&quot;focal_length&quot;:&quot;0&quot;,&quot;iso&quot;:&quot;0&quot;,&quot;shutter_speed&quot;:&quot;0&quot;,&quot;title&quot;:&quot;&quot;,&quot;orientation&quot;:&quot;0&quot;}\" data-image-title=\"TRAVAIL-DE-LA-RELATION\" data-image-description=\"\" data-image-caption=\"\" data-large-file=\"https:\/\/i0.wp.com\/ferbos-jeanfrancois.legtux.org\/wp-content\/uploads\/2024\/07\/TRAVAIL-DE-LA-RELATION.jpg?fit=321%2C501&amp;ssl=1\" src=\"https:\/\/i0.wp.com\/ferbos-jeanfrancois.legtux.org\/wp-content\/uploads\/2024\/07\/TRAVAIL-DE-LA-RELATION.jpg?resize=321%2C501&#038;ssl=1\" alt=\"\" class=\"wp-image-2798\" style=\"width:465px;height:auto\" srcset=\"https:\/\/i0.wp.com\/ferbos-jeanfrancois.legtux.org\/wp-content\/uploads\/2024\/07\/TRAVAIL-DE-LA-RELATION.jpg?w=321&amp;ssl=1 321w, https:\/\/i0.wp.com\/ferbos-jeanfrancois.legtux.org\/wp-content\/uploads\/2024\/07\/TRAVAIL-DE-LA-RELATION.jpg?resize=192%2C300&amp;ssl=1 192w\" sizes=\"auto, (max-width: 321px) 100vw, 321px\" \/><\/a><\/figure>\n<\/div>\n\n\n<p class=\"has-text-align-center has-small-font-size wp-block-paragraph\"><strong><a href=\"https:\/\/champsocial.com\/book-le_travail_de_la_relation_la_recherche_en_travail_social_sante_dans_les_sciences_de_l_education,1321.html\" target=\"_blank\" rel=\"noreferrer noopener\">Pour commander l&rsquo;ouvrage<\/a><\/strong><\/p>\n\n\n\n<h3 class=\"wp-block-heading\">Interroger les liens et les perspectives \u00e0 venir entre travail social et sant\u00e9 dans les sciences de l&rsquo;\u00e9ducation.<\/h3>\n\n\n\n<p class=\"has-drop-cap wp-block-paragraph\">Le travail social et la sant\u00e9 sont des champs de pratiques travers\u00e9s par des enjeux de formation et de recherche qui s\u2019articulent \u00e0 des th\u00e8mes d\u2019investigation d\u00e9j\u00e0 anciens ou d\u2019actualit\u00e9 forte en sciences de l\u2019\u00e9ducation et de la formation : pratiques et recherches cliniques, \u00e9ducation inclusive, \u00e9ducation th\u00e9rapeutique du patient, formation professionnelle et pratiques d\u2019\u00e9valuation\u2026<br>Dans la p\u00e9riode r\u00e9cente, plusieurs ph\u00e9nom\u00e8nes ont contribu\u00e9 \u00e0 renforcer les liens entre la recherche en travail social et en sant\u00e9 dans les sciences de l\u2019\u00e9ducation : les limites des approches socio-\u00e9conomiques (travail social) et biom\u00e9dicales (sant\u00e9) d\u2019une part, les innovations p\u00e9dagogiques et la n\u00e9cessit\u00e9 toujours accrue de modalit\u00e9s d\u2019accompagnements \u00e9ducatifs sp\u00e9cifiques d\u2019autre part, enfin la mise au jour de nouvelles questions de recherche dans les domaines de l\u2019analyse de l\u2019activit\u00e9 et des apprentissages.<br>De plus, le travail social et la sant\u00e9 aspirent \u00e0 devenir des champs de recherche autonomes gr\u00e2ce au d\u00e9veloppement d\u2019un corpus de savoirs sp\u00e9cifiques. Cette intention est li\u00e9e \u00e0 un mouvement d\u2019\u00ab universitarisation \u00bb o\u00f9 les sciences de l\u2019\u00e9ducation et de la formation sont appel\u00e9es \u00e0 prendre une part importante en termes de contenus de formation, de p\u00e9dagogie, de formation de formateurs, d\u2019ing\u00e9nierie de la formation et de recherche.<br>L\u2019objectif de cet ouvrage est donc de proc\u00e9der \u00e0 une vaste recension des travaux et dispositifs scientifiques d\u00e9di\u00e9s aux domaines du travail social et de la sant\u00e9 dans les sciences de l\u2019\u00e9ducation et de la formation, afin d\u2019en interroger les contenus, les articulations, les orientations et les modes de diffusion ; puis partant des mat\u00e9riaux ainsi recueillis, d\u2019en d\u00e9gager les traits saillants et d\u2019en structurer les perspectives de recherche pour les ann\u00e9es \u00e0 venir. <\/p>\n","protected":false},"excerpt":{"rendered":"<p>Un ouvrage se S\u00e9bastion Ponnou et Richard Wittorski \u00c9ditions du champ social S\u00e9bastien Ponnou est psychanalyste et professeur en sciences de l\u2019\u00e9ducation<\/p>\n<p class=\"link-more\"><a class=\"myButt \" href=\"https:\/\/ferbos-jeanfrancois.legtux.org\/?p=2797\">Read More<\/a><\/p>\n","protected":false},"author":1,"featured_media":2798,"comment_status":"closed","ping_status":"open","sticky":false,"template":"","format":"standard","meta":{"_crdt_document":"","jetpack_post_was_ever_published":false,"_jetpack_newsletter_access":"","_jetpack_dont_email_post_to_subs":false,"_jetpack_newsletter_tier_id":0,"_jetpack_memberships_contains_paywalled_content":false,"_jetpack_memberships_contains_paid_content":false,"footnotes":"","jetpack_publicize_message":"","jetpack_publicize_feature_enabled":true,"jetpack_social_post_already_shared":true,"jetpack_social_options":{"image_generator_settings":{"template":"highway","default_image_id":0,"font":"","enabled":false},"version":2}},"categories":[30,49,54,29],"tags":[],"class_list":["post-2797","post","type-post","status-publish","format-standard","has-post-thumbnail","hentry","category-a-penser","category-des-livres","category-des-livres-a-penser","category-psychanalyse"],"jetpack_publicize_connections":[],"jetpack_featured_media_url":"https:\/\/i0.wp.com\/ferbos-jeanfrancois.legtux.org\/wp-content\/uploads\/2024\/07\/TRAVAIL-DE-LA-RELATION.jpg?fit=321%2C501&ssl=1","jetpack-related-posts":[{"id":2793,"url":"https:\/\/ferbos-jeanfrancois.legtux.org\/?p=2793","url_meta":{"origin":2797,"position":0},"title":"Le silence des sympt\u00f4mes. Enqu\u00eate sur la sant\u00e9 mentale et le soin des enfants","author":"Cravan","date":"4 juillet 2024","format":false,"excerpt":"Un ouvrage de PONNOU S\u00e9bastien, BRIFFAULT Xavier, CHAVE Fr\u00e9d\u00e9rique \u00c9ditions du champ social S\u00e9bastien Ponnou est psychanalyste et professeur en sciences de l\u2019\u00e9ducation \u00e0 l\u2019universit\u00e9 Paris 8 (Centre Interdisciplinaire de Recherche Culture, \u00c9ducation, Formation, Travail - Clinique de l'\u00c9ducation et de la Formation, CIRCEFT - EA 4384). Pour commander l'ouvrage\u2026","rel":"","context":"Dans &quot;\u00c0 penser&quot;","block_context":{"text":"\u00c0 penser","link":"https:\/\/ferbos-jeanfrancois.legtux.org\/?cat=30"},"img":{"alt_text":"","src":"https:\/\/i0.wp.com\/ferbos-jeanfrancois.legtux.org\/wp-content\/uploads\/2024\/07\/SP.jpg?resize=350%2C200&ssl=1","width":350,"height":200,"srcset":"https:\/\/i0.wp.com\/ferbos-jeanfrancois.legtux.org\/wp-content\/uploads\/2024\/07\/SP.jpg?resize=350%2C200&ssl=1 1x, https:\/\/i0.wp.com\/ferbos-jeanfrancois.legtux.org\/wp-content\/uploads\/2024\/07\/SP.jpg?resize=525%2C300&ssl=1 1.5x, https:\/\/i0.wp.com\/ferbos-jeanfrancois.legtux.org\/wp-content\/uploads\/2024\/07\/SP.jpg?resize=700%2C400&ssl=1 2x, https:\/\/i0.wp.com\/ferbos-jeanfrancois.legtux.org\/wp-content\/uploads\/2024\/07\/SP.jpg?resize=1050%2C600&ssl=1 3x, https:\/\/i0.wp.com\/ferbos-jeanfrancois.legtux.org\/wp-content\/uploads\/2024\/07\/SP.jpg?resize=1400%2C800&ssl=1 4x"},"classes":[]},{"id":2824,"url":"https:\/\/ferbos-jeanfrancois.legtux.org\/?p=2824","url_meta":{"origin":2797,"position":1},"title":"L&rsquo;interstitiel et la fabrique de l&rsquo;\u00e9quipe","author":"Cravan","date":"28 ao\u00fbt 2024","format":false,"excerpt":"Paul FUSTIER Pr\u00e9sentation : L'\u00e9quipe peut \u00eatre d\u00e9finie comme un groupement de sujets que r\u00e9unit un \u00ab projet \u00bb commun li\u00e9 \u00e0 l'ex\u00e9cution de la t\u00e2che primaire d\u00e9volue \u00e0 l'institution (soigner, produire des objets symboliques ou r\u00e9els\u2026). Le \u00ab faire \u00e9quipe \u00bb suppose une organisation des pratiques incluant des \u00e9changes\u2026","rel":"","context":"Dans &quot;\u00c0 penser&quot;","block_context":{"text":"\u00c0 penser","link":"https:\/\/ferbos-jeanfrancois.legtux.org\/?cat=30"},"img":{"alt_text":"","src":"https:\/\/i0.wp.com\/ferbos-jeanfrancois.legtux.org\/wp-content\/uploads\/2024\/08\/Pieter-Brueghel-the-Elder-Childrens-Games-MeisterDrucke-347735.jpg?fit=1200%2C871&ssl=1&resize=350%2C200","width":350,"height":200,"srcset":"https:\/\/i0.wp.com\/ferbos-jeanfrancois.legtux.org\/wp-content\/uploads\/2024\/08\/Pieter-Brueghel-the-Elder-Childrens-Games-MeisterDrucke-347735.jpg?fit=1200%2C871&ssl=1&resize=350%2C200 1x, https:\/\/i0.wp.com\/ferbos-jeanfrancois.legtux.org\/wp-content\/uploads\/2024\/08\/Pieter-Brueghel-the-Elder-Childrens-Games-MeisterDrucke-347735.jpg?fit=1200%2C871&ssl=1&resize=525%2C300 1.5x, https:\/\/i0.wp.com\/ferbos-jeanfrancois.legtux.org\/wp-content\/uploads\/2024\/08\/Pieter-Brueghel-the-Elder-Childrens-Games-MeisterDrucke-347735.jpg?fit=1200%2C871&ssl=1&resize=700%2C400 2x, https:\/\/i0.wp.com\/ferbos-jeanfrancois.legtux.org\/wp-content\/uploads\/2024\/08\/Pieter-Brueghel-the-Elder-Childrens-Games-MeisterDrucke-347735.jpg?fit=1200%2C871&ssl=1&resize=1050%2C600 3x"},"classes":[]},{"id":2782,"url":"https:\/\/ferbos-jeanfrancois.legtux.org\/?p=2782","url_meta":{"origin":2797,"position":2},"title":"Une soci\u00e9t\u00e9 d\u2019accompagnement","author":"Cravan","date":"23 juin 2024","format":false,"excerpt":"Guides, mentors, conseillers, coaches\u00a0: comment en est-on arriv\u00e9 l\u00e0\u00a0? Un ouvrage de Maela Paul L\u2019auteure\u00a0 Maela PAUL, Docteur en Sciences de l\u2019Education, est reconnue pour sa recherche sur le concept d\u2019accompagnement. Elle est l\u2019auteure d\u2019ouvrages de r\u00e9f\u00e9rence, notamment\u00a0: \u00a0L\u2019Accompagnement, une posture professionnelle sp\u00e9cifique (L\u2019Harmattan, 2004), La D\u00e9marche d\u2019Accompagnement\u00a0 (De Boeck\u2026","rel":"","context":"Dans &quot;\u00c0 penser&quot;","block_context":{"text":"\u00c0 penser","link":"https:\/\/ferbos-jeanfrancois.legtux.org\/?cat=30"},"img":{"alt_text":"","src":"https:\/\/i0.wp.com\/ferbos-jeanfrancois.legtux.org\/wp-content\/uploads\/2023\/06\/Seuil-8-METAMORPHOSE-ECRITURE-DE-SOIE-scaled.jpg?fit=1200%2C975&ssl=1&resize=350%2C200","width":350,"height":200,"srcset":"https:\/\/i0.wp.com\/ferbos-jeanfrancois.legtux.org\/wp-content\/uploads\/2023\/06\/Seuil-8-METAMORPHOSE-ECRITURE-DE-SOIE-scaled.jpg?fit=1200%2C975&ssl=1&resize=350%2C200 1x, https:\/\/i0.wp.com\/ferbos-jeanfrancois.legtux.org\/wp-content\/uploads\/2023\/06\/Seuil-8-METAMORPHOSE-ECRITURE-DE-SOIE-scaled.jpg?fit=1200%2C975&ssl=1&resize=525%2C300 1.5x, https:\/\/i0.wp.com\/ferbos-jeanfrancois.legtux.org\/wp-content\/uploads\/2023\/06\/Seuil-8-METAMORPHOSE-ECRITURE-DE-SOIE-scaled.jpg?fit=1200%2C975&ssl=1&resize=700%2C400 2x, https:\/\/i0.wp.com\/ferbos-jeanfrancois.legtux.org\/wp-content\/uploads\/2023\/06\/Seuil-8-METAMORPHOSE-ECRITURE-DE-SOIE-scaled.jpg?fit=1200%2C975&ssl=1&resize=1050%2C600 3x"},"classes":[]},{"id":2701,"url":"https:\/\/ferbos-jeanfrancois.legtux.org\/?p=2701","url_meta":{"origin":2797,"position":3},"title":"Accompagner la probl\u00e9matisation des situations professionnelles","author":"Cravan","date":"17 f\u00e9vrier 2024","format":false,"excerpt":"Analyser ses pratiques autrement 1re \u00e9dition | f\u00e9vrier 2022 | 208\u00a0pages | 9782807339842 Maela Paul Docteur en sciences de l\u2019\u00e9ducation, Maela Paul fait figure de r\u00e9f\u00e9rence au regard du concept d\u2019accompagnement. Son premier ouvrage sur le sujet (L\u2019Accompagnement, une posture professionnelle sp\u00e9cifique, L\u2019Harmattan, 2004), en r\u00e9alisant une synth\u00e8se peu \u00e9gal\u00e9e\u2026","rel":"","context":"Dans &quot;\u00c0 penser&quot;","block_context":{"text":"\u00c0 penser","link":"https:\/\/ferbos-jeanfrancois.legtux.org\/?cat=30"},"img":{"alt_text":"","src":"https:\/\/i0.wp.com\/ferbos-jeanfrancois.legtux.org\/wp-content\/uploads\/2024\/02\/JFF-L-ETREINTE.jpg?fit=900%2C1200&ssl=1&resize=350%2C200","width":350,"height":200,"srcset":"https:\/\/i0.wp.com\/ferbos-jeanfrancois.legtux.org\/wp-content\/uploads\/2024\/02\/JFF-L-ETREINTE.jpg?fit=900%2C1200&ssl=1&resize=350%2C200 1x, https:\/\/i0.wp.com\/ferbos-jeanfrancois.legtux.org\/wp-content\/uploads\/2024\/02\/JFF-L-ETREINTE.jpg?fit=900%2C1200&ssl=1&resize=525%2C300 1.5x, https:\/\/i0.wp.com\/ferbos-jeanfrancois.legtux.org\/wp-content\/uploads\/2024\/02\/JFF-L-ETREINTE.jpg?fit=900%2C1200&ssl=1&resize=700%2C400 2x"},"classes":[]},{"id":3013,"url":"https:\/\/ferbos-jeanfrancois.legtux.org\/?p=3013","url_meta":{"origin":2797,"position":4},"title":"Processus de cr\u00e9ation et processus cliniques","author":"Cravan","date":"10 mai 2025","format":false,"excerpt":"Sous la direction de : Mireille Cifali, professeur honoraire de l'universit\u00e9 de Gen\u00e8ve. Florence Giust-Desprairies, professeur, universit\u00e9 de Paris VII Denis-Diderot. Thomas P\u00e9rilleux, professeur, universit\u00e9 catholique de Louvain. Commander Aujourd'hui, plusieurs courants scientifiques prennent l'art comme objet de recherche et \u00e9tablissent des correspondances entre le travail du chercheur et celui\u2026","rel":"","context":"Dans &quot;\u00c0 penser&quot;","block_context":{"text":"\u00c0 penser","link":"https:\/\/ferbos-jeanfrancois.legtux.org\/?cat=30"},"img":{"alt_text":"","src":"https:\/\/i0.wp.com\/ferbos-jeanfrancois.legtux.org\/wp-content\/uploads\/2024\/10\/LAP-STOC-DETAIL-5-scaled.jpg?fit=1200%2C675&ssl=1&resize=350%2C200","width":350,"height":200,"srcset":"https:\/\/i0.wp.com\/ferbos-jeanfrancois.legtux.org\/wp-content\/uploads\/2024\/10\/LAP-STOC-DETAIL-5-scaled.jpg?fit=1200%2C675&ssl=1&resize=350%2C200 1x, https:\/\/i0.wp.com\/ferbos-jeanfrancois.legtux.org\/wp-content\/uploads\/2024\/10\/LAP-STOC-DETAIL-5-scaled.jpg?fit=1200%2C675&ssl=1&resize=525%2C300 1.5x, https:\/\/i0.wp.com\/ferbos-jeanfrancois.legtux.org\/wp-content\/uploads\/2024\/10\/LAP-STOC-DETAIL-5-scaled.jpg?fit=1200%2C675&ssl=1&resize=700%2C400 2x, https:\/\/i0.wp.com\/ferbos-jeanfrancois.legtux.org\/wp-content\/uploads\/2024\/10\/LAP-STOC-DETAIL-5-scaled.jpg?fit=1200%2C675&ssl=1&resize=1050%2C600 3x"},"classes":[]},{"id":1523,"url":"https:\/\/ferbos-jeanfrancois.legtux.org\/?p=1523","url_meta":{"origin":2797,"position":5},"title":"S&rsquo;engager pour accompagner. Valeurs des m\u00e9tiers de la formation &#8211; Mireille Cifali","author":"Cravan","date":"6 mars 2022","format":false,"excerpt":"Un ouvrage de Mireille Cifali Pour commander le livre, \"clic\" Autour de l'auteur Mireille Cifali, professeur honoraire de l\u2019universit\u00e9 de Gen\u00e8ve, auteur du Lien \u00e9ducatif\u00a0: contre-jour psychanalytique (Puf, 2005)\u00a0; avec Alain Andr\u00e9, d\u2019\u00c9crire l\u2019exp\u00e9rience (Puf, 2012, Puf)\u00a0; et, avec Florence Giust-Desprairies et Thomas P\u00e9rilleux, de Processus de cr\u00e9ation et processus\u2026","rel":"","context":"Dans &quot;Des livres - des \u00e9crits&quot;","block_context":{"text":"Des livres - des \u00e9crits","link":"https:\/\/ferbos-jeanfrancois.legtux.org\/?cat=49"},"img":{"alt_text":"","src":"https:\/\/i0.wp.com\/ferbos-jeanfrancois.legtux.org\/wp-content\/uploads\/2022\/03\/mireille-cifali.jpg?fit=450%2C338&ssl=1&resize=350%2C200","width":350,"height":200},"classes":[]}],"jetpack_likes_enabled":true,"jetpack_sharing_enabled":true,"_links":{"self":[{"href":"https:\/\/ferbos-jeanfrancois.legtux.org\/index.php?rest_route=\/wp\/v2\/posts\/2797","targetHints":{"allow":["GET"]}}],"collection":[{"href":"https:\/\/ferbos-jeanfrancois.legtux.org\/index.php?rest_route=\/wp\/v2\/posts"}],"about":[{"href":"https:\/\/ferbos-jeanfrancois.legtux.org\/index.php?rest_route=\/wp\/v2\/types\/post"}],"author":[{"embeddable":true,"href":"https:\/\/ferbos-jeanfrancois.legtux.org\/index.php?rest_route=\/wp\/v2\/users\/1"}],"replies":[{"embeddable":true,"href":"https:\/\/ferbos-jeanfrancois.legtux.org\/index.php?rest_route=%2Fwp%2Fv2%2Fcomments&post=2797"}],"version-history":[{"count":2,"href":"https:\/\/ferbos-jeanfrancois.legtux.org\/index.php?rest_route=\/wp\/v2\/posts\/2797\/revisions"}],"predecessor-version":[{"id":2801,"href":"https:\/\/ferbos-jeanfrancois.legtux.org\/index.php?rest_route=\/wp\/v2\/posts\/2797\/revisions\/2801"}],"wp:featuredmedia":[{"embeddable":true,"href":"https:\/\/ferbos-jeanfrancois.legtux.org\/index.php?rest_route=\/wp\/v2\/media\/2798"}],"wp:attachment":[{"href":"https:\/\/ferbos-jeanfrancois.legtux.org\/index.php?rest_route=%2Fwp%2Fv2%2Fmedia&parent=2797"}],"wp:term":[{"taxonomy":"category","embeddable":true,"href":"https:\/\/ferbos-jeanfrancois.legtux.org\/index.php?rest_route=%2Fwp%2Fv2%2Fcategories&post=2797"},{"taxonomy":"post_tag","embeddable":true,"href":"https:\/\/ferbos-jeanfrancois.legtux.org\/index.php?rest_route=%2Fwp%2Fv2%2Ftags&post=2797"}],"curies":[{"name":"wp","href":"https:\/\/api.w.org\/{rel}","templated":true}]}}