{"id":2839,"date":"2024-09-15T12:47:26","date_gmt":"2024-09-15T10:47:26","guid":{"rendered":"https:\/\/ferbos-jeanfrancois.legtux.org\/?p=2839"},"modified":"2024-09-15T12:48:46","modified_gmt":"2024-09-15T10:48:46","slug":"place-publique-conferences-2024-2025","status":"publish","type":"post","link":"https:\/\/ferbos-jeanfrancois.legtux.org\/?p=2839","title":{"rendered":"PLACE PUBLIQUE &amp; CONF\u00c9RENCES DE L&rsquo;UNEBEVUE 2024-2025"},"content":{"rendered":"<div class=\"wp-block-image\">\n<figure class=\"aligncenter size-full is-resized\"><img data-recalc-dims=\"1\" loading=\"lazy\" decoding=\"async\" width=\"540\" height=\"145\" data-attachment-id=\"2840\" data-permalink=\"https:\/\/ferbos-jeanfrancois.legtux.org\/?attachment_id=2840\" data-orig-file=\"https:\/\/i0.wp.com\/ferbos-jeanfrancois.legtux.org\/wp-content\/uploads\/2024\/09\/560150bw.png?fit=540%2C145&amp;ssl=1\" data-orig-size=\"540,145\" data-comments-opened=\"1\" data-image-meta=\"{&quot;aperture&quot;:&quot;0&quot;,&quot;credit&quot;:&quot;&quot;,&quot;camera&quot;:&quot;&quot;,&quot;caption&quot;:&quot;&quot;,&quot;created_timestamp&quot;:&quot;0&quot;,&quot;copyright&quot;:&quot;&quot;,&quot;focal_length&quot;:&quot;0&quot;,&quot;iso&quot;:&quot;0&quot;,&quot;shutter_speed&quot;:&quot;0&quot;,&quot;title&quot;:&quot;&quot;,&quot;orientation&quot;:&quot;0&quot;}\" data-image-title=\"560150bw\" data-image-description=\"\" data-image-caption=\"\" data-large-file=\"https:\/\/i0.wp.com\/ferbos-jeanfrancois.legtux.org\/wp-content\/uploads\/2024\/09\/560150bw.png?fit=540%2C145&amp;ssl=1\" src=\"https:\/\/i0.wp.com\/ferbos-jeanfrancois.legtux.org\/wp-content\/uploads\/2024\/09\/560150bw.png?resize=540%2C145&#038;ssl=1\" alt=\"\" class=\"wp-image-2840\" style=\"width:388px;height:auto\" srcset=\"https:\/\/i0.wp.com\/ferbos-jeanfrancois.legtux.org\/wp-content\/uploads\/2024\/09\/560150bw.png?w=540&amp;ssl=1 540w, https:\/\/i0.wp.com\/ferbos-jeanfrancois.legtux.org\/wp-content\/uploads\/2024\/09\/560150bw.png?resize=300%2C81&amp;ssl=1 300w\" sizes=\"auto, (max-width: 540px) 100vw, 540px\" \/><\/figure>\n<\/div>\n\n\n<h4 class=\"wp-block-heading has-text-align-center has-vivid-red-color has-text-color has-link-color wp-elements-617493bfe90421860d7ce9e79ca6c865\"><strong>Samedi 5 Octobre 2024<\/strong><\/h4>\n\n\n\n<h5 class=\"wp-block-heading has-text-align-center has-vivid-green-cyan-color has-text-color has-link-color wp-elements-cf97ef5c8b703749fbab6e01c6f29025\"><strong><a href=\"https:\/\/ferbos-jeanfrancois.legtux.org\/?p=2836\" target=\"_blank\" rel=\"noreferrer noopener\">Journ\u00e9e Karen Barad<\/a><\/strong><\/h5>\n\n\n\n<h5 class=\"wp-block-heading has-text-align-center has-vivid-green-cyan-color has-text-color has-link-color wp-elements-ecca1769de8ce7f7e8dc958121a6cc4d\"><strong><a href=\"https:\/\/ferbos-jeanfrancois.legtux.org\/?p=2836\" target=\"_blank\" rel=\"noreferrer noopener\">Le transfert comme enchev\u00eatrement<\/a><\/strong><\/h5>\n\n\n\n<h4 class=\"wp-block-heading has-text-align-center has-vivid-red-color has-text-color has-link-color wp-elements-ef3bd2db298851fba72fbdc25557478b\"><strong>Samedi 18 Janvier 2025<\/strong><\/h4>\n\n\n\n<h4 class=\"wp-block-heading has-text-align-center has-vivid-red-color has-text-color has-link-color wp-elements-7b7cd79c5e29fac98d9cca460e860e95\"><strong>Samedi 1<sup>er <\/sup>F\u00e9vrier 2025<\/strong><\/h4>\n\n\n\n<h4 class=\"wp-block-heading has-text-align-center has-vivid-red-color has-text-color has-link-color wp-elements-ff0fab5aa122a8fe2f8c1e55cefd8f67\"><strong>Samedi 15 Mars 2025<\/strong><\/h4>\n\n\n\n<h4 class=\"wp-block-heading has-text-align-center has-vivid-red-color has-text-color has-link-color wp-elements-d6d7e157d4285cc7b43e8c6e0fe8467b\"><strong>Samedi 5 Avril 2025<\/strong><\/h4>\n\n\n\n<h4 class=\"wp-block-heading has-text-align-center has-vivid-red-color has-text-color has-link-color wp-elements-9bce2eff5a3b8f1ea9bfd81f216d8f3e\"><strong>Samedi 14 Juin 2025<\/strong><\/h4>\n\n\n\n<p class=\"has-text-align-center wp-block-paragraph\"><strong>\u00a0<em>\u00e0 L&rsquo;Agora, 64 Rue du P\u00e8re Corentin 75014 Paris<\/em><\/strong><\/p>\n\n\n\n<p class=\"has-text-align-center wp-block-paragraph\"><strong><em>de 9h \u00e016h30<\/em><\/strong><\/p>\n","protected":false},"excerpt":{"rendered":"<p>Samedi 5 Octobre 2024 Journ\u00e9e Karen Barad Le transfert comme enchev\u00eatrement Samedi 18 Janvier 2025 Samedi 1er F\u00e9vrier 2025 Samedi 15 Mars<\/p>\n<p class=\"link-more\"><a class=\"myButt \" href=\"https:\/\/ferbos-jeanfrancois.legtux.org\/?p=2839\">Read More<\/a><\/p>\n","protected":false},"author":1,"featured_media":2840,"comment_status":"closed","ping_status":"open","sticky":false,"template":"","format":"standard","meta":{"_crdt_document":"","jetpack_post_was_ever_published":false,"_jetpack_newsletter_access":"","_jetpack_dont_email_post_to_subs":false,"_jetpack_newsletter_tier_id":0,"_jetpack_memberships_contains_paywalled_content":false,"_jetpack_memberships_contains_paid_content":false,"footnotes":"","jetpack_publicize_message":"","jetpack_publicize_feature_enabled":true,"jetpack_social_post_already_shared":true,"jetpack_social_options":{"image_generator_settings":{"template":"highway","default_image_id":0,"font":"","enabled":false},"version":2}},"categories":[39,40,29],"tags":[],"class_list":["post-2839","post","type-post","status-publish","format-standard","has-post-thumbnail","hentry","category-activites","category-place-publique-et-conferences-de-lunebevue","category-psychanalyse"],"jetpack_publicize_connections":[],"jetpack_featured_media_url":"https:\/\/i0.wp.com\/ferbos-jeanfrancois.legtux.org\/wp-content\/uploads\/2024\/09\/560150bw.png?fit=540%2C145&ssl=1","jetpack-related-posts":[{"id":2693,"url":"https:\/\/ferbos-jeanfrancois.legtux.org\/?p=2693","url_meta":{"origin":2839,"position":0},"title":"WORKSHOP : LA VIE EST CONSTITUTIVEMENT S\u00c9MIOTIQUE","author":"Cravan","date":"27 janvier 2024","format":false,"excerpt":"Place publique et conf\u00e9rences de l'Uneb\u00e9vue avecLaurent Gillette, Luc Parisel, Xavier Leconte SAMEDI 3 F\u00c9VRIERde 9h \u00e0 16h30\u00e0 L\u2019AGORA64 rue du p\u00e8re Corentin Paris 14e Vous trouverez les annonces sur le site de L\u2019uneb\u00e9vue \u00e0www.unebevue.org.Inscription sur place \u00e0 9h.Participation aux frais30 euros - tarif r\u00e9duit possible.adresse mail unebevue@wanadoo.fr workshop du\u2026","rel":"","context":"Dans &quot;Activit\u00e9s&quot;","block_context":{"text":"Activit\u00e9s","link":"https:\/\/ferbos-jeanfrancois.legtux.org\/?cat=39"},"img":{"alt_text":"","src":"https:\/\/i0.wp.com\/ferbos-jeanfrancois.legtux.org\/wp-content\/uploads\/2024\/01\/workshop-3-fevrier-2024-1.jpg?resize=350%2C200&ssl=1","width":350,"height":200},"classes":[]},{"id":3126,"url":"https:\/\/ferbos-jeanfrancois.legtux.org\/?p=3126","url_meta":{"origin":2839,"position":1},"title":"UNEB\u00c9VUE : Place publique du 17 janvier 2026","author":"Cravan","date":"8 janvier 2026","format":false,"excerpt":"Le samedi 17 janvier \u00a0de 9h \u00e0 16h30 \u00a0\u00e0 L\u2019agora, 64 rue du p\u00e8re Corentin, Paris 14\u00e8me Une mati\u00e8re-signe et des signes en acte Une r\u00e9cusation de la th\u00e9orie du refoulement Par Mayette Viltard Place publique janvier 2026T\u00e9l\u00e9charger","rel":"","context":"Dans &quot;Place publique et conf\u00e9rences de l'Uneb\u00e9vue&quot;","block_context":{"text":"Place publique et conf\u00e9rences de l'Uneb\u00e9vue","link":"https:\/\/ferbos-jeanfrancois.legtux.org\/?cat=40"},"img":{"alt_text":"","src":"https:\/\/i0.wp.com\/ferbos-jeanfrancois.legtux.org\/wp-content\/uploads\/2026\/01\/Place-publique-janvier-2026-1.jpg?fit=640%2C427&ssl=1&resize=350%2C200","width":350,"height":200,"srcset":"https:\/\/i0.wp.com\/ferbos-jeanfrancois.legtux.org\/wp-content\/uploads\/2026\/01\/Place-publique-janvier-2026-1.jpg?fit=640%2C427&ssl=1&resize=350%2C200 1x, https:\/\/i0.wp.com\/ferbos-jeanfrancois.legtux.org\/wp-content\/uploads\/2026\/01\/Place-publique-janvier-2026-1.jpg?fit=640%2C427&ssl=1&resize=525%2C300 1.5x"},"classes":[]},{"id":2107,"url":"https:\/\/ferbos-jeanfrancois.legtux.org\/?p=2107","url_meta":{"origin":2839,"position":2},"title":"Place publique 2023","author":"Cravan","date":"4 janvier 2023","format":false,"excerpt":"Une activit\u00e9 organis\u00e9e par Mayette Viltard de l'ELP (\u00e9cole lacanienne de psychanalyse) Avec les meilleurs v\u0153ux pour l'ann\u00e9e 2023, voici le flyer de la Place publique 2023 qui se tiendra \u00e0 Paris, \u00e0 L'agora, 64 rue du p\u00e8re Corentin les samedi 14 janvier, 4 f\u00e9vrier, 18 mars, 15 avril, et\u2026","rel":"","context":"Dans &quot;Place publique et conf\u00e9rences de l'Uneb\u00e9vue&quot;","block_context":{"text":"Place publique et conf\u00e9rences de l'Uneb\u00e9vue","link":"https:\/\/ferbos-jeanfrancois.legtux.org\/?cat=40"},"img":{"alt_text":"","src":"https:\/\/i0.wp.com\/ferbos-jeanfrancois.legtux.org\/wp-content\/uploads\/2023\/01\/Capture.jpg?fit=539%2C482&ssl=1&resize=350%2C200","width":350,"height":200,"srcset":"https:\/\/i0.wp.com\/ferbos-jeanfrancois.legtux.org\/wp-content\/uploads\/2023\/01\/Capture.jpg?fit=539%2C482&ssl=1&resize=350%2C200 1x, https:\/\/i0.wp.com\/ferbos-jeanfrancois.legtux.org\/wp-content\/uploads\/2023\/01\/Capture.jpg?fit=539%2C482&ssl=1&resize=525%2C300 1.5x"},"classes":[]},{"id":739,"url":"https:\/\/ferbos-jeanfrancois.legtux.org\/?p=739","url_meta":{"origin":2839,"position":3},"title":"Place publique 2022 &#8211; Penser avec Karen Barad","author":"Cravan","date":"2 janvier 2022","format":false,"excerpt":"workshop-2022T\u00e9l\u00e9charger","rel":"","context":"Dans &quot;Place publique et conf\u00e9rences de l'Uneb\u00e9vue&quot;","block_context":{"text":"Place publique et conf\u00e9rences de l'Uneb\u00e9vue","link":"https:\/\/ferbos-jeanfrancois.legtux.org\/?cat=40"},"img":{"alt_text":"","src":"https:\/\/i0.wp.com\/ferbos-jeanfrancois.legtux.org\/wp-content\/uploads\/2022\/02\/PPublique2022KB.png?fit=422%2C601&ssl=1&resize=350%2C200","width":350,"height":200},"classes":[]},{"id":3131,"url":"https:\/\/ferbos-jeanfrancois.legtux.org\/?p=3131","url_meta":{"origin":2839,"position":4},"title":"PLACE PUBLIQUE 2026","author":"Cravan","date":"8 f\u00e9vrier 2026","format":false,"excerpt":"SPINOZA ET NOUS Que peut un corps? Par Xavier Leconte Pr\u00e9sentation et programmeT\u00e9l\u00e9charger","rel":"","context":"Dans &quot;Activit\u00e9s&quot;","block_context":{"text":"Activit\u00e9s","link":"https:\/\/ferbos-jeanfrancois.legtux.org\/?cat=39"},"img":{"alt_text":"","src":"https:\/\/i0.wp.com\/ferbos-jeanfrancois.legtux.org\/wp-content\/uploads\/2026\/02\/Capture-decran-2026-02-08-a-12.27.23.png?fit=1200%2C708&ssl=1&resize=350%2C200","width":350,"height":200,"srcset":"https:\/\/i0.wp.com\/ferbos-jeanfrancois.legtux.org\/wp-content\/uploads\/2026\/02\/Capture-decran-2026-02-08-a-12.27.23.png?fit=1200%2C708&ssl=1&resize=350%2C200 1x, https:\/\/i0.wp.com\/ferbos-jeanfrancois.legtux.org\/wp-content\/uploads\/2026\/02\/Capture-decran-2026-02-08-a-12.27.23.png?fit=1200%2C708&ssl=1&resize=525%2C300 1.5x, https:\/\/i0.wp.com\/ferbos-jeanfrancois.legtux.org\/wp-content\/uploads\/2026\/02\/Capture-decran-2026-02-08-a-12.27.23.png?fit=1200%2C708&ssl=1&resize=700%2C400 2x, https:\/\/i0.wp.com\/ferbos-jeanfrancois.legtux.org\/wp-content\/uploads\/2026\/02\/Capture-decran-2026-02-08-a-12.27.23.png?fit=1200%2C708&ssl=1&resize=1050%2C600 3x"},"classes":[]},{"id":2954,"url":"https:\/\/ferbos-jeanfrancois.legtux.org\/?p=2954","url_meta":{"origin":2839,"position":5},"title":"Place Publique 2025","author":"Cravan","date":"7 mars 2025","format":false,"excerpt":"Encore une fois\u2026 la po\u00e9sieLes ann\u00e9es trente seraient-elles devant nous?parXAVIER LECONTEPr\u00e9sentation par Mayette Viltard Place publique janvier 25T\u00e9l\u00e9charger","rel":"","context":"Dans &quot;Activit\u00e9s&quot;","block_context":{"text":"Activit\u00e9s","link":"https:\/\/ferbos-jeanfrancois.legtux.org\/?cat=39"},"img":{"alt_text":"","src":"https:\/\/i0.wp.com\/ferbos-jeanfrancois.legtux.org\/wp-content\/uploads\/2025\/03\/Place-publique-janvier-25-1-copie.jpg?resize=350%2C200&ssl=1","width":350,"height":200,"srcset":"https:\/\/i0.wp.com\/ferbos-jeanfrancois.legtux.org\/wp-content\/uploads\/2025\/03\/Place-publique-janvier-25-1-copie.jpg?resize=350%2C200&ssl=1 1x, https:\/\/i0.wp.com\/ferbos-jeanfrancois.legtux.org\/wp-content\/uploads\/2025\/03\/Place-publique-janvier-25-1-copie.jpg?resize=525%2C300&ssl=1 1.5x, https:\/\/i0.wp.com\/ferbos-jeanfrancois.legtux.org\/wp-content\/uploads\/2025\/03\/Place-publique-janvier-25-1-copie.jpg?resize=700%2C400&ssl=1 2x, https:\/\/i0.wp.com\/ferbos-jeanfrancois.legtux.org\/wp-content\/uploads\/2025\/03\/Place-publique-janvier-25-1-copie.jpg?resize=1050%2C600&ssl=1 3x, https:\/\/i0.wp.com\/ferbos-jeanfrancois.legtux.org\/wp-content\/uploads\/2025\/03\/Place-publique-janvier-25-1-copie.jpg?resize=1400%2C800&ssl=1 4x"},"classes":[]}],"jetpack_likes_enabled":true,"jetpack_sharing_enabled":true,"_links":{"self":[{"href":"https:\/\/ferbos-jeanfrancois.legtux.org\/index.php?rest_route=\/wp\/v2\/posts\/2839","targetHints":{"allow":["GET"]}}],"collection":[{"href":"https:\/\/ferbos-jeanfrancois.legtux.org\/index.php?rest_route=\/wp\/v2\/posts"}],"about":[{"href":"https:\/\/ferbos-jeanfrancois.legtux.org\/index.php?rest_route=\/wp\/v2\/types\/post"}],"author":[{"embeddable":true,"href":"https:\/\/ferbos-jeanfrancois.legtux.org\/index.php?rest_route=\/wp\/v2\/users\/1"}],"replies":[{"embeddable":true,"href":"https:\/\/ferbos-jeanfrancois.legtux.org\/index.php?rest_route=%2Fwp%2Fv2%2Fcomments&post=2839"}],"version-history":[{"count":2,"href":"https:\/\/ferbos-jeanfrancois.legtux.org\/index.php?rest_route=\/wp\/v2\/posts\/2839\/revisions"}],"predecessor-version":[{"id":2842,"href":"https:\/\/ferbos-jeanfrancois.legtux.org\/index.php?rest_route=\/wp\/v2\/posts\/2839\/revisions\/2842"}],"wp:featuredmedia":[{"embeddable":true,"href":"https:\/\/ferbos-jeanfrancois.legtux.org\/index.php?rest_route=\/wp\/v2\/media\/2840"}],"wp:attachment":[{"href":"https:\/\/ferbos-jeanfrancois.legtux.org\/index.php?rest_route=%2Fwp%2Fv2%2Fmedia&parent=2839"}],"wp:term":[{"taxonomy":"category","embeddable":true,"href":"https:\/\/ferbos-jeanfrancois.legtux.org\/index.php?rest_route=%2Fwp%2Fv2%2Fcategories&post=2839"},{"taxonomy":"post_tag","embeddable":true,"href":"https:\/\/ferbos-jeanfrancois.legtux.org\/index.php?rest_route=%2Fwp%2Fv2%2Ftags&post=2839"}],"curies":[{"name":"wp","href":"https:\/\/api.w.org\/{rel}","templated":true}]}}