{"id":2925,"date":"2025-02-06T19:56:54","date_gmt":"2025-02-06T18:56:54","guid":{"rendered":"https:\/\/ferbos-jeanfrancois.legtux.org\/?p=2925"},"modified":"2025-03-21T14:53:19","modified_gmt":"2025-03-21T13:53:19","slug":"psychanalyse-et-education-questions-a-mireille-cifali","status":"publish","type":"post","link":"https:\/\/ferbos-jeanfrancois.legtux.org\/?p=2925","title":{"rendered":"Psychanalyse et \u00e9ducation, questions \u00e0 Mireille Cifali"},"content":{"rendered":"\n<h2 class=\"wp-block-heading\">Sous la direction de Fr\u00e9d\u00e9rique-Marie Prot<\/h2>\n\n\n\n<figure class=\"wp-block-image alignwide size-full\"><a href=\"https:\/\/i0.wp.com\/ferbos-jeanfrancois.legtux.org\/wp-content\/uploads\/2025\/02\/COUV-PSY-EDUCATION-20250128-copie-scaled.jpg?w=1280&amp;ssl=1\" target=\"_blank\" rel=\" noreferrer noopener\"><img data-recalc-dims=\"1\" loading=\"lazy\" decoding=\"async\" width=\"640\" height=\"431\" data-attachment-id=\"2941\" data-permalink=\"https:\/\/ferbos-jeanfrancois.legtux.org\/?attachment_id=2941\" data-orig-file=\"https:\/\/i0.wp.com\/ferbos-jeanfrancois.legtux.org\/wp-content\/uploads\/2025\/02\/COUV-PSY-EDUCATION-20250128-copie-scaled.jpg?fit=2560%2C1722&amp;ssl=1\" data-orig-size=\"2560,1722\" data-comments-opened=\"1\" data-image-meta=\"{&quot;aperture&quot;:&quot;0&quot;,&quot;credit&quot;:&quot;&quot;,&quot;camera&quot;:&quot;&quot;,&quot;caption&quot;:&quot;&quot;,&quot;created_timestamp&quot;:&quot;0&quot;,&quot;copyright&quot;:&quot;&quot;,&quot;focal_length&quot;:&quot;0&quot;,&quot;iso&quot;:&quot;0&quot;,&quot;shutter_speed&quot;:&quot;0&quot;,&quot;title&quot;:&quot;&quot;,&quot;orientation&quot;:&quot;1&quot;}\" data-image-title=\"COUV-PSY-EDUCATION-20250128 copie\" data-image-description=\"\" data-image-caption=\"\" data-large-file=\"https:\/\/i0.wp.com\/ferbos-jeanfrancois.legtux.org\/wp-content\/uploads\/2025\/02\/COUV-PSY-EDUCATION-20250128-copie-scaled.jpg?fit=640%2C431&amp;ssl=1\" src=\"https:\/\/i0.wp.com\/ferbos-jeanfrancois.legtux.org\/wp-content\/uploads\/2025\/02\/COUV-PSY-EDUCATION-20250128-copie-scaled.jpg?resize=640%2C431&#038;ssl=1\" alt=\"\" class=\"wp-image-2941\" srcset=\"https:\/\/i0.wp.com\/ferbos-jeanfrancois.legtux.org\/wp-content\/uploads\/2025\/02\/COUV-PSY-EDUCATION-20250128-copie-scaled.jpg?w=2560&amp;ssl=1 2560w, https:\/\/i0.wp.com\/ferbos-jeanfrancois.legtux.org\/wp-content\/uploads\/2025\/02\/COUV-PSY-EDUCATION-20250128-copie-scaled.jpg?resize=300%2C202&amp;ssl=1 300w, https:\/\/i0.wp.com\/ferbos-jeanfrancois.legtux.org\/wp-content\/uploads\/2025\/02\/COUV-PSY-EDUCATION-20250128-copie-scaled.jpg?resize=1024%2C689&amp;ssl=1 1024w, https:\/\/i0.wp.com\/ferbos-jeanfrancois.legtux.org\/wp-content\/uploads\/2025\/02\/COUV-PSY-EDUCATION-20250128-copie-scaled.jpg?resize=768%2C517&amp;ssl=1 768w, https:\/\/i0.wp.com\/ferbos-jeanfrancois.legtux.org\/wp-content\/uploads\/2025\/02\/COUV-PSY-EDUCATION-20250128-copie-scaled.jpg?resize=1536%2C1033&amp;ssl=1 1536w, https:\/\/i0.wp.com\/ferbos-jeanfrancois.legtux.org\/wp-content\/uploads\/2025\/02\/COUV-PSY-EDUCATION-20250128-copie-scaled.jpg?resize=2048%2C1378&amp;ssl=1 2048w, https:\/\/i0.wp.com\/ferbos-jeanfrancois.legtux.org\/wp-content\/uploads\/2025\/02\/COUV-PSY-EDUCATION-20250128-copie-scaled.jpg?w=1280&amp;ssl=1 1280w, https:\/\/i0.wp.com\/ferbos-jeanfrancois.legtux.org\/wp-content\/uploads\/2025\/02\/COUV-PSY-EDUCATION-20250128-copie-scaled.jpg?w=1920&amp;ssl=1 1920w\" sizes=\"auto, (max-width: 640px) 100vw, 640px\" \/><\/a><\/figure>\n\n\n\n<p class=\"has-text-align-center wp-block-paragraph\">18,00\u20ac<\/p>\n\n\n\n<p class=\"has-text-align-center wp-block-paragraph\">\u00c0 partir du 20 mars 2025<\/p>\n\n\n\n<div data-wp-interactive=\"core\/file\" class=\"wp-block-file aligncenter\"><object data-wp-bind--hidden=\"!state.hasPdfPreview\" hidden class=\"wp-block-file__embed\" data=\"https:\/\/ferbos-jeanfrancois.legtux.org\/wp-content\/uploads\/2025\/02\/CP_Psychanalyse_education_Cifali_Web.pdf\" type=\"application\/pdf\" style=\"width:100%;height:388px\" aria-label=\"Contenu embarqu\u00e9 FLYER-PRESENTATION.\"><\/object><a id=\"wp-block-file--media-8d46e273-0c56-4c22-be75-0c7dcec2ba8f\" href=\"https:\/\/ferbos-jeanfrancois.legtux.org\/wp-content\/uploads\/2025\/02\/CP_Psychanalyse_education_Cifali_Web.pdf\">FLYER-PRESENTATION<\/a><a href=\"https:\/\/ferbos-jeanfrancois.legtux.org\/wp-content\/uploads\/2025\/02\/CP_Psychanalyse_education_Cifali_Web.pdf\" class=\"wp-block-file__button wp-element-button\" download aria-describedby=\"wp-block-file--media-8d46e273-0c56-4c22-be75-0c7dcec2ba8f\">T\u00e9l\u00e9charger<\/a><\/div>\n\n\n\n<div class=\"wp-block-file aligncenter\"><a id=\"wp-block-file--media-821bbf2d-7fe2-4d84-a512-c889aeec364f\" href=\"https:\/\/ferbos-jeanfrancois.legtux.org\/wp-content\/uploads\/2025\/02\/COUV-PSY-EDUCATION-20250128.pdf\">COUV-PSY-EDUCATION-20250128<\/a><a href=\"https:\/\/ferbos-jeanfrancois.legtux.org\/wp-content\/uploads\/2025\/02\/COUV-PSY-EDUCATION-20250128.pdf\" class=\"wp-block-file__button wp-element-button\" download aria-describedby=\"wp-block-file--media-821bbf2d-7fe2-4d84-a512-c889aeec364f\">T\u00e9l\u00e9charger<\/a><\/div>\n\n\n\n<p class=\"has-text-align-center wp-block-paragraph\"><a href=\"https:\/\/www.purh-ed.fr\/book\/?gcoi=28777100251620\">https:\/\/www.purh-ed.fr\/book\/?gcoi=28777100251620<\/a><\/p>\n\n\n\n<p class=\"has-text-align-center wp-block-paragraph\"><a href=\"https:\/\/www.cultura.com\/p-psychanalyse-et-education-questions-a-mireille-cifali-9791024018706.html\">https:\/\/www.cultura.com\/p-psychanalyse-et-education-questions-a-mireille-cifali-9791024018706.html<\/a><\/p>\n\n\n\n<p class=\"has-text-align-center wp-block-paragraph\"><a href=\"https:\/\/www.mollat.com\/livres\/3303720\/psychanalyse-et-education-questions-a-mireille-cifali\">https:\/\/www.mollat.com\/livres\/3303720\/psychanalyse-et-education-questions-a-mireille-cifali<\/a><\/p>\n\n\n\n<p class=\"has-vivid-cyan-blue-color has-text-color has-link-color wp-elements-c60daf8a315330ff5437ef75233d1541 wp-block-paragraph\"><strong><em>Pr\u00e9sentation<\/em><\/strong><\/p>\n\n\n\n<p class=\"wp-block-paragraph\">&#8211; Mireille Cifali professeure, <strong>\u00c9tiennette Velas<\/strong><\/p>\n\n\n\n<p class=\"wp-block-paragraph\">&#8211; Mireille Cifali : une oeuvre, <strong>Henri Louis Go<\/strong><\/p>\n\n\n\n<p class=\"has-vivid-cyan-blue-color has-text-color has-link-color wp-elements-22523ed9c3fa5777e4090c2479e30239 wp-block-paragraph\"><strong><em>Histoire, psychanalyse, \u00e9ducation<\/em><\/strong><\/p>\n\n\n\n<p class=\"wp-block-paragraph\">&#8211; L&rsquo;\u00e2me enfantine et la psychanalyse, entre pr\u00e9sent et pass\u00e9, Mireille CIfali, (Re)lire l\u2019\u0153uvre de Charles Baudouin via Mireille Cifali, <strong>Xavier Riondet<\/strong><\/p>\n\n\n\n<p class=\"wp-block-paragraph\">&#8211; Peut-on parler d&rsquo;une \u00ab\u00a0doctrine Cifali\u00a0\u00bb ?,<strong> Daniel Hameline<\/strong><\/p>\n\n\n\n<p class=\"has-vivid-cyan-blue-color has-text-color has-link-color wp-elements-2cbdb6620c4f61695f51f93ec2514e11 wp-block-paragraph\"><strong><em>\u00c9thique, psychanalyse, \u00e9ducation<\/em><\/strong><\/p>\n\n\n\n<p class=\"wp-block-paragraph\">&#8211; \u00c9thique psychanalytique dans le champ de l&rsquo;\u00e9ducation, <strong>Mireille Cifali<\/strong><\/p>\n\n\n\n<p class=\"wp-block-paragraph\">&#8211; La psychanalyse et le philosophe, <strong>Eirick Prairat<\/strong><\/p>\n\n\n\n<p class=\"wp-block-paragraph\">&#8211; L&rsquo;\u00e9thique du professeur : le d\u00e9sir de transmettre des savoirs d&rsquo;humanit\u00e9, <strong>Fr\u00e9d\u00e9rique-Marie Prot<\/strong><\/p>\n\n\n\n<p class=\"wp-block-paragraph\">&#8211; \u00c9loge d&rsquo;une tension \u00e9lastique ou les variations du sujet en mouvement, <strong>Jean-Fran\u00e7ois Ferbos<\/strong><\/p>\n\n\n\n<p class=\"has-vivid-cyan-blue-color has-text-color has-link-color wp-elements-1bc7c1b496721cafbfa68d5fbf2ff88e wp-block-paragraph\"><strong><em>Clinique, psychanalyse, \u00e9ducation<\/em><\/strong><\/p>\n\n\n\n<p class=\"wp-block-paragraph\">&#8211; D\u00e9marches cliniques, <strong>Mireille Cifali<\/strong><\/p>\n\n\n\n<p class=\"wp-block-paragraph\">&#8211; L&rsquo;\u00e9ducation est un humanisme : pour une approche clinique cr\u00e9ative, <strong>Nadine Demogeot<\/strong><\/p>\n\n\n\n<p class=\"wp-block-paragraph\">&#8211; Une \u00e9ducation \u00e9clair\u00e9e par la psychanalyse, <strong>Norbert Bon<\/strong><\/p>\n\n\n\n<p class=\"has-vivid-cyan-blue-color has-text-color has-link-color wp-elements-da65d4f2a4ce41233590dbbd5ebc6942 wp-block-paragraph\"><strong><em>P\u00e9dagogie institutionnelle et psychanalyse<\/em><\/strong><\/p>\n\n\n\n<p class=\"wp-block-paragraph\">&#8211; Fernand Oury, une \u00e9criture qui r\u00e9siste, Mireille Cifali et Martine <strong>Janvier Pernet<\/strong><\/p>\n\n\n\n<p class=\"wp-block-paragraph\">&#8211; Mireille Cifali, l&rsquo;\u00e9criture clinique et la p\u00e9dagogie institutionnelle, <strong>Bruno Robbes<\/strong><\/p>\n\n\n\n<p class=\"wp-block-paragraph\">&#8211; Mireille Cifali, l&rsquo;ombre port\u00e9e d&rsquo;une eau vive, <strong>Jacques Pain<\/strong><\/p>\n\n\n\n<p class=\"has-vivid-cyan-blue-color has-text-color has-link-color wp-elements-92113b9b531eca7e7543f6cb5570269c wp-block-paragraph\"><strong><em>Psychanalyse et formation<\/em><\/strong><\/p>\n\n\n\n<p class=\"wp-block-paragraph\">&#8211; \u00c9thique clinique en formation, <strong>Mireille Cifali<\/strong><\/p>\n\n\n\n<p class=\"wp-block-paragraph\">&#8211; Faire bouger, mettre en \u00ab\u00a0je\u00a0\u00bb, <strong>B\u00e9reng\u00e8re Kolly<\/strong><\/p>\n\n\n\n<p class=\"wp-block-paragraph\">&#8211; Performance et effacement de la subjectivit\u00e9 en formation, <strong>Long Pham Quang<\/strong><\/p>\n\n\n\n<p class=\"wp-block-paragraph\">&#8211; D\u00e9marches cliniques, institution(s) et chercheur-apprenant, <strong>Jean-Michel Perez<\/strong><\/p>\n\n\n\n<p class=\"has-vivid-cyan-blue-color has-text-color has-link-color wp-elements-00a54b923809588793db4d0eeed4c83d wp-block-paragraph\"><strong><em>\u00c9criture clinique et formation<\/em><\/strong><\/p>\n\n\n\n<p class=\"wp-block-paragraph\">&#8211; Psychanalyse et \u00e9criture d&rsquo;une histoire chez Michel de Certeau, <strong>Mireille Cifali<\/strong><\/p>\n\n\n\n<p class=\"wp-block-paragraph\">      &#8211; La fiction n&rsquo;est pas contraire \u00e0 la science, Bessa Myftiu<\/p>\n\n\n\n<p class=\"wp-block-paragraph\">&#8211; Une \u00e9criture, comme \u00e9cart, <strong>Thomas P\u00e9rilleux<\/strong>, dialogue avec <strong>Mireille Cifali<\/strong><\/p>\n\n\n\n<p class=\"has-vivid-cyan-blue-color has-text-color has-link-color wp-elements-e1e7f82d32ba9bbcf5f53ea2b18152e1 wp-block-paragraph\"><strong><em>Questions \u00e0 Mireille Cifali et r\u00e9ponses<\/em><\/strong><\/p>\n\n\n\n<p class=\"wp-block-paragraph\">&#8211; Mireille Cifali : l&rsquo;incertitude comme vertu, <strong>Philippe Meirieu<\/strong><\/p>\n\n\n\n<p class=\"wp-block-paragraph\">&#8211; Postface, <strong>Daniel Hameline<\/strong><\/p>\n\n\n\n<p class=\"wp-block-paragraph\">Publications de Mireille Cifali<\/p>\n\n\n\n<p class=\"wp-block-paragraph\"><\/p>\n","protected":false},"excerpt":{"rendered":"<p>Sous la direction de Fr\u00e9d\u00e9rique-Marie Prot 18,00\u20ac \u00c0 partir du 20 mars 2025 https:\/\/www.purh-ed.fr\/book\/?gcoi=28777100251620 https:\/\/www.cultura.com\/p-psychanalyse-et-education-questions-a-mireille-cifali-9791024018706.html https:\/\/www.mollat.com\/livres\/3303720\/psychanalyse-et-education-questions-a-mireille-cifali Pr\u00e9sentation &#8211; Mireille Cifali professeure, \u00c9tiennette<\/p>\n<p class=\"link-more\"><a class=\"myButt \" href=\"https:\/\/ferbos-jeanfrancois.legtux.org\/?p=2925\">Read More<\/a><\/p>\n","protected":false},"author":1,"featured_media":1525,"comment_status":"closed","ping_status":"open","sticky":false,"template":"","format":"standard","meta":{"_crdt_document":"","jetpack_post_was_ever_published":false,"_jetpack_newsletter_access":"","_jetpack_dont_email_post_to_subs":false,"_jetpack_newsletter_tier_id":0,"_jetpack_memberships_contains_paywalled_content":false,"_jetpack_memberships_contains_paid_content":false,"footnotes":"","jetpack_publicize_message":"","jetpack_publicize_feature_enabled":true,"jetpack_social_post_already_shared":true,"jetpack_social_options":{"image_generator_settings":{"template":"highway","default_image_id":0,"font":"","enabled":false},"version":2}},"categories":[30,49,54,29],"tags":[],"class_list":["post-2925","post","type-post","status-publish","format-standard","has-post-thumbnail","hentry","category-a-penser","category-des-livres","category-des-livres-a-penser","category-psychanalyse"],"jetpack_publicize_connections":[],"jetpack_featured_media_url":"https:\/\/i0.wp.com\/ferbos-jeanfrancois.legtux.org\/wp-content\/uploads\/2022\/03\/mireille-cifali.jpg?fit=450%2C338&ssl=1","jetpack-related-posts":[{"id":2357,"url":"https:\/\/ferbos-jeanfrancois.legtux.org\/?p=2357","url_meta":{"origin":2925,"position":0},"title":"La psychanalyse est-elle un exercice spirituel ? Jean Allouch","author":"Cravan","date":"10 mai 2023","format":false,"excerpt":"R\u00e9ponse \u00e0 Michel Foucault Un ouvrage de Jean Allouch 14\u20ac Pour commander l'ouvrage, \"clic ici\" En r\u00e9cusant qu\u2019elle soit une psychologie (avec ou sans profondeur), un art, une religion, une magie et m\u00eame une science, Lacan aurait-il laiss\u00e9 la psychanalyse comme flottant en l\u2019air, ne sachant plus ce qu\u2019elle est\u2026","rel":"","context":"Dans &quot;Des livres - des \u00e9crits&quot;","block_context":{"text":"Des livres - des \u00e9crits","link":"https:\/\/ferbos-jeanfrancois.legtux.org\/?cat=49"},"img":{"alt_text":"","src":"https:\/\/i0.wp.com\/ferbos-jeanfrancois.legtux.org\/wp-content\/uploads\/2023\/05\/La-psychanalyse-est-elle-un-exercice-spirituel.png?fit=400%2C400&ssl=1&resize=350%2C200","width":350,"height":200},"classes":[]},{"id":1589,"url":"https:\/\/ferbos-jeanfrancois.legtux.org\/?p=1589","url_meta":{"origin":2925,"position":1},"title":"Gloria Leff \u00e0 Bordeaux &#8211; 2012","author":"Cravan","date":"20 mars 2022","format":false,"excerpt":"Gloria Leff pr\u00e9sente son livre, Portraits de femmes en analyste, Lacan et le contre-transfert, dans les salons de la librairie Mollat le 16 mars \u00e0 18h00 \u00e0 BORDEAUX. Jean-Louis Sous directeur de l'\u00e9cole lacanienne de psychanalyse et Agn\u00e8s Coulon membre de la m\u00eame \u00e9cole animent cette pr\u00e9sentation.Ce livre peut \u00eatre\u2026","rel":"","context":"Dans &quot;\u00c0 penser&quot;","block_context":{"text":"\u00c0 penser","link":"https:\/\/ferbos-jeanfrancois.legtux.org\/?cat=30"},"img":{"alt_text":"","src":"https:\/\/i0.wp.com\/ferbos-jeanfrancois.legtux.org\/wp-content\/uploads\/2022\/02\/13765611135_700f61b519_o.jpg?fit=759%2C985&ssl=1&resize=350%2C200","width":350,"height":200,"srcset":"https:\/\/i0.wp.com\/ferbos-jeanfrancois.legtux.org\/wp-content\/uploads\/2022\/02\/13765611135_700f61b519_o.jpg?fit=759%2C985&ssl=1&resize=350%2C200 1x, https:\/\/i0.wp.com\/ferbos-jeanfrancois.legtux.org\/wp-content\/uploads\/2022\/02\/13765611135_700f61b519_o.jpg?fit=759%2C985&ssl=1&resize=525%2C300 1.5x, https:\/\/i0.wp.com\/ferbos-jeanfrancois.legtux.org\/wp-content\/uploads\/2022\/02\/13765611135_700f61b519_o.jpg?fit=759%2C985&ssl=1&resize=700%2C400 2x"},"classes":[]},{"id":937,"url":"https:\/\/ferbos-jeanfrancois.legtux.org\/?p=937","url_meta":{"origin":2925,"position":2},"title":"Sigmund Freud, \u0153uvres en fran\u00e7ais &#8211; UQUAC","author":"Cravan","date":"3 f\u00e9vrier 2022","format":false,"excerpt":"TEXTES DE UQUAC\u00a0: Sigmund Freud, Actes obs\u00e9dants et exercices religieux - 1907. Traduction fran\u00e7aise de Marie Bonaparte, revue par l\u2019auteur, 1932. Actes obs\u00e9dants et exercices religieux 1907T\u00e9l\u00e9charger Sigmund Freud, L\u2019avenir d\u2019une illusion - 1927. Traduction fran\u00e7aise de Marie Bonaparte, revue par l\u2019auteur, 1932. l'avenir d'une illusion 1927T\u00e9l\u00e9charger Sigmund Freud, Cinq\u2026","rel":"","context":"Dans &quot;Psychanalyse&quot;","block_context":{"text":"Psychanalyse","link":"https:\/\/ferbos-jeanfrancois.legtux.org\/?cat=29"},"img":{"alt_text":"","src":"https:\/\/i0.wp.com\/ferbos-jeanfrancois.legtux.org\/wp-content\/uploads\/2022\/02\/Cyclofreud2.jpg?fit=708%2C533&ssl=1&resize=350%2C200","width":350,"height":200,"srcset":"https:\/\/i0.wp.com\/ferbos-jeanfrancois.legtux.org\/wp-content\/uploads\/2022\/02\/Cyclofreud2.jpg?fit=708%2C533&ssl=1&resize=350%2C200 1x, https:\/\/i0.wp.com\/ferbos-jeanfrancois.legtux.org\/wp-content\/uploads\/2022\/02\/Cyclofreud2.jpg?fit=708%2C533&ssl=1&resize=525%2C300 1.5x, https:\/\/i0.wp.com\/ferbos-jeanfrancois.legtux.org\/wp-content\/uploads\/2022\/02\/Cyclofreud2.jpg?fit=708%2C533&ssl=1&resize=700%2C400 2x"},"classes":[]},{"id":2426,"url":"https:\/\/ferbos-jeanfrancois.legtux.org\/?p=2426","url_meta":{"origin":2925,"position":3},"title":"L\u2019enfant suppos\u00e9","author":"Cravan","date":"11 mai 2023","format":false,"excerpt":"Un ouvrage de Jean-Louis Sous 20\u20ac Pour commander l'ouvrage, \"clic ici\" Le soin psy qui entoure aujourd\u2019hui l\u2019enfance est devenu tentaculaire. Bien qu\u2019ayant nourri cette attention nouvelle port\u00e9e \u00e0 l\u2019enfant, la psychanalyse ne s\u2019y reconna\u00eet plus : la parole qu\u2019elle avait privil\u00e9gi\u00e9e n\u2019est plus que communication avec des clients, voire\u2026","rel":"","context":"Dans &quot;Des livres - des \u00e9crits&quot;","block_context":{"text":"Des livres - des \u00e9crits","link":"https:\/\/ferbos-jeanfrancois.legtux.org\/?cat=49"},"img":{"alt_text":"","src":"https:\/\/i0.wp.com\/ferbos-jeanfrancois.legtux.org\/wp-content\/uploads\/2023\/05\/Lenfant-suppose-Jean-Louis-Sous.png?fit=400%2C400&ssl=1&resize=350%2C200","width":350,"height":200},"classes":[]},{"id":3104,"url":"https:\/\/ferbos-jeanfrancois.legtux.org\/?p=3104","url_meta":{"origin":2925,"position":4},"title":"Rencontre avec Philippe Lacad\u00e9e &#8211; Le Dit po\u00e9tique d&rsquo;un ange en exil : Rimbaud avec Lacan","author":"Cravan","date":"2 novembre 2025","format":false,"excerpt":"Philippe Lacad\u00e9e vous pr\u00e9sente son ouvrage \"Le Dit po\u00e9tique d'un ange en exil : Rimbaud avec Lacan\" aux \u00e9ditions Lettre vol\u00e9e. Entretien avec Mich\u00e8le Elbaz. Lectures : \u00c9tienne Germe. En partenariat avec l'ACF. Retrouvez le livre : https:\/\/www.mollat.com\/livres\/3296022... https:\/\/youtu.be\/R_D_hH4N9Ss?si=IneBorD5JdDOCPtp","rel":"","context":"Dans &quot;Des livres - des \u00e9crits&quot;","block_context":{"text":"Des livres - des \u00e9crits","link":"https:\/\/ferbos-jeanfrancois.legtux.org\/?cat=49"},"img":{"alt_text":"","src":"https:\/\/i0.wp.com\/ferbos-jeanfrancois.legtux.org\/wp-content\/uploads\/2025\/11\/LKD.jpg?fit=851%2C1200&ssl=1&resize=350%2C200","width":350,"height":200,"srcset":"https:\/\/i0.wp.com\/ferbos-jeanfrancois.legtux.org\/wp-content\/uploads\/2025\/11\/LKD.jpg?fit=851%2C1200&ssl=1&resize=350%2C200 1x, https:\/\/i0.wp.com\/ferbos-jeanfrancois.legtux.org\/wp-content\/uploads\/2025\/11\/LKD.jpg?fit=851%2C1200&ssl=1&resize=525%2C300 1.5x, https:\/\/i0.wp.com\/ferbos-jeanfrancois.legtux.org\/wp-content\/uploads\/2025\/11\/LKD.jpg?fit=851%2C1200&ssl=1&resize=700%2C400 2x"},"classes":[]},{"id":2342,"url":"https:\/\/ferbos-jeanfrancois.legtux.org\/?p=2342","url_meta":{"origin":2925,"position":5},"title":"Transma\u00eetre &#8211; Jean Allouch","author":"Cravan","date":"10 mai 2023","format":false,"excerpt":"Jacques Lacan et son \u00e9l\u00e8ve h\u00e9risson Un ouvrage de Jean Allouch 23\u20ac Pour acheter l'ouvrage, \"clic ici\" Certains psychanalystes sont reconnus des ma\u00eetres dans leur domaine, d\u2019autres sont des \u00e9l\u00e8ves. Ce lien entre eux, diff\u00e9rent de la relation analytique, pousse d\u00e9j\u00e0 \u00e0 lui seul la psychanalyse dans les bras de\u2026","rel":"","context":"Dans &quot;Des livres - des \u00e9crits&quot;","block_context":{"text":"Des livres - des \u00e9crits","link":"https:\/\/ferbos-jeanfrancois.legtux.org\/?cat=49"},"img":{"alt_text":"","src":"https:\/\/i0.wp.com\/ferbos-jeanfrancois.legtux.org\/wp-content\/uploads\/2023\/05\/transmaitre.png?fit=500%2C500&ssl=1&resize=350%2C200","width":350,"height":200},"classes":[]}],"jetpack_likes_enabled":true,"jetpack_sharing_enabled":true,"_links":{"self":[{"href":"https:\/\/ferbos-jeanfrancois.legtux.org\/index.php?rest_route=\/wp\/v2\/posts\/2925","targetHints":{"allow":["GET"]}}],"collection":[{"href":"https:\/\/ferbos-jeanfrancois.legtux.org\/index.php?rest_route=\/wp\/v2\/posts"}],"about":[{"href":"https:\/\/ferbos-jeanfrancois.legtux.org\/index.php?rest_route=\/wp\/v2\/types\/post"}],"author":[{"embeddable":true,"href":"https:\/\/ferbos-jeanfrancois.legtux.org\/index.php?rest_route=\/wp\/v2\/users\/1"}],"replies":[{"embeddable":true,"href":"https:\/\/ferbos-jeanfrancois.legtux.org\/index.php?rest_route=%2Fwp%2Fv2%2Fcomments&post=2925"}],"version-history":[{"count":9,"href":"https:\/\/ferbos-jeanfrancois.legtux.org\/index.php?rest_route=\/wp\/v2\/posts\/2925\/revisions"}],"predecessor-version":[{"id":2973,"href":"https:\/\/ferbos-jeanfrancois.legtux.org\/index.php?rest_route=\/wp\/v2\/posts\/2925\/revisions\/2973"}],"wp:featuredmedia":[{"embeddable":true,"href":"https:\/\/ferbos-jeanfrancois.legtux.org\/index.php?rest_route=\/wp\/v2\/media\/1525"}],"wp:attachment":[{"href":"https:\/\/ferbos-jeanfrancois.legtux.org\/index.php?rest_route=%2Fwp%2Fv2%2Fmedia&parent=2925"}],"wp:term":[{"taxonomy":"category","embeddable":true,"href":"https:\/\/ferbos-jeanfrancois.legtux.org\/index.php?rest_route=%2Fwp%2Fv2%2Fcategories&post=2925"},{"taxonomy":"post_tag","embeddable":true,"href":"https:\/\/ferbos-jeanfrancois.legtux.org\/index.php?rest_route=%2Fwp%2Fv2%2Ftags&post=2925"}],"curies":[{"name":"wp","href":"https:\/\/api.w.org\/{rel}","templated":true}]}}