{"id":2954,"date":"2025-03-07T18:15:14","date_gmt":"2025-03-07T17:15:14","guid":{"rendered":"https:\/\/ferbos-jeanfrancois.legtux.org\/?p=2954"},"modified":"2025-03-07T18:15:18","modified_gmt":"2025-03-07T17:15:18","slug":"place-publique-2025","status":"publish","type":"post","link":"https:\/\/ferbos-jeanfrancois.legtux.org\/?p=2954","title":{"rendered":"Place Publique 2025"},"content":{"rendered":"\n<h3 class=\"wp-block-heading has-text-align-center\">Encore une fois\u2026 la po\u00e9sie<br>Les ann\u00e9es trente seraient-elles devant nous?<br>par<br>XAVIER LECONTE<br>Pr\u00e9sentation par Mayette Viltard<\/h3>\n\n\n<div class=\"wp-block-image\">\n<figure class=\"aligncenter size-large\"><img data-recalc-dims=\"1\" loading=\"lazy\" decoding=\"async\" width=\"640\" height=\"910\" data-attachment-id=\"2955\" data-permalink=\"https:\/\/ferbos-jeanfrancois.legtux.org\/?attachment_id=2955\" data-orig-file=\"https:\/\/i0.wp.com\/ferbos-jeanfrancois.legtux.org\/wp-content\/uploads\/2025\/03\/Place-publique-janvier-25-1-copie.jpg?fit=1734%2C2467&amp;ssl=1\" data-orig-size=\"1734,2467\" data-comments-opened=\"1\" data-image-meta=\"{&quot;aperture&quot;:&quot;0&quot;,&quot;credit&quot;:&quot;&quot;,&quot;camera&quot;:&quot;&quot;,&quot;caption&quot;:&quot;&quot;,&quot;created_timestamp&quot;:&quot;0&quot;,&quot;copyright&quot;:&quot;&quot;,&quot;focal_length&quot;:&quot;0&quot;,&quot;iso&quot;:&quot;0&quot;,&quot;shutter_speed&quot;:&quot;0&quot;,&quot;title&quot;:&quot;&quot;,&quot;orientation&quot;:&quot;1&quot;}\" data-image-title=\"Place publique janvier 25-1 copie\" data-image-description=\"\" data-image-caption=\"\" data-large-file=\"https:\/\/i0.wp.com\/ferbos-jeanfrancois.legtux.org\/wp-content\/uploads\/2025\/03\/Place-publique-janvier-25-1-copie.jpg?fit=640%2C910&amp;ssl=1\" src=\"https:\/\/i0.wp.com\/ferbos-jeanfrancois.legtux.org\/wp-content\/uploads\/2025\/03\/Place-publique-janvier-25-1-copie.jpg?resize=640%2C910&#038;ssl=1\" alt=\"\" class=\"wp-image-2955\" srcset=\"https:\/\/i0.wp.com\/ferbos-jeanfrancois.legtux.org\/wp-content\/uploads\/2025\/03\/Place-publique-janvier-25-1-copie.jpg?resize=720%2C1024&amp;ssl=1 720w, https:\/\/i0.wp.com\/ferbos-jeanfrancois.legtux.org\/wp-content\/uploads\/2025\/03\/Place-publique-janvier-25-1-copie.jpg?resize=211%2C300&amp;ssl=1 211w, https:\/\/i0.wp.com\/ferbos-jeanfrancois.legtux.org\/wp-content\/uploads\/2025\/03\/Place-publique-janvier-25-1-copie.jpg?resize=768%2C1093&amp;ssl=1 768w, https:\/\/i0.wp.com\/ferbos-jeanfrancois.legtux.org\/wp-content\/uploads\/2025\/03\/Place-publique-janvier-25-1-copie.jpg?resize=1080%2C1536&amp;ssl=1 1080w, https:\/\/i0.wp.com\/ferbos-jeanfrancois.legtux.org\/wp-content\/uploads\/2025\/03\/Place-publique-janvier-25-1-copie.jpg?resize=1439%2C2048&amp;ssl=1 1439w, https:\/\/i0.wp.com\/ferbos-jeanfrancois.legtux.org\/wp-content\/uploads\/2025\/03\/Place-publique-janvier-25-1-copie.jpg?w=1734&amp;ssl=1 1734w, https:\/\/i0.wp.com\/ferbos-jeanfrancois.legtux.org\/wp-content\/uploads\/2025\/03\/Place-publique-janvier-25-1-copie.jpg?w=1280&amp;ssl=1 1280w\" sizes=\"auto, (max-width: 640px) 100vw, 640px\" \/><\/figure>\n<\/div>\n\n\n<div data-wp-interactive=\"core\/file\" class=\"wp-block-file alignwide\"><object data-wp-bind--hidden=\"!state.hasPdfPreview\" hidden class=\"wp-block-file__embed\" data=\"https:\/\/ferbos-jeanfrancois.legtux.org\/wp-content\/uploads\/2025\/03\/Place-publique-janvier-25.pdf\" type=\"application\/pdf\" style=\"width:100%;height:600px\" aria-label=\"Contenu embarqu\u00e9 Place publique janvier 25.\"><\/object><a id=\"wp-block-file--media-0be6e9d1-ac60-4bd9-81e9-01b98777e791\" href=\"https:\/\/ferbos-jeanfrancois.legtux.org\/wp-content\/uploads\/2025\/03\/Place-publique-janvier-25.pdf\">Place publique janvier 25<\/a><a href=\"https:\/\/ferbos-jeanfrancois.legtux.org\/wp-content\/uploads\/2025\/03\/Place-publique-janvier-25.pdf\" class=\"wp-block-file__button wp-element-button\" download aria-describedby=\"wp-block-file--media-0be6e9d1-ac60-4bd9-81e9-01b98777e791\">T\u00e9l\u00e9charger<\/a><\/div>\n","protected":false},"excerpt":{"rendered":"<p>Encore une fois\u2026 la po\u00e9sieLes ann\u00e9es trente seraient-elles devant nous?parXAVIER LECONTEPr\u00e9sentation par Mayette Viltard<\/p>\n","protected":false},"author":1,"featured_media":2957,"comment_status":"closed","ping_status":"open","sticky":false,"template":"","format":"standard","meta":{"_crdt_document":"","jetpack_post_was_ever_published":false,"_jetpack_newsletter_access":"","_jetpack_dont_email_post_to_subs":false,"_jetpack_newsletter_tier_id":0,"_jetpack_memberships_contains_paywalled_content":false,"_jetpack_memberships_contains_paid_content":false,"footnotes":"","jetpack_publicize_message":"","jetpack_publicize_feature_enabled":true,"jetpack_social_post_already_shared":true,"jetpack_social_options":{"image_generator_settings":{"template":"highway","default_image_id":0,"font":"","enabled":false},"version":2}},"categories":[39,40,29],"tags":[],"class_list":["post-2954","post","type-post","status-publish","format-standard","has-post-thumbnail","hentry","category-activites","category-place-publique-et-conferences-de-lunebevue","category-psychanalyse"],"jetpack_publicize_connections":[],"jetpack_featured_media_url":"https:\/\/i0.wp.com\/ferbos-jeanfrancois.legtux.org\/wp-content\/uploads\/2025\/03\/Place-publique-janvier-25-1.jpg?fit=145%2C228&ssl=1","jetpack-related-posts":[{"id":3026,"url":"https:\/\/ferbos-jeanfrancois.legtux.org\/?p=3026","url_meta":{"origin":2954,"position":0},"title":"PLACE PUBLIQUE 2025","author":"Cravan","date":"28 mai 2025","format":false,"excerpt":"Se d\u00e9faire de la pens\u00e9e straight. L\u2019effet transformatif de la pens\u00e9e de Monique Wittig Par Natacha Chetcuti-Osorovitz SAMEDI 14 JUIN \u00e0 L'AGORA 64 rue du P\u00e8re Corentin Paris 14 de 9h30 \u00e0 12h et de 14h \u00e0 16h30 Place publique 14 juin 2025 3T\u00e9l\u00e9charger Place publique 14 juin texteT\u00e9l\u00e9charger","rel":"","context":"Dans &quot;Activit\u00e9s&quot;","block_context":{"text":"Activit\u00e9s","link":"https:\/\/ferbos-jeanfrancois.legtux.org\/?cat=39"},"img":{"alt_text":"","src":"https:\/\/i0.wp.com\/ferbos-jeanfrancois.legtux.org\/wp-content\/uploads\/2025\/05\/PPU-JUIN-25.png?resize=350%2C200&ssl=1","width":350,"height":200,"srcset":"https:\/\/i0.wp.com\/ferbos-jeanfrancois.legtux.org\/wp-content\/uploads\/2025\/05\/PPU-JUIN-25.png?resize=350%2C200&ssl=1 1x, https:\/\/i0.wp.com\/ferbos-jeanfrancois.legtux.org\/wp-content\/uploads\/2025\/05\/PPU-JUIN-25.png?resize=525%2C300&ssl=1 1.5x"},"classes":[]},{"id":2199,"url":"https:\/\/ferbos-jeanfrancois.legtux.org\/?p=2199","url_meta":{"origin":2954,"position":1},"title":"Place publique &#8211; mars 2023","author":"Cravan","date":"10 mars 2023","format":false,"excerpt":"Un certain mode d'exercice de la sensibilit\u00e9 Film le matin et d\u00e9bat l'apr\u00e8s-midi propos\u00e9 par Ninette Succab-Glissant, Mayette viltard et Luc Parisel Place publique 18 mars 2023T\u00e9l\u00e9charger","rel":"","context":"Dans &quot;Place publique et conf\u00e9rences de l'Uneb\u00e9vue&quot;","block_context":{"text":"Place publique et conf\u00e9rences de l'Uneb\u00e9vue","link":"https:\/\/ferbos-jeanfrancois.legtux.org\/?cat=40"},"img":{"alt_text":"","src":"https:\/\/i0.wp.com\/ferbos-jeanfrancois.legtux.org\/wp-content\/uploads\/2023\/03\/PP-2023.jpg?fit=515%2C337&ssl=1&resize=350%2C200","width":350,"height":200},"classes":[]},{"id":2917,"url":"https:\/\/ferbos-jeanfrancois.legtux.org\/?p=2917","url_meta":{"origin":2954,"position":2},"title":"Le travail du r\u00eave freudien comme production transindividuelle","author":"Cravan","date":"22 janvier 2025","format":false,"excerpt":"Place Publique Par Isis\u00a0Casta\u00f1eda\u00a0Capriroli 64 rue du p\u00e8re Corentin Paris 14, de 9h \u00e0 16h30. Les prochaines Place publique auront lieu les 15 mars, 5 avril et 14 juin. Les Clinic zones auront lieu \u00e0 Marseille les 24 et 25 mai, \u00e0 la Maison de la Suisse, 7 rue d'Arcole,\u2026","rel":"","context":"Dans &quot;Activit\u00e9s&quot;","block_context":{"text":"Activit\u00e9s","link":"https:\/\/ferbos-jeanfrancois.legtux.org\/?cat=39"},"img":{"alt_text":"","src":"https:\/\/i0.wp.com\/ferbos-jeanfrancois.legtux.org\/wp-content\/uploads\/2025\/01\/PPU-02-2025.jpg?fit=645%2C497&ssl=1&resize=350%2C200","width":350,"height":200,"srcset":"https:\/\/i0.wp.com\/ferbos-jeanfrancois.legtux.org\/wp-content\/uploads\/2025\/01\/PPU-02-2025.jpg?fit=645%2C497&ssl=1&resize=350%2C200 1x, https:\/\/i0.wp.com\/ferbos-jeanfrancois.legtux.org\/wp-content\/uploads\/2025\/01\/PPU-02-2025.jpg?fit=645%2C497&ssl=1&resize=525%2C300 1.5x"},"classes":[]},{"id":3149,"url":"https:\/\/ferbos-jeanfrancois.legtux.org\/?p=3149","url_meta":{"origin":2954,"position":3},"title":"Place Publique","author":"Cravan","date":"28 mars 2026","format":false,"excerpt":"Se d\u00e9faire de la culture du trauma Blocs d\u2019enfance et devenirs Par Mayette Viltard Place publique mars 2026T\u00e9l\u00e9charger SAMEDI 4 AVRIL\u00e0 L\u2019AGORA64 rue du p\u00e8re Corentin Paris 14de 9h30 \u00e0 12h et de 14h \u00e0 16h30","rel":"","context":"Dans &quot;Activit\u00e9s&quot;","block_context":{"text":"Activit\u00e9s","link":"https:\/\/ferbos-jeanfrancois.legtux.org\/?cat=39"},"img":{"alt_text":"","src":"https:\/\/i0.wp.com\/ferbos-jeanfrancois.legtux.org\/wp-content\/uploads\/2026\/03\/image-Place-publique-mars-2026.jpg?fit=855%2C450&ssl=1&resize=350%2C200","width":350,"height":200,"srcset":"https:\/\/i0.wp.com\/ferbos-jeanfrancois.legtux.org\/wp-content\/uploads\/2026\/03\/image-Place-publique-mars-2026.jpg?fit=855%2C450&ssl=1&resize=350%2C200 1x, https:\/\/i0.wp.com\/ferbos-jeanfrancois.legtux.org\/wp-content\/uploads\/2026\/03\/image-Place-publique-mars-2026.jpg?fit=855%2C450&ssl=1&resize=525%2C300 1.5x, https:\/\/i0.wp.com\/ferbos-jeanfrancois.legtux.org\/wp-content\/uploads\/2026\/03\/image-Place-publique-mars-2026.jpg?fit=855%2C450&ssl=1&resize=700%2C400 2x"},"classes":[]},{"id":3126,"url":"https:\/\/ferbos-jeanfrancois.legtux.org\/?p=3126","url_meta":{"origin":2954,"position":4},"title":"UNEB\u00c9VUE : Place publique du 17 janvier 2026","author":"Cravan","date":"8 janvier 2026","format":false,"excerpt":"Le samedi 17 janvier \u00a0de 9h \u00e0 16h30 \u00a0\u00e0 L\u2019agora, 64 rue du p\u00e8re Corentin, Paris 14\u00e8me Une mati\u00e8re-signe et des signes en acte Une r\u00e9cusation de la th\u00e9orie du refoulement Par Mayette Viltard Place publique janvier 2026T\u00e9l\u00e9charger","rel":"","context":"Dans &quot;Place publique et conf\u00e9rences de l'Uneb\u00e9vue&quot;","block_context":{"text":"Place publique et conf\u00e9rences de l'Uneb\u00e9vue","link":"https:\/\/ferbos-jeanfrancois.legtux.org\/?cat=40"},"img":{"alt_text":"","src":"https:\/\/i0.wp.com\/ferbos-jeanfrancois.legtux.org\/wp-content\/uploads\/2026\/01\/Place-publique-janvier-2026-1.jpg?fit=640%2C427&ssl=1&resize=350%2C200","width":350,"height":200,"srcset":"https:\/\/i0.wp.com\/ferbos-jeanfrancois.legtux.org\/wp-content\/uploads\/2026\/01\/Place-publique-janvier-2026-1.jpg?fit=640%2C427&ssl=1&resize=350%2C200 1x, https:\/\/i0.wp.com\/ferbos-jeanfrancois.legtux.org\/wp-content\/uploads\/2026\/01\/Place-publique-janvier-2026-1.jpg?fit=640%2C427&ssl=1&resize=525%2C300 1.5x"},"classes":[]},{"id":2974,"url":"https:\/\/ferbos-jeanfrancois.legtux.org\/?p=2974","url_meta":{"origin":2954,"position":5},"title":"PLACE PUBLIQUE 2025","author":"Cravan","date":"26 mars 2025","format":false,"excerpt":"Mayette VILTARD La question de la sensation dans l'exercice de la psychanalyse parMARCELO REAL SAMEDI 5 AVRIL \u00e0 L\u2019AGORA64 rue du p\u00e8re Corentin Paris 14eM\u00e9tro Ligne 4 Porte d\u2019Orl\u00e9ans, Bus 38 et 92; Tram T3a Place publique avril 25 T\u00e9l\u00e9charger","rel":"","context":"Dans &quot;Activit\u00e9s&quot;","block_context":{"text":"Activit\u00e9s","link":"https:\/\/ferbos-jeanfrancois.legtux.org\/?cat=39"},"img":{"alt_text":"","src":"https:\/\/i0.wp.com\/ferbos-jeanfrancois.legtux.org\/wp-content\/uploads\/2025\/03\/Place-publique-avril-25-copie-1-1.jpg?fit=846%2C720&ssl=1&resize=350%2C200","width":350,"height":200,"srcset":"https:\/\/i0.wp.com\/ferbos-jeanfrancois.legtux.org\/wp-content\/uploads\/2025\/03\/Place-publique-avril-25-copie-1-1.jpg?fit=846%2C720&ssl=1&resize=350%2C200 1x, https:\/\/i0.wp.com\/ferbos-jeanfrancois.legtux.org\/wp-content\/uploads\/2025\/03\/Place-publique-avril-25-copie-1-1.jpg?fit=846%2C720&ssl=1&resize=525%2C300 1.5x, https:\/\/i0.wp.com\/ferbos-jeanfrancois.legtux.org\/wp-content\/uploads\/2025\/03\/Place-publique-avril-25-copie-1-1.jpg?fit=846%2C720&ssl=1&resize=700%2C400 2x"},"classes":[]}],"jetpack_likes_enabled":true,"jetpack_sharing_enabled":true,"_links":{"self":[{"href":"https:\/\/ferbos-jeanfrancois.legtux.org\/index.php?rest_route=\/wp\/v2\/posts\/2954","targetHints":{"allow":["GET"]}}],"collection":[{"href":"https:\/\/ferbos-jeanfrancois.legtux.org\/index.php?rest_route=\/wp\/v2\/posts"}],"about":[{"href":"https:\/\/ferbos-jeanfrancois.legtux.org\/index.php?rest_route=\/wp\/v2\/types\/post"}],"author":[{"embeddable":true,"href":"https:\/\/ferbos-jeanfrancois.legtux.org\/index.php?rest_route=\/wp\/v2\/users\/1"}],"replies":[{"embeddable":true,"href":"https:\/\/ferbos-jeanfrancois.legtux.org\/index.php?rest_route=%2Fwp%2Fv2%2Fcomments&post=2954"}],"version-history":[{"count":1,"href":"https:\/\/ferbos-jeanfrancois.legtux.org\/index.php?rest_route=\/wp\/v2\/posts\/2954\/revisions"}],"predecessor-version":[{"id":2958,"href":"https:\/\/ferbos-jeanfrancois.legtux.org\/index.php?rest_route=\/wp\/v2\/posts\/2954\/revisions\/2958"}],"wp:featuredmedia":[{"embeddable":true,"href":"https:\/\/ferbos-jeanfrancois.legtux.org\/index.php?rest_route=\/wp\/v2\/media\/2957"}],"wp:attachment":[{"href":"https:\/\/ferbos-jeanfrancois.legtux.org\/index.php?rest_route=%2Fwp%2Fv2%2Fmedia&parent=2954"}],"wp:term":[{"taxonomy":"category","embeddable":true,"href":"https:\/\/ferbos-jeanfrancois.legtux.org\/index.php?rest_route=%2Fwp%2Fv2%2Fcategories&post=2954"},{"taxonomy":"post_tag","embeddable":true,"href":"https:\/\/ferbos-jeanfrancois.legtux.org\/index.php?rest_route=%2Fwp%2Fv2%2Ftags&post=2954"}],"curies":[{"name":"wp","href":"https:\/\/api.w.org\/{rel}","templated":true}]}}