{"id":364,"date":"2022-02-01T16:30:47","date_gmt":"2022-02-01T15:30:47","guid":{"rendered":"https:\/\/ferbos-jeanfrancois.legtux.org\/?p=364"},"modified":"2022-02-02T14:14:55","modified_gmt":"2022-02-02T13:14:55","slug":"la-topologie-et-est-le-temps-1978-1979-audio","status":"publish","type":"post","link":"https:\/\/ferbos-jeanfrancois.legtux.org\/?p=364","title":{"rendered":"La topologie et\/est le temps 1978-1979 AUDIO"},"content":{"rendered":"\n<figure class=\"wp-block-image size-large is-resized is-style-default\"><img data-recalc-dims=\"1\" loading=\"lazy\" decoding=\"async\" data-attachment-id=\"166\" data-permalink=\"https:\/\/ferbos-jeanfrancois.legtux.org\/?attachment_id=166\" data-orig-file=\"https:\/\/i0.wp.com\/ferbos-jeanfrancois.legtux.org\/wp-content\/uploads\/2022\/01\/LACAN-scaled.jpg?fit=2542%2C2560&amp;ssl=1\" data-orig-size=\"2542,2560\" data-comments-opened=\"1\" data-image-meta=\"{&quot;aperture&quot;:&quot;0&quot;,&quot;credit&quot;:&quot;&quot;,&quot;camera&quot;:&quot;&quot;,&quot;caption&quot;:&quot;&quot;,&quot;created_timestamp&quot;:&quot;0&quot;,&quot;copyright&quot;:&quot;&quot;,&quot;focal_length&quot;:&quot;0&quot;,&quot;iso&quot;:&quot;0&quot;,&quot;shutter_speed&quot;:&quot;0&quot;,&quot;title&quot;:&quot;&quot;,&quot;orientation&quot;:&quot;1&quot;}\" data-image-title=\"LACAN\" data-image-description=\"\" data-image-caption=\"\" data-large-file=\"https:\/\/i0.wp.com\/ferbos-jeanfrancois.legtux.org\/wp-content\/uploads\/2022\/01\/LACAN-scaled.jpg?fit=640%2C644&amp;ssl=1\" src=\"https:\/\/i0.wp.com\/ferbos-jeanfrancois.legtux.org\/wp-content\/uploads\/2022\/01\/LACAN.jpg?resize=176%2C176&#038;ssl=1\" alt=\"\" class=\"wp-image-166\" width=\"176\" height=\"176\" srcset=\"https:\/\/i0.wp.com\/ferbos-jeanfrancois.legtux.org\/wp-content\/uploads\/2022\/01\/LACAN-scaled.jpg?resize=1017%2C1024&amp;ssl=1 1017w, https:\/\/i0.wp.com\/ferbos-jeanfrancois.legtux.org\/wp-content\/uploads\/2022\/01\/LACAN-scaled.jpg?resize=298%2C300&amp;ssl=1 298w, https:\/\/i0.wp.com\/ferbos-jeanfrancois.legtux.org\/wp-content\/uploads\/2022\/01\/LACAN-scaled.jpg?resize=200%2C200&amp;ssl=1 200w, https:\/\/i0.wp.com\/ferbos-jeanfrancois.legtux.org\/wp-content\/uploads\/2022\/01\/LACAN-scaled.jpg?resize=768%2C773&amp;ssl=1 768w, https:\/\/i0.wp.com\/ferbos-jeanfrancois.legtux.org\/wp-content\/uploads\/2022\/01\/LACAN-scaled.jpg?resize=1525%2C1536&amp;ssl=1 1525w, https:\/\/i0.wp.com\/ferbos-jeanfrancois.legtux.org\/wp-content\/uploads\/2022\/01\/LACAN-scaled.jpg?resize=2034%2C2048&amp;ssl=1 2034w, https:\/\/i0.wp.com\/ferbos-jeanfrancois.legtux.org\/wp-content\/uploads\/2022\/01\/LACAN-scaled.jpg?w=1280&amp;ssl=1 1280w, https:\/\/i0.wp.com\/ferbos-jeanfrancois.legtux.org\/wp-content\/uploads\/2022\/01\/LACAN-scaled.jpg?w=1920&amp;ssl=1 1920w\" sizes=\"auto, (max-width: 176px) 100vw, 176px\" \/><\/figure>\n\n\n\n<figure class=\"wp-block-audio\"><audio controls src=\"https:\/\/ferbos-jeanfrancois.legtux.org\/guppy\/jff\/cachecache\/Lacan\/topologietemps\/21.11.1978tplg1.mp3\"><\/audio><figcaption><strong>21\/11\/1978<\/strong><\/figcaption><\/figure>\n\n\n\n<figure class=\"wp-block-audio\"><audio controls src=\"https:\/\/ferbos-jeanfrancois.legtux.org\/guppy\/jff\/cachecache\/Lacan\/topologietemps\/1978.12.12 La topologie et le temps 02.mp3\"><\/audio><figcaption><strong>12\/12\/1978<\/strong><\/figcaption><\/figure>\n\n\n\n<figure class=\"wp-block-audio\"><audio controls src=\"https:\/\/ferbos-jeanfrancois.legtux.org\/guppy\/jff\/cachecache\/Lacan\/topologietemps\/1978.12.19 La topologie et le temps 03.mp3\"><\/audio><figcaption><strong>19\/12\/1978<\/strong><\/figcaption><\/figure>\n\n\n\n<figure class=\"wp-block-audio\"><audio controls src=\"https:\/\/ferbos-jeanfrancois.legtux.org\/guppy\/jff\/cachecache\/Lacan\/topologietemps\/1979.01.09 La topologie et le temps 04.mp3\"><\/audio><figcaption><strong>09\/12\/1979<\/strong><\/figcaption><\/figure>\n\n\n\n<figure class=\"wp-block-audio\"><audio controls src=\"https:\/\/ferbos-jeanfrancois.legtux.org\/guppy\/jff\/cachecache\/Lacan\/topologietemps\/1979.01.16 La topologie et le temps 05.mp3\"><\/audio><figcaption><strong>16\/01\/1979<\/strong><\/figcaption><\/figure>\n\n\n\n<figure class=\"wp-block-audio\"><audio controls src=\"https:\/\/ferbos-jeanfrancois.legtux.org\/guppy\/jff\/cachecache\/Lacan\/topologietemps\/1979.02.20 La topologie et le temps 06.mp3\"><\/audio><figcaption><strong>20\/02\/1979<\/strong><\/figcaption><\/figure>\n\n\n\n<figure class=\"wp-block-audio\"><audio controls src=\"https:\/\/ferbos-jeanfrancois.legtux.org\/guppy\/jff\/cachecache\/Lacan\/topologietemps\/1979.03.13 La topologie et le temps 07.mp3\"><\/audio><figcaption><strong>13\/03\/1979<\/strong><\/figcaption><\/figure>\n\n\n\n<figure class=\"wp-block-audio\"><audio controls src=\"https:\/\/ferbos-jeanfrancois.legtux.org\/guppy\/jff\/cachecache\/Lacan\/topologietemps\/1979.03.20 La topologie et le temps 08.mp3\"><\/audio><figcaption><strong>20\/03\/1979<\/strong><\/figcaption><\/figure>\n\n\n\n<figure class=\"wp-block-audio\"><audio controls src=\"https:\/\/ferbos-jeanfrancois.legtux.org\/guppy\/jff\/cachecache\/Lacan\/topologietemps\/1979.05.08 La topologie et le temps 09.mp3\"><\/audio><figcaption><strong>08\/05\/1979<\/strong><\/figcaption><\/figure>\n\n\n\n<figure class=\"wp-block-audio\"><audio controls src=\"https:\/\/ferbos-jeanfrancois.legtux.org\/guppy\/jff\/cachecache\/Lacan\/topologietemps\/1979.05.15 La topologie et le temps 10.mp3\"><\/audio><figcaption><strong>20\/05\/1979<\/strong><\/figcaption><\/figure>\n","protected":false},"excerpt":{"rendered":"","protected":false},"author":1,"featured_media":166,"comment_status":"closed","ping_status":"closed","sticky":false,"template":"","format":"standard","meta":{"_crdt_document":"","jetpack_post_was_ever_published":false,"_jetpack_newsletter_access":"","_jetpack_dont_email_post_to_subs":false,"_jetpack_newsletter_tier_id":0,"_jetpack_memberships_contains_paywalled_content":false,"_jetpack_memberships_contains_paid_content":false,"footnotes":"","jetpack_publicize_message":"","jetpack_publicize_feature_enabled":true,"jetpack_social_post_already_shared":false,"jetpack_social_options":{"image_generator_settings":{"template":"highway","default_image_id":0,"font":"","enabled":false},"version":2}},"categories":[12,15,29],"tags":[],"class_list":["post-364","post","type-post","status-publish","format-standard","has-post-thumbnail","hentry","category-jacques-lacan","category-lacan-audio","category-psychanalyse"],"jetpack_publicize_connections":[],"jetpack_featured_media_url":"https:\/\/i0.wp.com\/ferbos-jeanfrancois.legtux.org\/wp-content\/uploads\/2022\/01\/LACAN-scaled.jpg?fit=2542%2C2560&ssl=1","jetpack-related-posts":[{"id":339,"url":"https:\/\/ferbos-jeanfrancois.legtux.org\/?p=339","url_meta":{"origin":364,"position":0},"title":"S\u00e9minaire 26 : La topologie et le temps  ou La topologie est le temps 1978-1979","author":"Cravan","date":"1 f\u00e9vrier 2022","format":false,"excerpt":"La-topologie-et-le-tempsT\u00e9l\u00e9charger","rel":"","context":"Dans &quot;Jacques Lacan&quot;","block_context":{"text":"Jacques Lacan","link":"https:\/\/ferbos-jeanfrancois.legtux.org\/?cat=12"},"img":{"alt_text":"","src":"https:\/\/i0.wp.com\/ferbos-jeanfrancois.legtux.org\/wp-content\/uploads\/2022\/01\/LACAN-scaled.jpg?fit=1192%2C1200&ssl=1&resize=350%2C200","width":350,"height":200,"srcset":"https:\/\/i0.wp.com\/ferbos-jeanfrancois.legtux.org\/wp-content\/uploads\/2022\/01\/LACAN-scaled.jpg?fit=1192%2C1200&ssl=1&resize=350%2C200 1x, https:\/\/i0.wp.com\/ferbos-jeanfrancois.legtux.org\/wp-content\/uploads\/2022\/01\/LACAN-scaled.jpg?fit=1192%2C1200&ssl=1&resize=525%2C300 1.5x, https:\/\/i0.wp.com\/ferbos-jeanfrancois.legtux.org\/wp-content\/uploads\/2022\/01\/LACAN-scaled.jpg?fit=1192%2C1200&ssl=1&resize=700%2C400 2x, https:\/\/i0.wp.com\/ferbos-jeanfrancois.legtux.org\/wp-content\/uploads\/2022\/01\/LACAN-scaled.jpg?fit=1192%2C1200&ssl=1&resize=1050%2C600 3x"},"classes":[]},{"id":335,"url":"https:\/\/ferbos-jeanfrancois.legtux.org\/?p=335","url_meta":{"origin":364,"position":1},"title":"S\u00e9minaire 25 : Le moment de conclure  1977-1978","author":"Cravan","date":"1 f\u00e9vrier 2022","format":false,"excerpt":"Le-moment-de-conclure-staferla-1977-1978T\u00e9l\u00e9charger Le-moment-de-conclure-AFI-1977-1978T\u00e9l\u00e9charger","rel":"","context":"Dans &quot;Jacques Lacan&quot;","block_context":{"text":"Jacques Lacan","link":"https:\/\/ferbos-jeanfrancois.legtux.org\/?cat=12"},"img":{"alt_text":"","src":"https:\/\/i0.wp.com\/ferbos-jeanfrancois.legtux.org\/wp-content\/uploads\/2022\/01\/LACAN-scaled.jpg?fit=1192%2C1200&ssl=1&resize=350%2C200","width":350,"height":200,"srcset":"https:\/\/i0.wp.com\/ferbos-jeanfrancois.legtux.org\/wp-content\/uploads\/2022\/01\/LACAN-scaled.jpg?fit=1192%2C1200&ssl=1&resize=350%2C200 1x, https:\/\/i0.wp.com\/ferbos-jeanfrancois.legtux.org\/wp-content\/uploads\/2022\/01\/LACAN-scaled.jpg?fit=1192%2C1200&ssl=1&resize=525%2C300 1.5x, https:\/\/i0.wp.com\/ferbos-jeanfrancois.legtux.org\/wp-content\/uploads\/2022\/01\/LACAN-scaled.jpg?fit=1192%2C1200&ssl=1&resize=700%2C400 2x, https:\/\/i0.wp.com\/ferbos-jeanfrancois.legtux.org\/wp-content\/uploads\/2022\/01\/LACAN-scaled.jpg?fit=1192%2C1200&ssl=1&resize=1050%2C600 3x"},"classes":[]},{"id":413,"url":"https:\/\/ferbos-jeanfrancois.legtux.org\/?p=413","url_meta":{"origin":364,"position":2},"title":"L&rsquo;insu que sait de l&rsquo;une-b\u00e9vue s&rsquo;aile \u00e0 mourre AUDIO 1976-1977","author":"Cravan","date":"1 f\u00e9vrier 2022","format":false,"excerpt":"16\/11\/1976 14\/12\/1976 21\/12\/1976 11\/01\/1977 18\/01\/1977 08\/02\/1977 15\/02\/1977 08\/03\/1977 15\/03\/1977 19\/04\/1977 10\/05\/1977 17\/5\/1977","rel":"","context":"Dans &quot;Jacques Lacan&quot;","block_context":{"text":"Jacques Lacan","link":"https:\/\/ferbos-jeanfrancois.legtux.org\/?cat=12"},"img":{"alt_text":"","src":"https:\/\/i0.wp.com\/ferbos-jeanfrancois.legtux.org\/wp-content\/uploads\/2022\/01\/LACAN-scaled.jpg?fit=1192%2C1200&ssl=1&resize=350%2C200","width":350,"height":200,"srcset":"https:\/\/i0.wp.com\/ferbos-jeanfrancois.legtux.org\/wp-content\/uploads\/2022\/01\/LACAN-scaled.jpg?fit=1192%2C1200&ssl=1&resize=350%2C200 1x, https:\/\/i0.wp.com\/ferbos-jeanfrancois.legtux.org\/wp-content\/uploads\/2022\/01\/LACAN-scaled.jpg?fit=1192%2C1200&ssl=1&resize=525%2C300 1.5x, https:\/\/i0.wp.com\/ferbos-jeanfrancois.legtux.org\/wp-content\/uploads\/2022\/01\/LACAN-scaled.jpg?fit=1192%2C1200&ssl=1&resize=700%2C400 2x, https:\/\/i0.wp.com\/ferbos-jeanfrancois.legtux.org\/wp-content\/uploads\/2022\/01\/LACAN-scaled.jpg?fit=1192%2C1200&ssl=1&resize=1050%2C600 3x"},"classes":[]},{"id":262,"url":"https:\/\/ferbos-jeanfrancois.legtux.org\/?p=262","url_meta":{"origin":364,"position":3},"title":"L&rsquo;envers de la psychanalyse ou la psychanalyse \u00e0 l&rsquo;envers 1969-1970 AUDIO","author":"Cravan","date":"31 janvier 2022","format":false,"excerpt":"26\/11\/1969 17\/12\/1969 14\/01\/1970 21\/01\/1970 11\/02\/1970 18\/02\/1970 11\/03\/1970 18\/03\/1970 08\/04\/1970 15\/04\/1970 20\/05\/1970 03\/05\/1970 05\/06\/1970 10\/06\/1970 17\/06\/1970","rel":"","context":"Dans &quot;Jacques Lacan&quot;","block_context":{"text":"Jacques Lacan","link":"https:\/\/ferbos-jeanfrancois.legtux.org\/?cat=12"},"img":{"alt_text":"","src":"https:\/\/i0.wp.com\/ferbos-jeanfrancois.legtux.org\/wp-content\/uploads\/2022\/01\/LACAN-scaled.jpg?fit=1192%2C1200&ssl=1&resize=350%2C200","width":350,"height":200,"srcset":"https:\/\/i0.wp.com\/ferbos-jeanfrancois.legtux.org\/wp-content\/uploads\/2022\/01\/LACAN-scaled.jpg?fit=1192%2C1200&ssl=1&resize=350%2C200 1x, https:\/\/i0.wp.com\/ferbos-jeanfrancois.legtux.org\/wp-content\/uploads\/2022\/01\/LACAN-scaled.jpg?fit=1192%2C1200&ssl=1&resize=525%2C300 1.5x, https:\/\/i0.wp.com\/ferbos-jeanfrancois.legtux.org\/wp-content\/uploads\/2022\/01\/LACAN-scaled.jpg?fit=1192%2C1200&ssl=1&resize=700%2C400 2x, https:\/\/i0.wp.com\/ferbos-jeanfrancois.legtux.org\/wp-content\/uploads\/2022\/01\/LACAN-scaled.jpg?fit=1192%2C1200&ssl=1&resize=1050%2C600 3x"},"classes":[]},{"id":370,"url":"https:\/\/ferbos-jeanfrancois.legtux.org\/?p=370","url_meta":{"origin":364,"position":4},"title":"Un discours qui ne serait pas su semblant 1971 AUDIO","author":"Cravan","date":"1 f\u00e9vrier 2022","format":false,"excerpt":"13\/01\/1971 20\/01\/1971 10\/02\/1971 17\/02\/1971 10\/03\/1971 17\/03\/1971 19\/05\/1971 21\/05\/1971 09\/06\/1971 16\/06\/1971","rel":"","context":"Dans &quot;Jacques Lacan&quot;","block_context":{"text":"Jacques Lacan","link":"https:\/\/ferbos-jeanfrancois.legtux.org\/?cat=12"},"img":{"alt_text":"","src":"https:\/\/i0.wp.com\/ferbos-jeanfrancois.legtux.org\/wp-content\/uploads\/2022\/01\/LACAN-scaled.jpg?fit=1192%2C1200&ssl=1&resize=350%2C200","width":350,"height":200,"srcset":"https:\/\/i0.wp.com\/ferbos-jeanfrancois.legtux.org\/wp-content\/uploads\/2022\/01\/LACAN-scaled.jpg?fit=1192%2C1200&ssl=1&resize=350%2C200 1x, https:\/\/i0.wp.com\/ferbos-jeanfrancois.legtux.org\/wp-content\/uploads\/2022\/01\/LACAN-scaled.jpg?fit=1192%2C1200&ssl=1&resize=525%2C300 1.5x, https:\/\/i0.wp.com\/ferbos-jeanfrancois.legtux.org\/wp-content\/uploads\/2022\/01\/LACAN-scaled.jpg?fit=1192%2C1200&ssl=1&resize=700%2C400 2x, https:\/\/i0.wp.com\/ferbos-jeanfrancois.legtux.org\/wp-content\/uploads\/2022\/01\/LACAN-scaled.jpg?fit=1192%2C1200&ssl=1&resize=1050%2C600 3x"},"classes":[]},{"id":289,"url":"https:\/\/ferbos-jeanfrancois.legtux.org\/?p=289","url_meta":{"origin":364,"position":5},"title":"S\u00e9minaire 12 : Probl\u00e8mes cruciaux pour la psychanalyse 1964-1965","author":"Cravan","date":"1 f\u00e9vrier 2022","format":false,"excerpt":"Problemes-cruciaux-pour-la-psychnalyse-1964-1965T\u00e9l\u00e9charger","rel":"","context":"Dans &quot;Jacques Lacan&quot;","block_context":{"text":"Jacques Lacan","link":"https:\/\/ferbos-jeanfrancois.legtux.org\/?cat=12"},"img":{"alt_text":"","src":"https:\/\/i0.wp.com\/ferbos-jeanfrancois.legtux.org\/wp-content\/uploads\/2022\/01\/LACAN-scaled.jpg?fit=1192%2C1200&ssl=1&resize=350%2C200","width":350,"height":200,"srcset":"https:\/\/i0.wp.com\/ferbos-jeanfrancois.legtux.org\/wp-content\/uploads\/2022\/01\/LACAN-scaled.jpg?fit=1192%2C1200&ssl=1&resize=350%2C200 1x, https:\/\/i0.wp.com\/ferbos-jeanfrancois.legtux.org\/wp-content\/uploads\/2022\/01\/LACAN-scaled.jpg?fit=1192%2C1200&ssl=1&resize=525%2C300 1.5x, https:\/\/i0.wp.com\/ferbos-jeanfrancois.legtux.org\/wp-content\/uploads\/2022\/01\/LACAN-scaled.jpg?fit=1192%2C1200&ssl=1&resize=700%2C400 2x, https:\/\/i0.wp.com\/ferbos-jeanfrancois.legtux.org\/wp-content\/uploads\/2022\/01\/LACAN-scaled.jpg?fit=1192%2C1200&ssl=1&resize=1050%2C600 3x"},"classes":[]}],"jetpack_likes_enabled":true,"jetpack_sharing_enabled":true,"_links":{"self":[{"href":"https:\/\/ferbos-jeanfrancois.legtux.org\/index.php?rest_route=\/wp\/v2\/posts\/364","targetHints":{"allow":["GET"]}}],"collection":[{"href":"https:\/\/ferbos-jeanfrancois.legtux.org\/index.php?rest_route=\/wp\/v2\/posts"}],"about":[{"href":"https:\/\/ferbos-jeanfrancois.legtux.org\/index.php?rest_route=\/wp\/v2\/types\/post"}],"author":[{"embeddable":true,"href":"https:\/\/ferbos-jeanfrancois.legtux.org\/index.php?rest_route=\/wp\/v2\/users\/1"}],"replies":[{"embeddable":true,"href":"https:\/\/ferbos-jeanfrancois.legtux.org\/index.php?rest_route=%2Fwp%2Fv2%2Fcomments&post=364"}],"version-history":[{"count":3,"href":"https:\/\/ferbos-jeanfrancois.legtux.org\/index.php?rest_route=\/wp\/v2\/posts\/364\/revisions"}],"predecessor-version":[{"id":369,"href":"https:\/\/ferbos-jeanfrancois.legtux.org\/index.php?rest_route=\/wp\/v2\/posts\/364\/revisions\/369"}],"wp:featuredmedia":[{"embeddable":true,"href":"https:\/\/ferbos-jeanfrancois.legtux.org\/index.php?rest_route=\/wp\/v2\/media\/166"}],"wp:attachment":[{"href":"https:\/\/ferbos-jeanfrancois.legtux.org\/index.php?rest_route=%2Fwp%2Fv2%2Fmedia&parent=364"}],"wp:term":[{"taxonomy":"category","embeddable":true,"href":"https:\/\/ferbos-jeanfrancois.legtux.org\/index.php?rest_route=%2Fwp%2Fv2%2Fcategories&post=364"},{"taxonomy":"post_tag","embeddable":true,"href":"https:\/\/ferbos-jeanfrancois.legtux.org\/index.php?rest_route=%2Fwp%2Fv2%2Ftags&post=364"}],"curies":[{"name":"wp","href":"https:\/\/api.w.org\/{rel}","templated":true}]}}