{"id":905,"date":"2022-02-05T23:33:38","date_gmt":"2022-02-05T22:33:38","guid":{"rendered":"https:\/\/ferbos-jeanfrancois.legtux.org\/?p=905"},"modified":"2023-01-18T08:48:06","modified_gmt":"2023-01-18T07:48:06","slug":"seuil-n4-liris-2021","status":"publish","type":"post","link":"https:\/\/ferbos-jeanfrancois.legtux.org\/?p=905","title":{"rendered":"Seuil n\u00b04 : L&rsquo;IRIS  2021"},"content":{"rendered":"\n<figure class=\"wp-block-image size-large is-resized is-style-rounded\"><img data-recalc-dims=\"1\" loading=\"lazy\" decoding=\"async\" data-attachment-id=\"450\" data-permalink=\"https:\/\/ferbos-jeanfrancois.legtux.org\/?attachment_id=450\" data-orig-file=\"https:\/\/i0.wp.com\/ferbos-jeanfrancois.legtux.org\/wp-content\/uploads\/2022\/02\/self-portrait-EDLL.jpg?fit=2192%2C2062&amp;ssl=1\" data-orig-size=\"2192,2062\" data-comments-opened=\"1\" data-image-meta=\"{&quot;aperture&quot;:&quot;0&quot;,&quot;credit&quot;:&quot;&quot;,&quot;camera&quot;:&quot;&quot;,&quot;caption&quot;:&quot;&quot;,&quot;created_timestamp&quot;:&quot;0&quot;,&quot;copyright&quot;:&quot;&quot;,&quot;focal_length&quot;:&quot;0&quot;,&quot;iso&quot;:&quot;0&quot;,&quot;shutter_speed&quot;:&quot;0&quot;,&quot;title&quot;:&quot;&quot;,&quot;orientation&quot;:&quot;1&quot;}\" data-image-title=\"self-portrait-EDLL\" data-image-description=\"\" data-image-caption=\"\" data-large-file=\"https:\/\/i0.wp.com\/ferbos-jeanfrancois.legtux.org\/wp-content\/uploads\/2022\/02\/self-portrait-EDLL.jpg?fit=640%2C602&amp;ssl=1\" src=\"https:\/\/i0.wp.com\/ferbos-jeanfrancois.legtux.org\/wp-content\/uploads\/2022\/02\/self-portrait-EDLL-1024x963.jpg?resize=133%2C124&#038;ssl=1\" alt=\"\" class=\"wp-image-450\" width=\"133\" height=\"124\" srcset=\"https:\/\/i0.wp.com\/ferbos-jeanfrancois.legtux.org\/wp-content\/uploads\/2022\/02\/self-portrait-EDLL.jpg?resize=1024%2C963&amp;ssl=1 1024w, https:\/\/i0.wp.com\/ferbos-jeanfrancois.legtux.org\/wp-content\/uploads\/2022\/02\/self-portrait-EDLL.jpg?resize=300%2C282&amp;ssl=1 300w, https:\/\/i0.wp.com\/ferbos-jeanfrancois.legtux.org\/wp-content\/uploads\/2022\/02\/self-portrait-EDLL.jpg?resize=768%2C722&amp;ssl=1 768w, https:\/\/i0.wp.com\/ferbos-jeanfrancois.legtux.org\/wp-content\/uploads\/2022\/02\/self-portrait-EDLL.jpg?resize=1536%2C1445&amp;ssl=1 1536w, https:\/\/i0.wp.com\/ferbos-jeanfrancois.legtux.org\/wp-content\/uploads\/2022\/02\/self-portrait-EDLL.jpg?resize=2048%2C1927&amp;ssl=1 2048w, https:\/\/i0.wp.com\/ferbos-jeanfrancois.legtux.org\/wp-content\/uploads\/2022\/02\/self-portrait-EDLL.jpg?w=1280&amp;ssl=1 1280w, https:\/\/i0.wp.com\/ferbos-jeanfrancois.legtux.org\/wp-content\/uploads\/2022\/02\/self-portrait-EDLL.jpg?w=1920&amp;ssl=1 1920w\" sizes=\"auto, (max-width: 133px) 100vw, 133px\" \/><\/figure>\n\n\n\n<p class=\"wp-block-paragraph\">Huile sur toile 89&#215;130 cm<\/p>\n\n\n\n<p class=\"wp-block-paragraph\">Pour toute information sur l\u2019\u0153uvre; prix, livraison etc. Merci de vous adresser \u00e0 : <a rel=\"noreferrer noopener\" href=\"mailto:jf.ferbos@wanadoo.fr\" target=\"_blank\">jf.ferbos@wanadoo.fr<\/a> <\/p>\n\n\n\n<figure class=\"wp-block-embed aligncenter is-type-video is-provider-dailymotion wp-block-embed-dailymotion\"><div class=\"wp-block-embed__wrapper\">\n<iframe loading=\"lazy\" title=\"Seuil n\u00b04 : L\u2019IRIS 2021\" frameborder=\"0\" width=\"640\" height=\"362\" src=\"https:\/\/geo.dailymotion.com\/player.html?video=x8dfhnv&#038;\" allowfullscreen allow=\"autoplay; fullscreen; picture-in-picture; web-share\"><\/iframe>\n<\/div><figcaption class=\"wp-element-caption\">L&rsquo;Iris de pr\u00e8s<\/figcaption><\/figure>\n\n\n\n<p class=\"has-drop-cap wp-block-paragraph\">Seuil N\u00b04 est une huile sur toile (89&#215;130 cm) qui s&rsquo;inscrit dans la s\u00e9rie de mes tableaux traitant de la question du seuil, comme espace de transformation, de mutation et de mouvement. L\u2019\u0153il qui y est repr\u00e9sent\u00e9, portant sur lui le reflet de ce qu&rsquo;il est suppos\u00e9 voir, constitue un lieu de passage entre le dedans et le dehors, entre le regardeur et celui ou celle qui est regard\u00e9.<br><em>\u00ab Et c\u2019est parce que \u00e7a me regarde qu\u2019il m&rsquo;attire si paradoxalement, quelque fois plus, -et \u00e0 plus juste titre -que le regard de ma partenaire, car ce regard me refl\u00e8te apr\u00e8s tout et pour autant qu&rsquo;il me refl\u00e8te, il n&rsquo;est que mon reflet, bu\u00e9e imaginaire. \u00bb<\/em><br><strong>Lacan J., Le S\u00e9minaire, livre X<\/strong>, <strong><em>L\u2019angoisse<\/em><\/strong>, <strong>Paris, Seuil, 2004<\/strong>, <strong>p. 292-293<\/strong><\/p>\n\n\n\n<div style=\"height:100px\" aria-hidden=\"true\" class=\"wp-block-spacer\"><\/div>\n\n\n<div class=\"wp-block-image\">\n<figure class=\"aligncenter size-full\"><a href=\"https:\/\/i0.wp.com\/ferbos-jeanfrancois.legtux.org\/wp-content\/uploads\/2022\/02\/SEUIL-IRIS-NIKON-BIS-3-LE-BON-scaled.jpg?ssl=1\"><img data-recalc-dims=\"1\" loading=\"lazy\" decoding=\"async\" width=\"640\" height=\"440\" data-attachment-id=\"762\" data-permalink=\"https:\/\/ferbos-jeanfrancois.legtux.org\/?attachment_id=762\" data-orig-file=\"https:\/\/i0.wp.com\/ferbos-jeanfrancois.legtux.org\/wp-content\/uploads\/2022\/02\/SEUIL-IRIS-NIKON-BIS-3-LE-BON-scaled.jpg?fit=2560%2C1759&amp;ssl=1\" data-orig-size=\"2560,1759\" data-comments-opened=\"1\" data-image-meta=\"{&quot;aperture&quot;:&quot;0&quot;,&quot;credit&quot;:&quot;&quot;,&quot;camera&quot;:&quot;&quot;,&quot;caption&quot;:&quot;&quot;,&quot;created_timestamp&quot;:&quot;1616528629&quot;,&quot;copyright&quot;:&quot;&quot;,&quot;focal_length&quot;:&quot;0&quot;,&quot;iso&quot;:&quot;0&quot;,&quot;shutter_speed&quot;:&quot;0&quot;,&quot;title&quot;:&quot;&quot;,&quot;orientation&quot;:&quot;1&quot;}\" data-image-title=\"SEUIL-IRIS-NIKON-BIS-3-LE-BON\" data-image-description=\"\" data-image-caption=\"\" data-large-file=\"https:\/\/i0.wp.com\/ferbos-jeanfrancois.legtux.org\/wp-content\/uploads\/2022\/02\/SEUIL-IRIS-NIKON-BIS-3-LE-BON-scaled.jpg?fit=640%2C440&amp;ssl=1\" src=\"https:\/\/i0.wp.com\/ferbos-jeanfrancois.legtux.org\/wp-content\/uploads\/2022\/02\/SEUIL-IRIS-NIKON-BIS-3-LE-BON-scaled.jpg?resize=640%2C440&#038;ssl=1\" alt=\"Seuil n\u00b04 : L'IRIS - 2021\" class=\"wp-image-762\" srcset=\"https:\/\/i0.wp.com\/ferbos-jeanfrancois.legtux.org\/wp-content\/uploads\/2022\/02\/SEUIL-IRIS-NIKON-BIS-3-LE-BON-scaled.jpg?w=2560&amp;ssl=1 2560w, https:\/\/i0.wp.com\/ferbos-jeanfrancois.legtux.org\/wp-content\/uploads\/2022\/02\/SEUIL-IRIS-NIKON-BIS-3-LE-BON-scaled.jpg?resize=300%2C206&amp;ssl=1 300w, https:\/\/i0.wp.com\/ferbos-jeanfrancois.legtux.org\/wp-content\/uploads\/2022\/02\/SEUIL-IRIS-NIKON-BIS-3-LE-BON-scaled.jpg?resize=1024%2C704&amp;ssl=1 1024w, https:\/\/i0.wp.com\/ferbos-jeanfrancois.legtux.org\/wp-content\/uploads\/2022\/02\/SEUIL-IRIS-NIKON-BIS-3-LE-BON-scaled.jpg?resize=768%2C528&amp;ssl=1 768w, https:\/\/i0.wp.com\/ferbos-jeanfrancois.legtux.org\/wp-content\/uploads\/2022\/02\/SEUIL-IRIS-NIKON-BIS-3-LE-BON-scaled.jpg?resize=1536%2C1055&amp;ssl=1 1536w, https:\/\/i0.wp.com\/ferbos-jeanfrancois.legtux.org\/wp-content\/uploads\/2022\/02\/SEUIL-IRIS-NIKON-BIS-3-LE-BON-scaled.jpg?resize=2048%2C1407&amp;ssl=1 2048w, https:\/\/i0.wp.com\/ferbos-jeanfrancois.legtux.org\/wp-content\/uploads\/2022\/02\/SEUIL-IRIS-NIKON-BIS-3-LE-BON-scaled.jpg?w=1280&amp;ssl=1 1280w, https:\/\/i0.wp.com\/ferbos-jeanfrancois.legtux.org\/wp-content\/uploads\/2022\/02\/SEUIL-IRIS-NIKON-BIS-3-LE-BON-scaled.jpg?w=1920&amp;ssl=1 1920w\" sizes=\"auto, (max-width: 640px) 100vw, 640px\" \/><\/a><figcaption class=\"wp-element-caption\">L&rsquo;iris<\/figcaption><\/figure>\n<\/div>\n\n\n<p class=\"wp-block-paragraph\">Seuil N\u00b04 : L&rsquo;iris<br>Huile sur toile 89&#215;130 cm<br>2021<\/p>\n\n\n\n<p class=\"wp-block-paragraph\">Le seuil est un lieu de tensions o\u00f9 s\u2019affrontent les pulsions destructrices en jeu dans la relation \u00e0 l\u2019autre, mais aussi o\u00f9 naissent les cr\u00e9ations et constructions issues du lien social (et de la sublimation de ces pulsions).<\/p>\n\n\n\n<p class=\"wp-block-paragraph\">Je ne peux r\u00e9sister ici \u00e0 l\u2019envie de faire une analogie avec le propos de <strong>Jean-Marie Pontevia<\/strong> au sujet de la peinture comme lieu de la repr\u00e9sentation, car il met en \u00e9vidence la question du mouvement comme apparition \/ disparition, pour moi une modalit\u00e9 du tremblement. Il fait saillir des similitudes entre structure de la manifestation de la v\u00e9rit\u00e9 comme oscillation entre celer et d\u00e9celer, structure de la production picturale comme oscillation entre montrer et cacher et m\u00e9canismes du jeu \u00e9rotique comme oscillation entre occulter et exhiber. Selon lui, la peinture occidentale proc\u00e8de de l\u2019ombre, contrairement \u00e0 la peinture orientale qui proc\u00e8de du vide. En elle <em>\u00ab la lumi\u00e8re est amoureuse de l&rsquo;ombre, elle la baigne doucement, suavement dans cette intimit\u00e9 discr\u00e8te qu&rsquo;on appelle clair-obscur. (\u2026) C&rsquo;est cette tendresse de la lumi\u00e8re et de l&rsquo;ombre qui explique presque toute la peinture de l\u2019occident \u00bb<\/em> (<strong>PONTEVIA JM<\/strong>., p.26). Puis, parlant de l\u2019Ekphanestaton[1] comme apparition de lumi\u00e8re dans sa plus grande intensit\u00e9 avant de dispara\u00eetre en <em>\u00ab an\u00e9antissant la vision \u00bb<\/em>, voici ce qu\u2019il dit :&nbsp;<\/p>\n\n\n\n<p class=\"wp-block-paragraph\"><em>\u00ab Son deuxi\u00e8me effet, c\u2019est de suspendre la visibilit\u00e9 ; dans le scintillement, l\u2019objet dispara\u00eet masqu\u00e9 par son propre \u00e9clat. (\u2026) Cette suspension de la visibilit\u00e9 que provoque l\u2019\u00e9clat de la lumi\u00e8re pure et son \u00e9blouissement r\u00e9v\u00e8le soudainement que tout ce qui peut \u00eatre montr\u00e9 peut aussi \u00eatre retir\u00e9. C\u2019est en cela que tout scintillement pr\u00e9figure la mort. \u00bb<\/em> (op. cit., p.28).&nbsp;<\/p>\n\n\n\n\n","protected":false},"excerpt":{"rendered":"<p>Huile sur toile 89&#215;130 cm Pour toute information sur l\u2019\u0153uvre; prix, livraison etc. Merci de vous adresser \u00e0 : jf.ferbos@wanadoo.fr Seuil N\u00b04<\/p>\n<p class=\"link-more\"><a class=\"myButt \" href=\"https:\/\/ferbos-jeanfrancois.legtux.org\/?p=905\">Read More<\/a><\/p>\n","protected":false},"author":1,"featured_media":762,"comment_status":"closed","ping_status":"closed","sticky":false,"template":"","format":"standard","meta":{"_crdt_document":"","jetpack_post_was_ever_published":false,"_jetpack_newsletter_access":"","_jetpack_dont_email_post_to_subs":false,"_jetpack_newsletter_tier_id":0,"_jetpack_memberships_contains_paywalled_content":false,"_jetpack_memberships_contains_paid_content":false,"footnotes":"","jetpack_publicize_message":"","jetpack_publicize_feature_enabled":true,"jetpack_social_post_already_shared":false,"jetpack_social_options":{"image_generator_settings":{"template":"highway","default_image_id":0,"font":"","enabled":false},"version":2}},"categories":[27,24,45],"tags":[],"class_list":["post-905","post","type-post","status-publish","format-standard","has-post-thumbnail","hentry","category-jean-francois-ferbos","category-les-oeuvres-de-jean-francois-ferbos","category-videos-des-oeuvres"],"jetpack_publicize_connections":[],"jetpack_featured_media_url":"https:\/\/i0.wp.com\/ferbos-jeanfrancois.legtux.org\/wp-content\/uploads\/2022\/02\/SEUIL-IRIS-NIKON-BIS-3-LE-BON-scaled.jpg?fit=2560%2C1759&ssl=1","jetpack-related-posts":[{"id":416,"url":"https:\/\/ferbos-jeanfrancois.legtux.org\/?p=416","url_meta":{"origin":905,"position":0},"title":"\u0152uvres r\u00e9centes","author":"Cravan","date":"2 f\u00e9vrier 2022","format":false,"excerpt":"Pour toute information sur les \u0153uvres; prix, livraison etc. Merci de vous adresser \u00e0 : jf.ferbos@wanadoo.fr THE FUTURE - 2025 Huile sur toile 81x100 cm STREAM OF CONSCIOUSNESS-PARTIE 2-2024 - Huile sur toile 81x100 cm STREAM OF UNCONSCIOUSNESS - PARTIE 1 - 2024 - Huile sur toile 81x100 cm L'\u00c9TREINTE\u2026","rel":"","context":"Dans &quot;Galerie de Jean-Fran\u00e7ois Ferbos&quot;","block_context":{"text":"Galerie de Jean-Fran\u00e7ois Ferbos","link":"https:\/\/ferbos-jeanfrancois.legtux.org\/?cat=25"},"img":{"alt_text":"","src":"https:\/\/i0.wp.com\/ferbos-jeanfrancois.legtux.org\/wp-content\/uploads\/2022\/11\/MAZZOCCHIO-DETAIL-11-scaled.jpg?fit=1200%2C798&ssl=1&resize=350%2C200","width":350,"height":200,"srcset":"https:\/\/i0.wp.com\/ferbos-jeanfrancois.legtux.org\/wp-content\/uploads\/2022\/11\/MAZZOCCHIO-DETAIL-11-scaled.jpg?fit=1200%2C798&ssl=1&resize=350%2C200 1x, https:\/\/i0.wp.com\/ferbos-jeanfrancois.legtux.org\/wp-content\/uploads\/2022\/11\/MAZZOCCHIO-DETAIL-11-scaled.jpg?fit=1200%2C798&ssl=1&resize=525%2C300 1.5x, https:\/\/i0.wp.com\/ferbos-jeanfrancois.legtux.org\/wp-content\/uploads\/2022\/11\/MAZZOCCHIO-DETAIL-11-scaled.jpg?fit=1200%2C798&ssl=1&resize=700%2C400 2x, https:\/\/i0.wp.com\/ferbos-jeanfrancois.legtux.org\/wp-content\/uploads\/2022\/11\/MAZZOCCHIO-DETAIL-11-scaled.jpg?fit=1200%2C798&ssl=1&resize=1050%2C600 3x"},"classes":[]},{"id":1963,"url":"https:\/\/ferbos-jeanfrancois.legtux.org\/?p=1963","url_meta":{"origin":905,"position":1},"title":"L&rsquo;ATELIER &#8211; Jean-Fran\u00e7ois Ferbos","author":"Cravan","date":"9 octobre 2022","format":false,"excerpt":"En train de peindre Seuil N\u00b06 : Le mazzocchio Une histoire de famille et un hommage \u00e0 Jean Sabrier avec le Mazzocchio. https:\/\/youtu.be\/I0hFsM9UDFA L'Atelier","rel":"","context":"Dans &quot;Jean-Fran\u00e7ois Ferbos&quot;","block_context":{"text":"Jean-Fran\u00e7ois Ferbos","link":"https:\/\/ferbos-jeanfrancois.legtux.org\/?cat=27"},"img":{"alt_text":"","src":"https:\/\/i0.wp.com\/ferbos-jeanfrancois.legtux.org\/wp-content\/uploads\/2022\/10\/IMG_5793-scaled.jpg?fit=1200%2C900&ssl=1&resize=350%2C200","width":350,"height":200,"srcset":"https:\/\/i0.wp.com\/ferbos-jeanfrancois.legtux.org\/wp-content\/uploads\/2022\/10\/IMG_5793-scaled.jpg?fit=1200%2C900&ssl=1&resize=350%2C200 1x, https:\/\/i0.wp.com\/ferbos-jeanfrancois.legtux.org\/wp-content\/uploads\/2022\/10\/IMG_5793-scaled.jpg?fit=1200%2C900&ssl=1&resize=525%2C300 1.5x, https:\/\/i0.wp.com\/ferbos-jeanfrancois.legtux.org\/wp-content\/uploads\/2022\/10\/IMG_5793-scaled.jpg?fit=1200%2C900&ssl=1&resize=700%2C400 2x, https:\/\/i0.wp.com\/ferbos-jeanfrancois.legtux.org\/wp-content\/uploads\/2022\/10\/IMG_5793-scaled.jpg?fit=1200%2C900&ssl=1&resize=1050%2C600 3x"},"classes":[]},{"id":2944,"url":"https:\/\/ferbos-jeanfrancois.legtux.org\/?p=2944","url_meta":{"origin":905,"position":2},"title":"The Future &#8211; Mars 2025","author":"Cravan","date":"6 mars 2025","format":false,"excerpt":"Huile sur toile 81x100 cm https:\/\/youtu.be\/an2fL4HgVqM","rel":"","context":"Dans &quot;Jean-Fran\u00e7ois Ferbos&quot;","block_context":{"text":"Jean-Fran\u00e7ois Ferbos","link":"https:\/\/ferbos-jeanfrancois.legtux.org\/?cat=27"},"img":{"alt_text":"","src":"https:\/\/i0.wp.com\/ferbos-jeanfrancois.legtux.org\/wp-content\/uploads\/2025\/03\/THE-FUTURE-DETAIL-1-2-scaled.jpg?fit=1200%2C800&ssl=1&resize=350%2C200","width":350,"height":200,"srcset":"https:\/\/i0.wp.com\/ferbos-jeanfrancois.legtux.org\/wp-content\/uploads\/2025\/03\/THE-FUTURE-DETAIL-1-2-scaled.jpg?fit=1200%2C800&ssl=1&resize=350%2C200 1x, https:\/\/i0.wp.com\/ferbos-jeanfrancois.legtux.org\/wp-content\/uploads\/2025\/03\/THE-FUTURE-DETAIL-1-2-scaled.jpg?fit=1200%2C800&ssl=1&resize=525%2C300 1.5x, https:\/\/i0.wp.com\/ferbos-jeanfrancois.legtux.org\/wp-content\/uploads\/2025\/03\/THE-FUTURE-DETAIL-1-2-scaled.jpg?fit=1200%2C800&ssl=1&resize=700%2C400 2x, https:\/\/i0.wp.com\/ferbos-jeanfrancois.legtux.org\/wp-content\/uploads\/2025\/03\/THE-FUTURE-DETAIL-1-2-scaled.jpg?fit=1200%2C800&ssl=1&resize=1050%2C600 3x"},"classes":[]},{"id":1803,"url":"https:\/\/ferbos-jeanfrancois.legtux.org\/?p=1803","url_meta":{"origin":905,"position":3},"title":"Interview de l&rsquo;artiste Jean-Fran\u00e7ois Ferbos.","author":"Cravan","date":"25 mai 2022","format":false,"excerpt":"Portraits d'artistes Artmajeur Selena Mattei Qu\u2019est ce qui vous a pouss\u00e9 \u00e0 devenir un artiste ? Quel est votre parcours ?\u00a0 Le milieu dont je suis issu avec un beau-p\u00e8re artiste m'a instill\u00e9 le go\u00fbt de l'art et de la cr\u00e9ation. Par ailleurs, j'ai tr\u00e8s vite ressenti le besoin d'exprimer\u2026","rel":"","context":"Dans &quot;Jean-Fran\u00e7ois Ferbos&quot;","block_context":{"text":"Jean-Fran\u00e7ois Ferbos","link":"https:\/\/ferbos-jeanfrancois.legtux.org\/?cat=27"},"img":{"alt_text":"Seuil n\u00b04 : L'IRIS - 2021","src":"https:\/\/i0.wp.com\/ferbos-jeanfrancois.legtux.org\/wp-content\/uploads\/2022\/02\/SEUIL-IRIS-NIKON-BIS-3-LE-BON-scaled.jpg?fit=1200%2C825&ssl=1&resize=350%2C200","width":350,"height":200,"srcset":"https:\/\/i0.wp.com\/ferbos-jeanfrancois.legtux.org\/wp-content\/uploads\/2022\/02\/SEUIL-IRIS-NIKON-BIS-3-LE-BON-scaled.jpg?fit=1200%2C825&ssl=1&resize=350%2C200 1x, https:\/\/i0.wp.com\/ferbos-jeanfrancois.legtux.org\/wp-content\/uploads\/2022\/02\/SEUIL-IRIS-NIKON-BIS-3-LE-BON-scaled.jpg?fit=1200%2C825&ssl=1&resize=525%2C300 1.5x, https:\/\/i0.wp.com\/ferbos-jeanfrancois.legtux.org\/wp-content\/uploads\/2022\/02\/SEUIL-IRIS-NIKON-BIS-3-LE-BON-scaled.jpg?fit=1200%2C825&ssl=1&resize=700%2C400 2x, https:\/\/i0.wp.com\/ferbos-jeanfrancois.legtux.org\/wp-content\/uploads\/2022\/02\/SEUIL-IRIS-NIKON-BIS-3-LE-BON-scaled.jpg?fit=1200%2C825&ssl=1&resize=1050%2C600 3x"},"classes":[]},{"id":3061,"url":"https:\/\/ferbos-jeanfrancois.legtux.org\/?p=3061","url_meta":{"origin":905,"position":4},"title":"Ceci n&rsquo;est pas un coureur&#8230;","author":"Cravan","date":"18 juillet 2025","format":false,"excerpt":"... peut-\u00eatre une cavali\u00e8re avec son cheval? Huile sur toile 50x61 cm Jean-Fran\u00e7ois Ferbos 2025 Un homme est en train de courir dans une for\u00eat. Ses arbres, tendus vers le ciel tels les cordes d'une harpe, viennent faire coupure dans une continuit\u00e9 spatiale, rythmant ainsi la foul\u00e9e d'une course impossible.\u2026","rel":"","context":"Dans &quot;Jean-Fran\u00e7ois Ferbos&quot;","block_context":{"text":"Jean-Fran\u00e7ois Ferbos","link":"https:\/\/ferbos-jeanfrancois.legtux.org\/?cat=27"},"img":{"alt_text":"","src":"https:\/\/i0.wp.com\/ferbos-jeanfrancois.legtux.org\/wp-content\/uploads\/2025\/07\/DETAIL-2-CECI-N-EST-PAS-UN-COUREUR-scaled.jpg?fit=1200%2C800&ssl=1&resize=350%2C200","width":350,"height":200,"srcset":"https:\/\/i0.wp.com\/ferbos-jeanfrancois.legtux.org\/wp-content\/uploads\/2025\/07\/DETAIL-2-CECI-N-EST-PAS-UN-COUREUR-scaled.jpg?fit=1200%2C800&ssl=1&resize=350%2C200 1x, https:\/\/i0.wp.com\/ferbos-jeanfrancois.legtux.org\/wp-content\/uploads\/2025\/07\/DETAIL-2-CECI-N-EST-PAS-UN-COUREUR-scaled.jpg?fit=1200%2C800&ssl=1&resize=525%2C300 1.5x, https:\/\/i0.wp.com\/ferbos-jeanfrancois.legtux.org\/wp-content\/uploads\/2025\/07\/DETAIL-2-CECI-N-EST-PAS-UN-COUREUR-scaled.jpg?fit=1200%2C800&ssl=1&resize=700%2C400 2x, https:\/\/i0.wp.com\/ferbos-jeanfrancois.legtux.org\/wp-content\/uploads\/2025\/07\/DETAIL-2-CECI-N-EST-PAS-UN-COUREUR-scaled.jpg?fit=1200%2C800&ssl=1&resize=1050%2C600 3x"},"classes":[]},{"id":1814,"url":"https:\/\/ferbos-jeanfrancois.legtux.org\/?p=1814","url_meta":{"origin":905,"position":5},"title":"Les palmes","author":"Cravan","date":"29 mai 2022","format":false,"excerpt":"Huile sur toile - 90x90 cm - mai 2022 Collection priv\u00e9e","rel":"","context":"Dans &quot;Jean-Fran\u00e7ois Ferbos&quot;","block_context":{"text":"Jean-Fran\u00e7ois Ferbos","link":"https:\/\/ferbos-jeanfrancois.legtux.org\/?cat=27"},"img":{"alt_text":"","src":"https:\/\/i0.wp.com\/ferbos-jeanfrancois.legtux.org\/wp-content\/uploads\/2022\/05\/LES-PALMES-NIKON-DETAIL1-leger-scaled.jpg?fit=1200%2C800&ssl=1&resize=350%2C200","width":350,"height":200,"srcset":"https:\/\/i0.wp.com\/ferbos-jeanfrancois.legtux.org\/wp-content\/uploads\/2022\/05\/LES-PALMES-NIKON-DETAIL1-leger-scaled.jpg?fit=1200%2C800&ssl=1&resize=350%2C200 1x, https:\/\/i0.wp.com\/ferbos-jeanfrancois.legtux.org\/wp-content\/uploads\/2022\/05\/LES-PALMES-NIKON-DETAIL1-leger-scaled.jpg?fit=1200%2C800&ssl=1&resize=525%2C300 1.5x, https:\/\/i0.wp.com\/ferbos-jeanfrancois.legtux.org\/wp-content\/uploads\/2022\/05\/LES-PALMES-NIKON-DETAIL1-leger-scaled.jpg?fit=1200%2C800&ssl=1&resize=700%2C400 2x, https:\/\/i0.wp.com\/ferbos-jeanfrancois.legtux.org\/wp-content\/uploads\/2022\/05\/LES-PALMES-NIKON-DETAIL1-leger-scaled.jpg?fit=1200%2C800&ssl=1&resize=1050%2C600 3x"},"classes":[]}],"jetpack_likes_enabled":true,"jetpack_sharing_enabled":true,"_links":{"self":[{"href":"https:\/\/ferbos-jeanfrancois.legtux.org\/index.php?rest_route=\/wp\/v2\/posts\/905","targetHints":{"allow":["GET"]}}],"collection":[{"href":"https:\/\/ferbos-jeanfrancois.legtux.org\/index.php?rest_route=\/wp\/v2\/posts"}],"about":[{"href":"https:\/\/ferbos-jeanfrancois.legtux.org\/index.php?rest_route=\/wp\/v2\/types\/post"}],"author":[{"embeddable":true,"href":"https:\/\/ferbos-jeanfrancois.legtux.org\/index.php?rest_route=\/wp\/v2\/users\/1"}],"replies":[{"embeddable":true,"href":"https:\/\/ferbos-jeanfrancois.legtux.org\/index.php?rest_route=%2Fwp%2Fv2%2Fcomments&post=905"}],"version-history":[{"count":10,"href":"https:\/\/ferbos-jeanfrancois.legtux.org\/index.php?rest_route=\/wp\/v2\/posts\/905\/revisions"}],"predecessor-version":[{"id":2138,"href":"https:\/\/ferbos-jeanfrancois.legtux.org\/index.php?rest_route=\/wp\/v2\/posts\/905\/revisions\/2138"}],"wp:featuredmedia":[{"embeddable":true,"href":"https:\/\/ferbos-jeanfrancois.legtux.org\/index.php?rest_route=\/wp\/v2\/media\/762"}],"wp:attachment":[{"href":"https:\/\/ferbos-jeanfrancois.legtux.org\/index.php?rest_route=%2Fwp%2Fv2%2Fmedia&parent=905"}],"wp:term":[{"taxonomy":"category","embeddable":true,"href":"https:\/\/ferbos-jeanfrancois.legtux.org\/index.php?rest_route=%2Fwp%2Fv2%2Fcategories&post=905"},{"taxonomy":"post_tag","embeddable":true,"href":"https:\/\/ferbos-jeanfrancois.legtux.org\/index.php?rest_route=%2Fwp%2Fv2%2Ftags&post=905"}],"curies":[{"name":"wp","href":"https:\/\/api.w.org\/{rel}","templated":true}]}}