{"id":975,"date":"2022-02-05T16:27:26","date_gmt":"2022-02-05T15:27:26","guid":{"rendered":"https:\/\/ferbos-jeanfrancois.legtux.org\/?p=975"},"modified":"2022-02-05T17:44:01","modified_gmt":"2022-02-05T16:44:01","slug":"jean-sabrier-par-arturo-schwarz","status":"publish","type":"post","link":"https:\/\/ferbos-jeanfrancois.legtux.org\/?p=975","title":{"rendered":"Jean Sabrier par Arturo Schwarz"},"content":{"rendered":"\n<figure class=\"wp-block-image size-full is-resized is-style-rounded\"><img data-recalc-dims=\"1\" loading=\"lazy\" decoding=\"async\" data-attachment-id=\"978\" data-permalink=\"https:\/\/ferbos-jeanfrancois.legtux.org\/?attachment_id=978\" data-orig-file=\"https:\/\/i0.wp.com\/ferbos-jeanfrancois.legtux.org\/wp-content\/uploads\/2022\/02\/Jean-logo.jpg?fit=613%2C327&amp;ssl=1\" data-orig-size=\"613,327\" data-comments-opened=\"1\" data-image-meta=\"{&quot;aperture&quot;:&quot;0&quot;,&quot;credit&quot;:&quot;&quot;,&quot;camera&quot;:&quot;&quot;,&quot;caption&quot;:&quot;&quot;,&quot;created_timestamp&quot;:&quot;0&quot;,&quot;copyright&quot;:&quot;&quot;,&quot;focal_length&quot;:&quot;0&quot;,&quot;iso&quot;:&quot;0&quot;,&quot;shutter_speed&quot;:&quot;0&quot;,&quot;title&quot;:&quot;&quot;,&quot;orientation&quot;:&quot;1&quot;}\" data-image-title=\"Jean-logo\" data-image-description=\"\" data-image-caption=\"\" data-large-file=\"https:\/\/i0.wp.com\/ferbos-jeanfrancois.legtux.org\/wp-content\/uploads\/2022\/02\/Jean-logo.jpg?fit=613%2C327&amp;ssl=1\" src=\"https:\/\/i0.wp.com\/ferbos-jeanfrancois.legtux.org\/wp-content\/uploads\/2022\/02\/Jean-logo.jpg?resize=322%2C172&#038;ssl=1\" alt=\"\" class=\"wp-image-978\" width=\"322\" height=\"172\" srcset=\"https:\/\/i0.wp.com\/ferbos-jeanfrancois.legtux.org\/wp-content\/uploads\/2022\/02\/Jean-logo.jpg?w=613&amp;ssl=1 613w, https:\/\/i0.wp.com\/ferbos-jeanfrancois.legtux.org\/wp-content\/uploads\/2022\/02\/Jean-logo.jpg?resize=300%2C160&amp;ssl=1 300w\" sizes=\"auto, (max-width: 322px) 100vw, 322px\" \/><\/figure>\n\n\n\n<h3 class=\"wp-block-heading\" id=\"jean-sabrier-un-poete-des-profondeurs\">Jean Sabrier, un po\u00e8te des profondeurs<\/h3>\n\n\n\n<p class=\"has-drop-cap wp-block-paragraph\">Je le sais fort bien, \u00e0 chaque g\u00e9n\u00e9ration certains s\u2019exclament \u00ab<small>&nbsp;<\/small>le monde n\u2019est plus ce qu\u2019il \u00e9tait.<small>&nbsp;<\/small>\u00bb Sommes-nous s\u00fbrs que cette fois-ci nous r\u00e9citons une rengaine<small>&nbsp;<\/small>? L\u2019industrie de la viande d\u00e9vore notre plan\u00e8te, la d\u00e9gradation des rapports humains, l\u2019expansion des fondamentalismes, les monopoles industriels internationaux qui gouvernent plus encore que les organismes \u00e9tatiques nationaux \u2013 sont autant de ph\u00e9nom\u00e8nes qui lentement, mais s\u00fbrement, transformeront notre monde en un enfer quotidien. Peut-\u00eatre que la jeunesse \u2013 comme l\u2019esp\u00e9rait Andr\u00e9 Breton \u2013 aura son mot \u00e0 dire et le fera avec assez de force pour arr\u00eater cette course vers l\u2019ab\u00eeme. Jean Sabrier, comme beaucoup d\u2019entre nous est parfaitement conscient de cet \u00e9tat de choses. En outre \u2013 ce qui n\u2019est pas sans laisser de profondes traces \u2013 le destin de sa premi\u00e8re jeunesse est constell\u00e9 d\u2019\u00e9v\u00e9nements aussi tragiques qu\u2019initiatiques. Jean d\u00e9couvre \u00e0 quinze ans \u2013 gr\u00e2ce \u00e0 un jeune po\u00e8te, son ain\u00e9 de trois ans qui se suicidera \u00e0 l\u2019\u00e2ge de 24 ans \u2013 Henri Michaux, Antonin Artaud et Georges Trakl.<\/p>\n\n\n\n<p class=\"wp-block-paragraph\">Lors d\u2019un s\u00e9jour \u00e0 Londres il rencontre le fils d\u2019un diplomate iranien ayant \u00e9pous\u00e9 une enseignante fran\u00e7aise. Ce jeune po\u00e8te \u2013 au destin tout aussi dramatique&nbsp;: il se pendra dans son jardin \u00e0 19 ans \u2013 l\u2019initie \u00e0 la peinture. Tr\u00e8s jeunes les deux amis partageaient davantage l\u2019aventure spirituelle des animateurs du Grand Jeu \u2013 Lecomte et Daumal \u2013 plut\u00f4t que celle du Surr\u00e9alisme. Pour Jean Sabrier cependant, Georges Bataille et Maurice Blanchot sont alors les \u00e9crivains qui importaient le plus.<\/p>\n\n\n\n<p class=\"wp-block-paragraph\">C\u2019est \u00e0 travers Alain Jouffroy que Jean Sabrier rencontre le Surr\u00e9alisme. Jeune peintre, \u00e0 la vue d\u2019une s\u00e9rie de catalogues de Bram Van Velde il d\u00e9cide d\u2019abandonner la peinture. Le Surr\u00e9alisme l\u2019incite \u00e0 concilier la po\u00e9sie et certaines formes de litt\u00e9rature et de peinture. Andr\u00e9 Masson, Leonora Carrington sont parmi les artistes qui l\u2019\u00e9meuvent le plus. Plus tard \u2013 d\u00e8s les ann\u00e9es soixante-dix \u2013 c\u2019est Marcel Duchamp qui retiendra le plus son int\u00e9r\u00eat. Je m\u2019arr\u00eaterai ici \u00e0 un seul aspect de l\u2019activit\u00e9 artistique de Sabrier, celui inspir\u00e9 par les \u0153uvres optiques-cin\u00e9tiques de Marcel Duchamp. Celui-ci pr\u00e9cisait \u00e0 William Seitz, \u00ab<small>&nbsp;<\/small>\u00eatre peintre pour le plaisir d\u2019\u00eatre peintre n\u2019a jamais \u00e9t\u00e9 le but ultime de ma vie. C\u2019est pourquoi j\u2019ai tent\u00e9 d\u2019autres formes d\u2019activit\u00e9 \u2013 des choses purement optiques ou cin\u00e9tiques {note}.<small>&nbsp;<\/small>\u00bb. Naissent ainsi, d\u00e8s 1918, et en rapide succession&nbsp;: <em>St\u00e9r\u00e9oscopie \u00e0 la main<\/em> (1918-19), <em>Rotative Plaques de Verre \u2013 Optique de pr\u00e9cision<\/em> (1920), <em>Disques \u00e0 spirales<\/em> (1923), <em>Rotative<\/em> <em>Demi-Sph\u00e8re \u2013 Optique de pr\u00e9cision<\/em> (1925) et, une dizaine d\u2019ann\u00e9es plus tard, <em>Rotorelief \u2013 Disques optiques<\/em> (1935).<\/p>\n\n\n\n<p class=\"wp-block-paragraph\">Nul doute que ce d\u00e9sir sp\u00e9culatif de recherche incitera Jean Sabrier \u00e0 explorer, \u00e0 son tour, un monde o\u00f9 l\u2019artiste donne \u00e0 voir au spectateur l\u2019illusion de la profondeur gr\u00e2ce \u00e0 un artifice optique ou cin\u00e9tique. Mais avec Jean, et pour cause, aucun besoin de cin\u00e9tisme puisqu\u2019il s\u2019agit de st\u00e9r\u00e9ogrammes (ici 12 sont tir\u00e9s \u00e0 26 exemplaires et pr\u00e9sent\u00e9s dans un embo\u00eetage \u00e9dit\u00e9 en septembre 2007).Nous pouvons ainsi admirer, en toute commodit\u00e9 et sans bouger de notre chaise, plusieurs versions de certaines des \u0153uvres \u00e0 peine cit\u00e9es&nbsp;: <em>Rotative Plaques de Verre \u2013 Optique de pr\u00e9cision<\/em> (1920), deux variantes de <em>Rotative Demi-Sph\u00e8re \u2013 Optique de pr\u00e9cision<\/em> (1925). Au tout s\u2019ajoute une <em>Horloge au Mazzocchio<\/em> <em>coiffant l\u2019\u00e9claboussure,<\/em> \u00e9galement saisissante.<\/p>\n\n\n\n<p class=\"wp-block-paragraph\">Arturo Schwarz<\/p>\n\n\n\n<p class=\"wp-block-paragraph\">Juin 2012<\/p>\n\n\n\n<p class=\"wp-block-paragraph\"><a href=\"https:\/\/dda-nouvelle-aquitaine.org\/IMG\/media\/docs\/SchwarzSabrier.pdf\"><\/a><\/p>\n\n\n\n<div data-wp-interactive=\"core\/file\" class=\"wp-block-file\"><object data-wp-bind--hidden=\"!state.hasPdfPreview\" hidden class=\"wp-block-file__embed\" data=\"https:\/\/ferbos-jeanfrancois.legtux.org\/wp-content\/uploads\/2022\/02\/SchwarzSabrier.pdf\" type=\"application\/pdf\" style=\"width:100%;height:436px\" aria-label=\"Contenu embarqu\u00e9 Embed of SchwarzSabrier..\"><\/object><a id=\"wp-block-file--media-b641533a-7f81-4806-a462-7ebc912f494b\" href=\"https:\/\/ferbos-jeanfrancois.legtux.org\/wp-content\/uploads\/2022\/02\/SchwarzSabrier.pdf\">SchwarzSabrier<\/a><a href=\"https:\/\/ferbos-jeanfrancois.legtux.org\/wp-content\/uploads\/2022\/02\/SchwarzSabrier.pdf\" class=\"wp-block-file__button\" download aria-describedby=\"wp-block-file--media-b641533a-7f81-4806-a462-7ebc912f494b\">T\u00e9l\u00e9charger<\/a><\/div>\n","protected":false},"excerpt":{"rendered":"<p>Jean Sabrier, un po\u00e8te des profondeurs Je le sais fort bien, \u00e0 chaque g\u00e9n\u00e9ration certains s\u2019exclament \u00ab&nbsp;le monde n\u2019est plus ce qu\u2019il<\/p>\n<p class=\"link-more\"><a class=\"myButt \" href=\"https:\/\/ferbos-jeanfrancois.legtux.org\/?p=975\">Read More<\/a><\/p>\n","protected":false},"author":1,"featured_media":981,"comment_status":"closed","ping_status":"closed","sticky":false,"template":"","format":"standard","meta":{"_crdt_document":"","jetpack_post_was_ever_published":false,"_jetpack_newsletter_access":"","_jetpack_dont_email_post_to_subs":false,"_jetpack_newsletter_tier_id":0,"_jetpack_memberships_contains_paywalled_content":false,"_jetpack_memberships_contains_paid_content":false,"footnotes":"","jetpack_publicize_message":"","jetpack_publicize_feature_enabled":true,"jetpack_social_post_already_shared":false,"jetpack_social_options":{"image_generator_settings":{"template":"highway","default_image_id":0,"font":"","enabled":false},"version":2}},"categories":[17,48],"tags":[],"class_list":["post-975","post","type-post","status-publish","format-standard","has-post-thumbnail","hentry","category-des-artistes","category-jean-sabrier"],"jetpack_publicize_connections":[],"jetpack_featured_media_url":"https:\/\/i0.wp.com\/ferbos-jeanfrancois.legtux.org\/wp-content\/uploads\/2022\/02\/jean2-scaled.jpg?fit=2560%2C2417&ssl=1","jetpack-related-posts":[{"id":996,"url":"https:\/\/ferbos-jeanfrancois.legtux.org\/?p=996","url_meta":{"origin":975,"position":0},"title":"Jean Sabrier  : exposition au mus\u00e9e Jean Cocteau","author":"Cravan","date":"5 f\u00e9vrier 2022","format":false,"excerpt":"Du 6 novembre 2011 au 7 mai 2012 Mazzocchio sublime L\u2019exposition inaugurale du mus\u00e9e Jean Cocteau collection S\u00e9verin Wunderman est consacr\u00e9e \u00e0 Jean Sabrier, artiste fran\u00e7ais n\u00e9 en 1951 et vivant \u00e0 Bordeaux. Elle pr\u00e9sente pr\u00e8s de soixante peintures, dessins, photographies, objets et animations vid\u00e9o r\u00e9alis\u00e9s par l\u2019artiste entre 1975\u2026","rel":"","context":"Dans &quot;Des artistes&quot;","block_context":{"text":"Des artistes","link":"https:\/\/ferbos-jeanfrancois.legtux.org\/?cat=17"},"img":{"alt_text":"","src":"https:\/\/i0.wp.com\/ferbos-jeanfrancois.legtux.org\/wp-content\/uploads\/2022\/02\/baniere.jpg?fit=1013%2C1200&ssl=1&resize=350%2C200","width":350,"height":200,"srcset":"https:\/\/i0.wp.com\/ferbos-jeanfrancois.legtux.org\/wp-content\/uploads\/2022\/02\/baniere.jpg?fit=1013%2C1200&ssl=1&resize=350%2C200 1x, https:\/\/i0.wp.com\/ferbos-jeanfrancois.legtux.org\/wp-content\/uploads\/2022\/02\/baniere.jpg?fit=1013%2C1200&ssl=1&resize=525%2C300 1.5x, https:\/\/i0.wp.com\/ferbos-jeanfrancois.legtux.org\/wp-content\/uploads\/2022\/02\/baniere.jpg?fit=1013%2C1200&ssl=1&resize=700%2C400 2x"},"classes":[]},{"id":991,"url":"https:\/\/ferbos-jeanfrancois.legtux.org\/?p=991","url_meta":{"origin":975,"position":1},"title":"Jean Sabrier par C\u00e9lia Bernasconi","author":"Cravan","date":"5 f\u00e9vrier 2022","format":false,"excerpt":"https:\/\/youtu.be\/H3sCbErIPvU","rel":"","context":"Dans &quot;Des artistes&quot;","block_context":{"text":"Des artistes","link":"https:\/\/ferbos-jeanfrancois.legtux.org\/?cat=17"},"img":{"alt_text":"","src":"https:\/\/i0.wp.com\/ferbos-jeanfrancois.legtux.org\/wp-content\/uploads\/2022\/02\/Jean-peint.jpg?fit=396%2C508&ssl=1&resize=350%2C200","width":350,"height":200},"classes":[]},{"id":2236,"url":"https:\/\/ferbos-jeanfrancois.legtux.org\/?p=2236","url_meta":{"origin":975,"position":2},"title":"Jean Sabrier, Ce qu\u2019on ne voit pas","author":"Cravan","date":"24 mars 2023","format":false,"excerpt":"Exposition Jean Sabrier au CAPC \u00e0 Bordeaux Commissaire de l'exposition : Alice Cavender Au CAPC \u00e0 Bordeaux. \u00c0 ne pas rater! Avec notamment, \"Le cristal liquide\", une belle approche de la sublimation par Jean Sabrier, tant dans sa dimension chimique que celle du processus pulsionnel en jeu dans un acte\u2026","rel":"","context":"Dans &quot;Cr\u00e9ations&quot;","block_context":{"text":"Cr\u00e9ations","link":"https:\/\/ferbos-jeanfrancois.legtux.org\/?cat=28"},"img":{"alt_text":"","src":"https:\/\/i0.wp.com\/ferbos-jeanfrancois.legtux.org\/wp-content\/uploads\/2023\/03\/51.jpg?fit=874%2C874&ssl=1&resize=350%2C200","width":350,"height":200,"srcset":"https:\/\/i0.wp.com\/ferbos-jeanfrancois.legtux.org\/wp-content\/uploads\/2023\/03\/51.jpg?fit=874%2C874&ssl=1&resize=350%2C200 1x, https:\/\/i0.wp.com\/ferbos-jeanfrancois.legtux.org\/wp-content\/uploads\/2023\/03\/51.jpg?fit=874%2C874&ssl=1&resize=525%2C300 1.5x, https:\/\/i0.wp.com\/ferbos-jeanfrancois.legtux.org\/wp-content\/uploads\/2023\/03\/51.jpg?fit=874%2C874&ssl=1&resize=700%2C400 2x"},"classes":[]},{"id":2715,"url":"https:\/\/ferbos-jeanfrancois.legtux.org\/?p=2715","url_meta":{"origin":975,"position":3},"title":"Jean Sabrier raconte : parole d&rsquo;un artiste bordelais","author":"Cravan","date":"23 f\u00e9vrier 2024","format":false,"excerpt":"Mus\u00e9e Jean Cocteau, Du 6 novembre 2011 au 7 mai 2012 R\u00e9alisation Sacha B\u00e9raud \"Papier creux, intervalle inframince sans qu'il y ait pour cela deux feuilles\" M. Duchamp","rel":"","context":"Dans &quot;Cr\u00e9ations&quot;","block_context":{"text":"Cr\u00e9ations","link":"https:\/\/ferbos-jeanfrancois.legtux.org\/?cat=28"},"img":{"alt_text":"","src":"https:\/\/i0.wp.com\/ferbos-jeanfrancois.legtux.org\/wp-content\/uploads\/2022\/02\/jeansabrier_09-expococteau.jpg?fit=452%2C600&ssl=1&resize=350%2C200","width":350,"height":200},"classes":[]},{"id":1009,"url":"https:\/\/ferbos-jeanfrancois.legtux.org\/?p=1009","url_meta":{"origin":975,"position":4},"title":"Jean Sabrier : hommages","author":"Cravan","date":"5 f\u00e9vrier 2022","format":false,"excerpt":"Alice Cavender https:\/\/youtu.be\/_Uki2J4htgk Marc Saboya https:\/\/youtu.be\/SM26C3Qd0PI Mathias Pontevia https:\/\/youtu.be\/5jtm3xgXPVk Didier Mathieu https:\/\/youtu.be\/djRtFNup3Gw Yannick Miloux https:\/\/youtu.be\/I9OiME4GwCE Didier Vergnaud https:\/\/youtu.be\/SqoD81jJzqA Didier Arnaudet https:\/\/youtu.be\/GUABILgoC5I Il faut placer le curseur sur 14 minutes pour le d\u00e9but de la vid\u00e9o!","rel":"","context":"Dans &quot;Des artistes&quot;","block_context":{"text":"Des artistes","link":"https:\/\/ferbos-jeanfrancois.legtux.org\/?cat=17"},"img":{"alt_text":"","src":"https:\/\/i0.wp.com\/ferbos-jeanfrancois.legtux.org\/wp-content\/uploads\/2022\/02\/jean4.jpg?resize=350%2C200&ssl=1","width":350,"height":200,"srcset":"https:\/\/i0.wp.com\/ferbos-jeanfrancois.legtux.org\/wp-content\/uploads\/2022\/02\/jean4.jpg?resize=350%2C200&ssl=1 1x, https:\/\/i0.wp.com\/ferbos-jeanfrancois.legtux.org\/wp-content\/uploads\/2022\/02\/jean4.jpg?resize=525%2C300&ssl=1 1.5x, https:\/\/i0.wp.com\/ferbos-jeanfrancois.legtux.org\/wp-content\/uploads\/2022\/02\/jean4.jpg?resize=700%2C400&ssl=1 2x"},"classes":[]},{"id":1602,"url":"https:\/\/ferbos-jeanfrancois.legtux.org\/?p=1602","url_meta":{"origin":975,"position":5},"title":"Disputatio Vid\u00e9o-sonore &#8211; Po\u00e9sie et art contemporain &#8211; 2012","author":"Cravan","date":"20 mars 2022","format":false,"excerpt":"Samedi 10 mars, \u00e0 Bordeaux dans la halle des Chartrons, lors d'une soir\u00e9e \"po\u00e9sie et art contemporain\", improvisant sur leurs instruments, Mathias Pontevia, \u00e0 la batterie horizontale, et Yann Saboya aux guitares \u00e9lectriques,sont entr\u00e9s en discussion avec une animation de l'artiste bordelais Jean Sabrier. https:\/\/youtu.be\/c7PiHZ_KjaU Version YTB https:\/\/www.dailymotion.com\/video\/xpdxqr","rel":"","context":"Dans &quot;Cr\u00e9ations&quot;","block_context":{"text":"Cr\u00e9ations","link":"https:\/\/ferbos-jeanfrancois.legtux.org\/?cat=28"},"img":{"alt_text":"","src":"https:\/\/i0.wp.com\/ferbos-jeanfrancois.legtux.org\/wp-content\/uploads\/2022\/03\/poesie-art-chartrons-sabrier-pontevia-saboya.jpg?fit=960%2C720&ssl=1&resize=350%2C200","width":350,"height":200,"srcset":"https:\/\/i0.wp.com\/ferbos-jeanfrancois.legtux.org\/wp-content\/uploads\/2022\/03\/poesie-art-chartrons-sabrier-pontevia-saboya.jpg?fit=960%2C720&ssl=1&resize=350%2C200 1x, https:\/\/i0.wp.com\/ferbos-jeanfrancois.legtux.org\/wp-content\/uploads\/2022\/03\/poesie-art-chartrons-sabrier-pontevia-saboya.jpg?fit=960%2C720&ssl=1&resize=525%2C300 1.5x, https:\/\/i0.wp.com\/ferbos-jeanfrancois.legtux.org\/wp-content\/uploads\/2022\/03\/poesie-art-chartrons-sabrier-pontevia-saboya.jpg?fit=960%2C720&ssl=1&resize=700%2C400 2x"},"classes":[]}],"jetpack_likes_enabled":true,"jetpack_sharing_enabled":true,"_links":{"self":[{"href":"https:\/\/ferbos-jeanfrancois.legtux.org\/index.php?rest_route=\/wp\/v2\/posts\/975","targetHints":{"allow":["GET"]}}],"collection":[{"href":"https:\/\/ferbos-jeanfrancois.legtux.org\/index.php?rest_route=\/wp\/v2\/posts"}],"about":[{"href":"https:\/\/ferbos-jeanfrancois.legtux.org\/index.php?rest_route=\/wp\/v2\/types\/post"}],"author":[{"embeddable":true,"href":"https:\/\/ferbos-jeanfrancois.legtux.org\/index.php?rest_route=\/wp\/v2\/users\/1"}],"replies":[{"embeddable":true,"href":"https:\/\/ferbos-jeanfrancois.legtux.org\/index.php?rest_route=%2Fwp%2Fv2%2Fcomments&post=975"}],"version-history":[{"count":5,"href":"https:\/\/ferbos-jeanfrancois.legtux.org\/index.php?rest_route=\/wp\/v2\/posts\/975\/revisions"}],"predecessor-version":[{"id":995,"href":"https:\/\/ferbos-jeanfrancois.legtux.org\/index.php?rest_route=\/wp\/v2\/posts\/975\/revisions\/995"}],"wp:featuredmedia":[{"embeddable":true,"href":"https:\/\/ferbos-jeanfrancois.legtux.org\/index.php?rest_route=\/wp\/v2\/media\/981"}],"wp:attachment":[{"href":"https:\/\/ferbos-jeanfrancois.legtux.org\/index.php?rest_route=%2Fwp%2Fv2%2Fmedia&parent=975"}],"wp:term":[{"taxonomy":"category","embeddable":true,"href":"https:\/\/ferbos-jeanfrancois.legtux.org\/index.php?rest_route=%2Fwp%2Fv2%2Fcategories&post=975"},{"taxonomy":"post_tag","embeddable":true,"href":"https:\/\/ferbos-jeanfrancois.legtux.org\/index.php?rest_route=%2Fwp%2Fv2%2Ftags&post=975"}],"curies":[{"name":"wp","href":"https:\/\/api.w.org\/{rel}","templated":true}]}}